{"id":3102,"date":"2021-04-14T12:48:28","date_gmt":"2021-04-14T15:48:28","guid":{"rendered":"https:\/\/radiorevelacionfm.cl\/?p=3102"},"modified":"2021-04-14T12:48:28","modified_gmt":"2021-04-14T15:48:28","slug":"realizan-reconstitucion-de-escena-por-homicidio-ocurrido-en-marzo-en-sector-alto-de-coyhaique","status":"publish","type":"post","link":"https:\/\/radiorevelacionfm.cl\/?p=3102","title":{"rendered":"Realizan reconstituci\u00f3n de escena por homicidio ocurrido en marzo en sector alto de Coyhaique"},"content":{"rendered":"<div class=\"flex_column av_one_full  flex_column_div av-zero-column-padding first  avia-builder-el-0  el_before_av_one_full  avia-builder-el-first  \" style='border-radius:0px; '><div  class='avia-image-container  av-styling-    avia-builder-el-1  avia-builder-el-no-sibling  avia-align-center '  itemprop=\"image\" itemscope=\"itemscope\" itemtype=\"https:\/\/schema.org\/ImageObject\"  ><div class='avia-image-container-inner'><div class='avia-image-overlay-wrap'><img decoding=\"async\" class='wp-image-3103 avia-img-lazy-loading-not-3103 avia_image' src=\"https:\/\/radiorevelacionfm.cl\/wp-content\/uploads\/2021\/04\/image-11-1.png\" alt='' title='image (11) (1)' height=\"579\" width=\"868\"  itemprop=\"thumbnailUrl\" srcset=\"https:\/\/radiorevelacionfm.cl\/wp-content\/uploads\/2021\/04\/image-11-1.png 868w, https:\/\/radiorevelacionfm.cl\/wp-content\/uploads\/2021\/04\/image-11-1-300x200.png 300w, https:\/\/radiorevelacionfm.cl\/wp-content\/uploads\/2021\/04\/image-11-1-768x512.png 768w, https:\/\/radiorevelacionfm.cl\/wp-content\/uploads\/2021\/04\/image-11-1-705x470.png 705w, https:\/\/radiorevelacionfm.cl\/wp-content\/uploads\/2021\/04\/image-11-1-600x400.png 600w\" sizes=\"(max-width: 868px) 100vw, 868px\" \/><\/div><\/div><\/div><\/div><div class=\"flex_column av_one_full  flex_column_div av-zero-column-padding first  avia-builder-el-2  el_after_av_one_full  el_before_av_one_full  column-top-margin\" style='border-radius:0px; '><section class=\"av_textblock_section \"  itemscope=\"itemscope\" itemtype=\"https:\/\/schema.org\/BlogPosting\" itemprop=\"blogPost\" ><div class='avia_textblock  '   itemprop=\"text\" ><p style=\"text-align: center;\"><span style=\"font-size: 18pt;\"><strong>Realizan reconstituci\u00f3n de escena por homicidio ocurrido en marzo en sector alto de Coyhaique<\/strong><\/span><\/p>\n<div id=\"gtx-trans\" style=\"position: absolute; left: -50px; top: 4.31534px;\">\n<div class=\"gtx-trans-icon\"><\/div>\n<\/div>\n<\/div><\/section><\/div><div class=\"flex_column av_one_full  flex_column_div av-zero-column-padding first  avia-builder-el-4  el_after_av_one_full  el_before_av_hr  column-top-margin\" style='border-radius:0px; '><section class=\"av_textblock_section \"  itemscope=\"itemscope\" itemtype=\"https:\/\/schema.org\/BlogPosting\" itemprop=\"blogPost\" ><div class='avia_textblock  '   itemprop=\"text\" ><p style=\"text-align: justify;\"><em>Imputado concurri\u00f3 a la diligencia al interior de un carro institucional de Gendarmer\u00eda, bajo un fuerte resguardo de seguridad.<\/em><\/p>\n<p style=\"text-align: justify;\">Un equipo multidisciplinario de la Polic\u00eda de Investigaciones de Chile, compuesto por detectives de la Brigada de Homicidios Coyhaique y peritos del Laboratorio de Criminal\u00edstica Regional, junto al Fiscal Adjunto Luis Contreras, concurrieron este martes hasta el pasaje Vicente Huidobro en el sector alto de Coyhaique para realizar una reconstituci\u00f3n de escena por el homicidio de un hombre con un arma de aire comprimido, hecho ocurrido en el mes de marzo.<\/p>\n<p style=\"text-align: justify;\">Al respecto, el Fiscal Luis Contreras, a cargo de la investigaci\u00f3n, record\u00f3 que \u201cestos hechos ocurrieron el d\u00eda 21 de marzo de este a\u00f1o, y a prop\u00f3sito de lo mismo hay una persona detenida en calidad de autor y se est\u00e1 viendo la din\u00e1mica de los hechos, porque \u00e9l entrega una versi\u00f3n que hay que corroborar con los hallazgos del sitio del suceso y la versi\u00f3n que \u00e9l ahora reproduce ante personal de PDI\u201d.<\/p>\n<p style=\"text-align: justify;\">Respecto al trabajo especializado desarrollado por detectives y peritos de la PDI, el Fiscal Contreras indic\u00f3 que \u201cla comparaci\u00f3n que vamos a realizar con los hallazgos en el cuerpo de la v\u00edctima es con una pericia bal\u00edstica que tiene como finalidad establecer en un gel bal\u00edstico la distancia que recorre el proyectil y la distancia que el d\u00eda de hoy pudimos apreciar que el imputado dice que es la distancia en la cual \u00e9l dispar\u00f3\u201d.<\/p>\n<p style=\"text-align: justify;\">Por su parte, el comisario Mauro Guti\u00e9rrez, jefe de la Brigada de Homicidios Coyhaique, se\u00f1al\u00f3 que \u201cel d\u00eda que ocurrieron los hechos se realizaron peritajes fotogr\u00e1ficos, planim\u00e9tricos y bal\u00edsticos donde se levantaron evidencias, las cuales se deben corroborar con la versi\u00f3n del \u00fanico imputado\u201d, agregando que el trabajo cient\u00edfico t\u00e9cnico del Laboratorio de Criminal\u00edstica se plasmar\u00e1 en informes periciales que permitir\u00e1n esclarecer los hechos.<\/p>\n<p style=\"text-align: justify;\">Adem\u00e1s, el jefe de la unidad especializada enfatiz\u00f3 que \u201chay m\u00e1s diligencias que se est\u00e1n desarrollando en el plazo que otorga el Juzgado de Garant\u00eda, se han empadronado testigos y hay evidencia levantada que tiene que ser periciada por el Laboratorio\u201d, complement\u00f3 el comisario Guti\u00e9rrez sobre el trabajo investigativo en curso.<\/p>\n<p style=\"text-align: justify;\">Finalmente, el Fiscal Contreras indic\u00f3 que el imputado est\u00e1 invocando la leg\u00edtima defensa, \u201cpara eso se llev\u00f3 a cabo la diligencia de reconstituci\u00f3n de escena y una vez tengamos todos los elementos llegaremos a una conclusi\u00f3n de c\u00f3mo ocurrieron los hechos\u201d.<\/p>\n<p style=\"text-align: justify;\">El imputado fue conducido -bajo un fuerte resguardo- por funcionarios de Gendarmer\u00eda al interior de un carro institucional hasta el sitio del suceso, lugar donde tambi\u00e9n estuvo presente el abogado defensor penal p\u00fablico asignado a esta causa.<\/p>\n<\/div><\/section><\/div><div  style='height:50px' class='hr hr-invisible   avia-builder-el-6  el_after_av_one_full  el_before_av_social_share '><span class='hr-inner ' ><span class='hr-inner-style'><\/span><\/span><\/div><\/p>\n<div  class='av-social-sharing-box  avia-builder-el-7  el_after_av_hr  el_before_av_hr  '><div class='av-share-box'><h5 class='av-share-link-description av-no-toc '>Compartir esta noticia<\/h5><ul class='av-share-box-list noLightbox'><li class='av-share-link av-social-link-facebook' ><a target=\"_blank\" aria-label=\"Compartir en Facebook\" href='https:\/\/www.facebook.com\/sharer.php?u=https:\/\/radiorevelacionfm.cl\/?p=3102&#038;t=Realizan%20reconstituci%C3%B3n%20de%20escena%20por%20homicidio%20ocurrido%20en%20marzo%20en%20sector%20alto%20de%20Coyhaique' aria-hidden='false' data-av_icon='\ue8f3' data-av_iconfont='entypo-fontello' title='' data-avia-related-tooltip='Compartir en Facebook' rel=\"noopener\"><span class='avia_hidden_link_text'>Compartir en Facebook<\/span><\/a><\/li><li class='av-share-link av-social-link-twitter' ><a target=\"_blank\" aria-label=\"Compartir en Twitter\" href='https:\/\/twitter.com\/share?text=Realizan%20reconstituci%C3%B3n%20de%20escena%20por%20homicidio%20ocurrido%20en%20marzo%20en%20sector%20alto%20de%20Coyhaique&#038;url=https:\/\/radiorevelacionfm.cl\/?p=3102' aria-hidden='false' data-av_icon='\ue8f1' data-av_iconfont='entypo-fontello' title='' data-avia-related-tooltip='Compartir en Twitter' rel=\"noopener\"><span class='avia_hidden_link_text'>Compartir en Twitter<\/span><\/a><\/li><li class='av-share-link av-social-link-whatsapp' ><a target=\"_blank\" aria-label=\"Compartir en Whatsapp\" href='https:\/\/api.whatsapp.com\/send?text=https:\/\/radiorevelacionfm.cl\/?p=3102' aria-hidden='false' data-av_icon='\uf232' data-av_iconfont='entypo-fontello' title='' data-avia-related-tooltip='Compartir en Whatsapp' rel=\"noopener\"><span class='avia_hidden_link_text'>Compartir en Whatsapp<\/span><\/a><\/li><li class='av-share-link av-social-link-linkedin' ><a target=\"_blank\" aria-label=\"Compartir en LinkedIn\" href='https:\/\/linkedin.com\/shareArticle?mini=true&#038;title=Realizan%20reconstituci%C3%B3n%20de%20escena%20por%20homicidio%20ocurrido%20en%20marzo%20en%20sector%20alto%20de%20Coyhaique&#038;url=https:\/\/radiorevelacionfm.cl\/?p=3102' aria-hidden='false' data-av_icon='\ue8fc' data-av_iconfont='entypo-fontello' title='' data-avia-related-tooltip='Compartir en LinkedIn' rel=\"noopener\"><span class='avia_hidden_link_text'>Compartir en LinkedIn<\/span><\/a><\/li><li class='av-share-link av-social-link-mail' ><a  aria-label=\"Compartir por correo\" href='mailto:?subject=Realizan%20reconstituci%C3%B3n%20de%20escena%20por%20homicidio%20ocurrido%20en%20marzo%20en%20sector%20alto%20de%20Coyhaique&#038;body=https:\/\/radiorevelacionfm.cl\/?p=3102' aria-hidden='false' data-av_icon='\ue805' data-av_iconfont='entypo-fontello' title='' data-avia-related-tooltip='Compartir por correo'><span class='avia_hidden_link_text'>Compartir por correo<\/span><\/a><\/li><\/ul><\/div><\/div>\n<div  style='height:50px' class='hr hr-invisible   avia-builder-el-8  el_after_av_social_share  el_before_av_comments_list '><span class='hr-inner ' ><span class='hr-inner-style'><\/span><\/span><\/div>\n<div  class='av-buildercomment  av-blog-meta-html-info-disabled av-blog-meta-tag-disabled  '><\/div>\n","protected":false},"excerpt":{"rendered":"","protected":false},"author":1,"featured_media":3103,"comment_status":"open","ping_status":"open","sticky":false,"template":"","format":"standard","meta":{"footnotes":""},"categories":[36],"tags":[],"class_list":["post-3102","post","type-post","status-publish","format-standard","has-post-thumbnail","hentry","category-policial"],"jetpack_featured_media_url":"https:\/\/radiorevelacionfm.cl\/wp-content\/uploads\/2021\/04\/image-11-1.png","_links":{"self":[{"href":"https:\/\/radiorevelacionfm.cl\/index.php?rest_route=\/wp\/v2\/posts\/3102","targetHints":{"allow":["GET"]}}],"collection":[{"href":"https:\/\/radiorevelacionfm.cl\/index.php?rest_route=\/wp\/v2\/posts"}],"about":[{"href":"https:\/\/radiorevelacionfm.cl\/index.php?rest_route=\/wp\/v2\/types\/post"}],"author":[{"embeddable":true,"href":"https:\/\/radiorevelacionfm.cl\/index.php?rest_route=\/wp\/v2\/users\/1"}],"replies":[{"embeddable":true,"href":"https:\/\/radiorevelacionfm.cl\/index.php?rest_route=%2Fwp%2Fv2%2Fcomments&post=3102"}],"version-history":[{"count":1,"href":"https:\/\/radiorevelacionfm.cl\/index.php?rest_route=\/wp\/v2\/posts\/3102\/revisions"}],"predecessor-version":[{"id":3104,"href":"https:\/\/radiorevelacionfm.cl\/index.php?rest_route=\/wp\/v2\/posts\/3102\/revisions\/3104"}],"wp:featuredmedia":[{"embeddable":true,"href":"https:\/\/radiorevelacionfm.cl\/index.php?rest_route=\/wp\/v2\/media\/3103"}],"wp:attachment":[{"href":"https:\/\/radiorevelacionfm.cl\/index.php?rest_route=%2Fwp%2Fv2%2Fmedia&parent=3102"}],"wp:term":[{"taxonomy":"category","embeddable":true,"href":"https:\/\/radiorevelacionfm.cl\/index.php?rest_route=%2Fwp%2Fv2%2Fcategories&post=3102"},{"taxonomy":"post_tag","embeddable":true,"href":"https:\/\/radiorevelacionfm.cl\/index.php?rest_route=%2Fwp%2Fv2%2Ftags&post=3102"}],"curies":[{"name":"wp","href":"https:\/\/api.w.org\/{rel}","templated":true}]}}