{"id":31016,"date":"2023-05-15T15:25:32","date_gmt":"2023-05-15T18:25:32","guid":{"rendered":"https:\/\/radiorevelacionfm.cl\/?p=31016"},"modified":"2023-05-15T16:13:00","modified_gmt":"2023-05-15T19:13:00","slug":"cerca-de-100-mascotas-reciben-atencion-en-operativo-veterinario-gratuito-en-chile-chico","status":"publish","type":"post","link":"https:\/\/radiorevelacionfm.cl\/?p=31016","title":{"rendered":"Cerca de 100 mascotas reciben atenci\u00f3n en operativo veterinario gratuito en Chile Chico"},"content":{"rendered":"<div class=\"flex_column av_one_full  flex_column_div av-zero-column-padding first  avia-builder-el-0  el_before_av_one_full  avia-builder-el-first  \" style='border-radius:0px; '><div  class='avia-image-container  av-styling-    avia-builder-el-1  avia-builder-el-no-sibling  avia-align-center '  itemprop=\"image\" itemscope=\"itemscope\" itemtype=\"https:\/\/schema.org\/ImageObject\"  ><div class='avia-image-container-inner'><div class='avia-image-overlay-wrap'><img decoding=\"async\" class='wp-image-31017 avia-img-lazy-loading-not-31017 avia_image' src=\"https:\/\/radiorevelacionfm.cl\/wp-content\/uploads\/2023\/05\/perros-y-gatos-6_optimized.jpg\" alt='' title='perros-y-gatos-(6)_optimized' height=\"600\" width=\"800\"  itemprop=\"thumbnailUrl\" srcset=\"https:\/\/radiorevelacionfm.cl\/wp-content\/uploads\/2023\/05\/perros-y-gatos-6_optimized.jpg 800w, https:\/\/radiorevelacionfm.cl\/wp-content\/uploads\/2023\/05\/perros-y-gatos-6_optimized-300x225.jpg 300w, https:\/\/radiorevelacionfm.cl\/wp-content\/uploads\/2023\/05\/perros-y-gatos-6_optimized-768x576.jpg 768w, https:\/\/radiorevelacionfm.cl\/wp-content\/uploads\/2023\/05\/perros-y-gatos-6_optimized-705x529.jpg 705w, https:\/\/radiorevelacionfm.cl\/wp-content\/uploads\/2023\/05\/perros-y-gatos-6_optimized-450x338.jpg 450w, https:\/\/radiorevelacionfm.cl\/wp-content\/uploads\/2023\/05\/perros-y-gatos-6_optimized-600x450.jpg 600w\" sizes=\"(max-width: 800px) 100vw, 800px\" \/><\/div><\/div><\/div><\/div><div class=\"flex_column av_one_full  flex_column_div av-zero-column-padding first  avia-builder-el-2  el_after_av_one_full  el_before_av_one_full  column-top-margin\" style='border-radius:0px; '><section class=\"av_textblock_section \"  itemscope=\"itemscope\" itemtype=\"https:\/\/schema.org\/BlogPosting\" itemprop=\"blogPost\" ><div class='avia_textblock  '   itemprop=\"text\" ><p style=\"text-align: center;\"><strong><span style=\"font-size: 18pt;\">Cerca de 100 mascotas reciben atenci\u00f3n en operativo veterinario gratuito en Chile Chico<\/span><\/strong><\/p>\n<div id=\"gtx-trans\" style=\"position: absolute; left: -50px; top: 4.31534px;\">\n<div class=\"gtx-trans-icon\"><\/div>\n<\/div>\n<\/div><\/section><\/div><div class=\"flex_column av_one_full  flex_column_div av-zero-column-padding first  avia-builder-el-4  el_after_av_one_full  el_before_av_hr  column-top-margin\" style='border-radius:0px; '><section class=\"av_textblock_section \"  itemscope=\"itemscope\" itemtype=\"https:\/\/schema.org\/BlogPosting\" itemprop=\"blogPost\" ><div class='avia_textblock  '   itemprop=\"text\" ><p style=\"text-align: justify;\">Durante el \u00faltimo tiempo en Chile Chico se ha dificultado el acceder a la atenci\u00f3n veterinaria para mascotas, tanto por la falta de profesionales que ejerzan esta labor como por una creciente demanda de vecinos y vecinas de la localidad que son cada vez m\u00e1s conscientes de los cuidados se deben tener para perros y gatos.<\/p>\n<p style=\"text-align: justify;\">Bajo este escenario la brigada animalista de Chile Chico \u201cLo \u00danico que Tengo\u201d se acerc\u00f3 a la Delegaci\u00f3n para buscar alguna soluci\u00f3n a esta problem\u00e1tica, donde fueron recibidas por el Delegado Presidencial Provincial de General Carrera, Crist\u00f3bal Barcel\u00f3 Veas, quien se comprometi\u00f3 a explorar soluciones.<\/p>\n<p style=\"text-align: justify;\">Tras una coordinaci\u00f3n con el Colegio M\u00e9dico Veterinario y la Seremi de Salud Ays\u00e9n, se logr\u00f3 organizar un operativo veterinario gratuito en Chile Chico para la vacunaci\u00f3n antirr\u00e1bica, microchipeo y desparasitaci\u00f3n de cerca de 100 mascotas. Cuidando as\u00ed a los m\u00e1s peque\u00f1os del hogar y cumpliendo los requisitos que se necesitan, por ejemplo, para transitar por territorio argentino.<\/p>\n<p style=\"text-align: justify;\">Ivonne Pinto es due\u00f1a de cuatro perritos, aunque m\u00e1s que due\u00f1a ella destaca que son parte de su familia, y asisti\u00f3 al operativo. Al retirarse cont\u00f3 que \u201cYo ten\u00eda cinco perritos, uno de ellos se me muri\u00f3 por falta de atenci\u00f3n de veterinaria. Ahora, contar con este operativo que est\u00e1 tan organizado y que nos permite salvar a cada una de nuestras mascotas (\u2026) se agradece\u201d a lo que sum\u00f3 \u201cle agradezco a toda la gente que est\u00e1 aqu\u00ed colaborando\u201d cerr\u00f3.<\/p>\n<p style=\"text-align: justify;\">Por su parte uno de los principales gestores de la instancia, el Delegado Presidencial Provincial de General Carrera Crist\u00f3bal Barcel\u00f3 Veas, relat\u00f3 que \u201cquiero destacar y reconocer, primero, que se haya logrado esta gesti\u00f3n coordinada entre el Colegio M\u00e9dico Veterinario, entre la brigada y la Delegaci\u00f3n Presidencial Provincial para poder buscar una soluci\u00f3n y dar, finalmente, una respuesta en el corto plazo a todos los animales, a todas las personas que necesitan traer a sus mascotas para poder tener una atenci\u00f3n y sus vacunas al d\u00eda\u201d cerr\u00f3 la autoridad provincial.<\/p>\n<p style=\"text-align: justify;\">En tanto desde la brigada Lo \u00danico que Tengo, organizaci\u00f3n que present\u00f3 formalmente la problem\u00e1tica ante la Delegaci\u00f3n, se refiri\u00f3 su secretaria Alejandra Fuentealba, quien resalt\u00f3 estar \u201cMuy felices de trabajar con la Delegaci\u00f3n y Colegio M\u00e9dico\u201d agregando que \u201ceste operativo vino a palear todo lo que nos falta en la comuna\u201d, para finalizar cerr\u00f3 diciendo \u201cSe est\u00e1 trabajando con la Delegaci\u00f3n s\u00faper bien y el operativo est\u00e1 ordenado, ha sido una muy buena la recepci\u00f3n de nuestros vecinos\u201d.<\/p>\n<p style=\"text-align: justify;\">Por \u00faltimo desde el Colegio M\u00e9dico Veterinario (COLMEVET) de Ays\u00e9n, se refiri\u00f3 su presidente, Nicol\u00e1s P\u00e9rez, comentando que \u201cEntendiendo que hay una necesidad por una falta de profesionales o m\u00e9dicos veterinarios que hagan cl\u00ednica a animales de compa\u00f1\u00eda en la comuna de Chile Chico, el Delegado Presidencial me contacto como el Presidente del Colegio M\u00e9dico Veterinario en la regi\u00f3n de Ays\u00e9n (\u2026) se planificaron varias actividades y una que nos comprometimos fue venir a hacer una campa\u00f1a de microchipeo y vacunaci\u00f3n antirr\u00e1bica para dar aporte y ayudar a la comunidad en esto que es tan esencial para ellos\u201d cerr\u00f3 el representante del gremio veterinario en Ays\u00e9n.<\/p>\n<p style=\"text-align: justify;\">Desde la Delegaci\u00f3n Presidencial Provincial de General Carrera, se seguir\u00e1 trabajando de manera conjunta con todo tipo de organizaciones de la sociedad civil, para buscar soluciones a problem\u00e1ticas que no siempre pueden ser abarcadas \u00edntegramente por el sector p\u00fablico, pero s\u00ed a trav\u00e9s de una coordinaci\u00f3n p\u00fablico-privada.<\/p>\n<\/div><\/section><\/div><div  style='height:50px' class='hr hr-invisible   avia-builder-el-6  el_after_av_one_full  el_before_av_social_share '><span class='hr-inner ' ><span class='hr-inner-style'><\/span><\/span><\/div><\/p>\n<div  class='av-social-sharing-box  avia-builder-el-7  el_after_av_hr  el_before_av_hr  '><div class='av-share-box'><h5 class='av-share-link-description av-no-toc '>Compartir esta noticia<\/h5><ul class='av-share-box-list noLightbox'><li class='av-share-link av-social-link-facebook' ><a target=\"_blank\" aria-label=\"Compartir en Facebook\" href='https:\/\/www.facebook.com\/sharer.php?u=https:\/\/radiorevelacionfm.cl\/?p=31016&#038;t=Cerca%20de%20100%20mascotas%20reciben%20atenci%C3%B3n%20en%20operativo%20veterinario%20gratuito%20en%20Chile%20Chico' aria-hidden='false' data-av_icon='\ue8f3' data-av_iconfont='entypo-fontello' title='' data-avia-related-tooltip='Compartir en Facebook' rel=\"noopener\"><span class='avia_hidden_link_text'>Compartir en Facebook<\/span><\/a><\/li><li class='av-share-link av-social-link-twitter' ><a target=\"_blank\" aria-label=\"Compartir en Twitter\" href='https:\/\/twitter.com\/share?text=Cerca%20de%20100%20mascotas%20reciben%20atenci%C3%B3n%20en%20operativo%20veterinario%20gratuito%20en%20Chile%20Chico&#038;url=https:\/\/radiorevelacionfm.cl\/?p=31016' aria-hidden='false' data-av_icon='\ue8f1' data-av_iconfont='entypo-fontello' title='' data-avia-related-tooltip='Compartir en Twitter' rel=\"noopener\"><span class='avia_hidden_link_text'>Compartir en Twitter<\/span><\/a><\/li><li class='av-share-link av-social-link-whatsapp' ><a target=\"_blank\" aria-label=\"Compartir en Whatsapp\" href='https:\/\/api.whatsapp.com\/send?text=https:\/\/radiorevelacionfm.cl\/?p=31016' aria-hidden='false' data-av_icon='\uf232' data-av_iconfont='entypo-fontello' title='' data-avia-related-tooltip='Compartir en Whatsapp' rel=\"noopener\"><span class='avia_hidden_link_text'>Compartir en Whatsapp<\/span><\/a><\/li><li class='av-share-link av-social-link-linkedin' ><a target=\"_blank\" aria-label=\"Compartir en LinkedIn\" href='https:\/\/linkedin.com\/shareArticle?mini=true&#038;title=Cerca%20de%20100%20mascotas%20reciben%20atenci%C3%B3n%20en%20operativo%20veterinario%20gratuito%20en%20Chile%20Chico&#038;url=https:\/\/radiorevelacionfm.cl\/?p=31016' aria-hidden='false' data-av_icon='\ue8fc' data-av_iconfont='entypo-fontello' title='' data-avia-related-tooltip='Compartir en LinkedIn' rel=\"noopener\"><span class='avia_hidden_link_text'>Compartir en LinkedIn<\/span><\/a><\/li><li class='av-share-link av-social-link-mail' ><a  aria-label=\"Compartir por correo\" href='mailto:?subject=Cerca%20de%20100%20mascotas%20reciben%20atenci%C3%B3n%20en%20operativo%20veterinario%20gratuito%20en%20Chile%20Chico&#038;body=https:\/\/radiorevelacionfm.cl\/?p=31016' aria-hidden='false' data-av_icon='\ue805' data-av_iconfont='entypo-fontello' title='' data-avia-related-tooltip='Compartir por correo'><span class='avia_hidden_link_text'>Compartir por correo<\/span><\/a><\/li><\/ul><\/div><\/div>\n<div  style='height:50px' class='hr hr-invisible   avia-builder-el-8  el_after_av_social_share  el_before_av_comments_list '><span class='hr-inner ' ><span class='hr-inner-style'><\/span><\/span><\/div>\n<div  class='av-buildercomment  av-blog-meta-html-info-disabled av-blog-meta-tag-disabled  '><\/div>\n","protected":false},"excerpt":{"rendered":"","protected":false},"author":1,"featured_media":31017,"comment_status":"open","ping_status":"open","sticky":false,"template":"","format":"standard","meta":{"footnotes":""},"categories":[38],"tags":[],"class_list":["post-31016","post","type-post","status-publish","format-standard","has-post-thumbnail","hentry","category-regional"],"jetpack_featured_media_url":"https:\/\/radiorevelacionfm.cl\/wp-content\/uploads\/2023\/05\/perros-y-gatos-6_optimized.jpg","_links":{"self":[{"href":"https:\/\/radiorevelacionfm.cl\/index.php?rest_route=\/wp\/v2\/posts\/31016","targetHints":{"allow":["GET"]}}],"collection":[{"href":"https:\/\/radiorevelacionfm.cl\/index.php?rest_route=\/wp\/v2\/posts"}],"about":[{"href":"https:\/\/radiorevelacionfm.cl\/index.php?rest_route=\/wp\/v2\/types\/post"}],"author":[{"embeddable":true,"href":"https:\/\/radiorevelacionfm.cl\/index.php?rest_route=\/wp\/v2\/users\/1"}],"replies":[{"embeddable":true,"href":"https:\/\/radiorevelacionfm.cl\/index.php?rest_route=%2Fwp%2Fv2%2Fcomments&post=31016"}],"version-history":[{"count":1,"href":"https:\/\/radiorevelacionfm.cl\/index.php?rest_route=\/wp\/v2\/posts\/31016\/revisions"}],"predecessor-version":[{"id":31018,"href":"https:\/\/radiorevelacionfm.cl\/index.php?rest_route=\/wp\/v2\/posts\/31016\/revisions\/31018"}],"wp:featuredmedia":[{"embeddable":true,"href":"https:\/\/radiorevelacionfm.cl\/index.php?rest_route=\/wp\/v2\/media\/31017"}],"wp:attachment":[{"href":"https:\/\/radiorevelacionfm.cl\/index.php?rest_route=%2Fwp%2Fv2%2Fmedia&parent=31016"}],"wp:term":[{"taxonomy":"category","embeddable":true,"href":"https:\/\/radiorevelacionfm.cl\/index.php?rest_route=%2Fwp%2Fv2%2Fcategories&post=31016"},{"taxonomy":"post_tag","embeddable":true,"href":"https:\/\/radiorevelacionfm.cl\/index.php?rest_route=%2Fwp%2Fv2%2Ftags&post=31016"}],"curies":[{"name":"wp","href":"https:\/\/api.w.org\/{rel}","templated":true}]}}