{"id":31013,"date":"2023-05-15T14:22:38","date_gmt":"2023-05-15T17:22:38","guid":{"rendered":"https:\/\/radiorevelacionfm.cl\/?p=31013"},"modified":"2023-05-15T14:22:38","modified_gmt":"2023-05-15T17:22:38","slug":"ciudad-del-sol-congrega-a-agentes-culturales-de-la-zona-sur-de-aysen-en-encuentro-territorial","status":"publish","type":"post","link":"https:\/\/radiorevelacionfm.cl\/?p=31013","title":{"rendered":"Ciudad del Sol congrega a agentes culturales de la zona sur de Ays\u00e9n en encuentro territorial"},"content":{"rendered":"<div class=\"flex_column av_one_full  flex_column_div av-zero-column-padding first  avia-builder-el-0  el_before_av_one_full  avia-builder-el-first  \" style='border-radius:0px; '><div  class='avia-image-container  av-styling-    avia-builder-el-1  avia-builder-el-no-sibling  avia-align-center '  itemprop=\"image\" itemscope=\"itemscope\" itemtype=\"https:\/\/schema.org\/ImageObject\"  ><div class='avia-image-container-inner'><div class='avia-image-overlay-wrap'><img decoding=\"async\" class='wp-image-31014 avia-img-lazy-loading-not-31014 avia_image' src=\"https:\/\/radiorevelacionfm.cl\/wp-content\/uploads\/2023\/05\/encuentro-territorial-con-identidad-sur-foto-grupal-1_optimized.jpg\" alt='' title='encuentro-territorial-con-identidad-sur - -foto-grupal-(1)_optimized' height=\"600\" width=\"899\"  itemprop=\"thumbnailUrl\" srcset=\"https:\/\/radiorevelacionfm.cl\/wp-content\/uploads\/2023\/05\/encuentro-territorial-con-identidad-sur-foto-grupal-1_optimized.jpg 899w, https:\/\/radiorevelacionfm.cl\/wp-content\/uploads\/2023\/05\/encuentro-territorial-con-identidad-sur-foto-grupal-1_optimized-300x200.jpg 300w, https:\/\/radiorevelacionfm.cl\/wp-content\/uploads\/2023\/05\/encuentro-territorial-con-identidad-sur-foto-grupal-1_optimized-768x513.jpg 768w, https:\/\/radiorevelacionfm.cl\/wp-content\/uploads\/2023\/05\/encuentro-territorial-con-identidad-sur-foto-grupal-1_optimized-705x471.jpg 705w, https:\/\/radiorevelacionfm.cl\/wp-content\/uploads\/2023\/05\/encuentro-territorial-con-identidad-sur-foto-grupal-1_optimized-450x300.jpg 450w, https:\/\/radiorevelacionfm.cl\/wp-content\/uploads\/2023\/05\/encuentro-territorial-con-identidad-sur-foto-grupal-1_optimized-600x400.jpg 600w\" sizes=\"(max-width: 899px) 100vw, 899px\" \/><\/div><\/div><\/div><\/div><div class=\"flex_column av_one_full  flex_column_div av-zero-column-padding first  avia-builder-el-2  el_after_av_one_full  el_before_av_one_full  column-top-margin\" style='border-radius:0px; '><section class=\"av_textblock_section \"  itemscope=\"itemscope\" itemtype=\"https:\/\/schema.org\/BlogPosting\" itemprop=\"blogPost\" ><div class='avia_textblock  '   itemprop=\"text\" ><p class=\"Cuerpo\" style=\"text-align: center;\"><span class=\"Ninguno\" style=\"font-size: 18pt;\"><b><span lang=\"ES-TRAD\" style=\"line-height: 107%;\">Ciudad del Sol congrega a agentes culturales de la zona sur de Ays\u00e9n en encuentro territorial <\/span><\/b><\/span><\/p>\n<div id=\"gtx-trans\" style=\"position: absolute; left: -50px; top: 4.31534px;\">\n<div class=\"gtx-trans-icon\"><\/div>\n<\/div>\n<\/div><\/section><\/div><div class=\"flex_column av_one_full  flex_column_div av-zero-column-padding first  avia-builder-el-4  el_after_av_one_full  el_before_av_hr  column-top-margin\" style='border-radius:0px; '><section class=\"av_textblock_section \"  itemscope=\"itemscope\" itemtype=\"https:\/\/schema.org\/BlogPosting\" itemprop=\"blogPost\" ><div class='avia_textblock  '   itemprop=\"text\" ><p class=\"Cuerpo\" style=\"text-align: justify;\"><span class=\"Ninguno\"><i><span lang=\"ES-TRAD\">La actividad conllev\u00f3 charlas formativas, el despliegue de puestos de artesan\u00edas en el terminal de buses, el lanzamiento del libro \u201cLa palabra del agua\u201d de la gestora cultural Corina Ainol y la puesta en escena de bandas chilechiquenses.<\/span><\/i><\/span><\/p>\n<p class=\"Cuerpo\" style=\"text-align: justify;\"><span class=\"Ninguno\"><span lang=\"ES-TRAD\">Con representantes de las localidades Caleta Tortel, Cochrane, Puerto Guadal, Bah\u00eda Murta, Villa O\u2019Higgins, Chile Chico y Puerto Ib\u00e1\u00f1ez, la comuna del eterno sol acogi\u00f3 al Encuentro Territorial con Identidad Sur que organiza cada a\u00f1o la Unidad de Ciudadan\u00eda Cultural de la Secretar\u00eda Regional de las Culturas, las Artes y el Patrimonio de Ays\u00e9n. <\/span><\/span><\/p>\n<p class=\"Cuerpo\" style=\"text-align: justify;\"><span class=\"Ninguno\"><span lang=\"ES-TRAD\">A partir del jueves 11 de mayo y hasta el viernes 12, m\u00e1s de 20 artistas, artesanos y encargados de cultura vivieron dos jornadas de intensa capacitaci\u00f3n destinada a consolidar y entregar herramientas de gesti\u00f3n, planificaci\u00f3n y asesoramiento jur\u00eddico. El espacio formativo estuvo encabezado por profesionales proveniente de la Corporaci\u00f3n Social y Cultural Arte y Vida de Coelemu, junto al equipo de la institucionalidad cultural y patrimonial de la regi\u00f3n.<\/span><\/span><\/p>\n<p class=\"Cuerpo\" style=\"text-align: justify;\"><span class=\"Ninguno\"><span lang=\"ES-TRAD\">Desde su formulaci\u00f3n, los encuentros financiados por el programa Fortalecimiento de la Identidad Cultural Regional y el programa Red Cultura han puesto hincapi\u00e9 en los procesos de escucha y di\u00e1logos emanados desde la acci\u00f3n comunitaria para impulsar la elaboraci\u00f3n de proyectos, as\u00ed como de otras \u00e1reas t\u00e9cnicas que contribuyan al quehacer participativo de las comunidades. <\/span><\/span><\/p>\n<p class=\"Cuerpo\" style=\"text-align: justify;\"><span class=\"Ninguno\"><span lang=\"ES-TRAD\">Es en base a estas posibilidades de extender redes que el seremi de Culturas Ays\u00e9n, Felipe Quiroz, sostuvo: \u201cEste tipo de instancias viene a fortalecer y a robustecer los lazos de trabajo colaborativo entre agentes culturales de nuestra regi\u00f3n y tambi\u00e9n a posicionarla como un espacio id\u00f3neo para la creaci\u00f3n art\u00edstica y cultural\u201d. Lo anterior debido a las particularidades del territorio y su conectividad vial que, a pesar de la distancia, logr\u00f3 reunir a representantes de localidades alejadas como es el caso de Puerto Guadal y Villa O\u2019Higgins.<\/span><\/span><\/p>\n<p class=\"Cuerpo\" style=\"text-align: justify;\"><span class=\"Ninguno\"><span lang=\"ES-TRAD\">\u201cFue informaci\u00f3n que sirve mucho\u201d, expres\u00f3 el encargado de Cultura de la Municipalidad de O\u2019Higgins, Daniel Rojas, en relaci\u00f3n a las materias abordadas por la abogada Ivonne Prieto y la revisora financiera Gloria Contreras. \u201cSon temas que los vemos a diarios y muchas veces no sabemos, por lo que tratamos de asesorarnos. Entonces es superrico que esta instancia se haya dado para aclarar esas dudas\u201d, agreg\u00f3. <\/span><\/span><\/p>\n<p class=\"Cuerpo\" style=\"text-align: justify;\"><span class=\"Ninguno\"><span lang=\"ES-TRAD\">El representante de la Mesa de Trabajo Cultural de Villa O\u2019Higgins, Alan Acevedo, puso el acento en los v\u00ednculos: \u201cSe da la opci\u00f3n de que podamos conocer a otras personas que hacen lo mismo que nosotros, generar redes de contacto, as\u00ed que creo que es una muy buena instancia\u201d. <\/span><\/span><\/p>\n<p class=\"Cuerpo\" style=\"text-align: justify;\"><span class=\"Ninguno\"><span lang=\"ES-TRAD\">Similar valoraci\u00f3n es la que realiza Pedro Barr\u00eda de Demencia Records, quien viaj\u00f3 desde Puerto Guadal para asistir a ambas jornadas: \u201cHay cosas que uno no maneja o tiene dudas, y aqu\u00ed uno pudo desarrollar ideas que tiene\u201d. Adem\u00e1s, aclar\u00f3 que las actividades le permitieron reducir las brechas geogr\u00e1ficas con el resto de agentes territoriales de la zona sur al conocerlos de manera directa.<\/span><\/span><\/p>\n<p class=\"Cuerpo\" style=\"text-align: justify;\"><span class=\"Ninguno\"><span lang=\"ES-TRAD\">Desde la Corporaci\u00f3n Social y Cultural Arte y Vida de Coelemu, Ricardo Valderrama, que viene colaborando en materia formativa, y que mantiene una presencia constante del a\u00f1o pasado en los Encuentros Territoriales con Identidad, describi\u00f3 positivamente los avances. \u201cAl encontrarme con ellos pude ver la misma disposici\u00f3n de mejorar sus pr\u00e1cticas y logramos instalar capacidades t\u00e9cnicas, a trav\u00e9s de un trabajo que se va a realizar durante todo este a\u00f1o de manera virtual y presencial\u201d, dijo.<\/span><\/span><\/p>\n<p class=\"Cuerpo\" style=\"text-align: justify;\"><span class=\"Ninguno\"><span lang=\"ES-TRAD\">Cabe mencionar que durante mayo la Unidad de Ciudadan\u00eda Cultural continuar\u00e1 con la articulaci\u00f3n de agentes y organizaciones en la regi\u00f3n. Las pr\u00f3ximas fechas son los d\u00edas 19 y 20 del mes en curso, en que el equipo se desplazar\u00e1 a Villa Ma\u00f1ihuales para trabajar con las comunas de la zona norte. <\/span><\/span><\/p>\n<\/div><\/section><\/div><div  style='height:50px' class='hr hr-invisible   avia-builder-el-6  el_after_av_one_full  el_before_av_social_share '><span class='hr-inner ' ><span class='hr-inner-style'><\/span><\/span><\/div><\/p>\n<div  class='av-social-sharing-box  avia-builder-el-7  el_after_av_hr  el_before_av_hr  '><div class='av-share-box'><h5 class='av-share-link-description av-no-toc '>Compartir esta noticia<\/h5><ul class='av-share-box-list noLightbox'><li class='av-share-link av-social-link-facebook' ><a target=\"_blank\" aria-label=\"Compartir en Facebook\" href='https:\/\/www.facebook.com\/sharer.php?u=https:\/\/radiorevelacionfm.cl\/?p=31013&#038;t=Ciudad%20del%20Sol%20congrega%20a%20agentes%20culturales%20de%20la%20zona%20sur%20de%20Ays%C3%A9n%20en%20encuentro%20territorial' aria-hidden='false' data-av_icon='\ue8f3' data-av_iconfont='entypo-fontello' title='' data-avia-related-tooltip='Compartir en Facebook' rel=\"noopener\"><span class='avia_hidden_link_text'>Compartir en Facebook<\/span><\/a><\/li><li class='av-share-link av-social-link-twitter' ><a target=\"_blank\" aria-label=\"Compartir en Twitter\" href='https:\/\/twitter.com\/share?text=Ciudad%20del%20Sol%20congrega%20a%20agentes%20culturales%20de%20la%20zona%20sur%20de%20Ays%C3%A9n%20en%20encuentro%20territorial&#038;url=https:\/\/radiorevelacionfm.cl\/?p=31013' aria-hidden='false' data-av_icon='\ue8f1' data-av_iconfont='entypo-fontello' title='' data-avia-related-tooltip='Compartir en Twitter' rel=\"noopener\"><span class='avia_hidden_link_text'>Compartir en Twitter<\/span><\/a><\/li><li class='av-share-link av-social-link-whatsapp' ><a target=\"_blank\" aria-label=\"Compartir en Whatsapp\" href='https:\/\/api.whatsapp.com\/send?text=https:\/\/radiorevelacionfm.cl\/?p=31013' aria-hidden='false' data-av_icon='\uf232' data-av_iconfont='entypo-fontello' title='' data-avia-related-tooltip='Compartir en Whatsapp' rel=\"noopener\"><span class='avia_hidden_link_text'>Compartir en Whatsapp<\/span><\/a><\/li><li class='av-share-link av-social-link-linkedin' ><a target=\"_blank\" aria-label=\"Compartir en LinkedIn\" href='https:\/\/linkedin.com\/shareArticle?mini=true&#038;title=Ciudad%20del%20Sol%20congrega%20a%20agentes%20culturales%20de%20la%20zona%20sur%20de%20Ays%C3%A9n%20en%20encuentro%20territorial&#038;url=https:\/\/radiorevelacionfm.cl\/?p=31013' aria-hidden='false' data-av_icon='\ue8fc' data-av_iconfont='entypo-fontello' title='' data-avia-related-tooltip='Compartir en LinkedIn' rel=\"noopener\"><span class='avia_hidden_link_text'>Compartir en LinkedIn<\/span><\/a><\/li><li class='av-share-link av-social-link-mail' ><a  aria-label=\"Compartir por correo\" href='mailto:?subject=Ciudad%20del%20Sol%20congrega%20a%20agentes%20culturales%20de%20la%20zona%20sur%20de%20Ays%C3%A9n%20en%20encuentro%20territorial&#038;body=https:\/\/radiorevelacionfm.cl\/?p=31013' aria-hidden='false' data-av_icon='\ue805' data-av_iconfont='entypo-fontello' title='' data-avia-related-tooltip='Compartir por correo'><span class='avia_hidden_link_text'>Compartir por correo<\/span><\/a><\/li><\/ul><\/div><\/div>\n<div  style='height:50px' class='hr hr-invisible   avia-builder-el-8  el_after_av_social_share  el_before_av_comments_list '><span class='hr-inner ' ><span class='hr-inner-style'><\/span><\/span><\/div>\n<div  class='av-buildercomment  av-blog-meta-html-info-disabled av-blog-meta-tag-disabled  '><\/div>\n","protected":false},"excerpt":{"rendered":"","protected":false},"author":1,"featured_media":31014,"comment_status":"open","ping_status":"open","sticky":false,"template":"","format":"standard","meta":{"footnotes":""},"categories":[52],"tags":[],"class_list":["post-31013","post","type-post","status-publish","format-standard","has-post-thumbnail","hentry","category-cultura"],"jetpack_featured_media_url":"https:\/\/radiorevelacionfm.cl\/wp-content\/uploads\/2023\/05\/encuentro-territorial-con-identidad-sur-foto-grupal-1_optimized.jpg","_links":{"self":[{"href":"https:\/\/radiorevelacionfm.cl\/index.php?rest_route=\/wp\/v2\/posts\/31013","targetHints":{"allow":["GET"]}}],"collection":[{"href":"https:\/\/radiorevelacionfm.cl\/index.php?rest_route=\/wp\/v2\/posts"}],"about":[{"href":"https:\/\/radiorevelacionfm.cl\/index.php?rest_route=\/wp\/v2\/types\/post"}],"author":[{"embeddable":true,"href":"https:\/\/radiorevelacionfm.cl\/index.php?rest_route=\/wp\/v2\/users\/1"}],"replies":[{"embeddable":true,"href":"https:\/\/radiorevelacionfm.cl\/index.php?rest_route=%2Fwp%2Fv2%2Fcomments&post=31013"}],"version-history":[{"count":1,"href":"https:\/\/radiorevelacionfm.cl\/index.php?rest_route=\/wp\/v2\/posts\/31013\/revisions"}],"predecessor-version":[{"id":31015,"href":"https:\/\/radiorevelacionfm.cl\/index.php?rest_route=\/wp\/v2\/posts\/31013\/revisions\/31015"}],"wp:featuredmedia":[{"embeddable":true,"href":"https:\/\/radiorevelacionfm.cl\/index.php?rest_route=\/wp\/v2\/media\/31014"}],"wp:attachment":[{"href":"https:\/\/radiorevelacionfm.cl\/index.php?rest_route=%2Fwp%2Fv2%2Fmedia&parent=31013"}],"wp:term":[{"taxonomy":"category","embeddable":true,"href":"https:\/\/radiorevelacionfm.cl\/index.php?rest_route=%2Fwp%2Fv2%2Fcategories&post=31013"},{"taxonomy":"post_tag","embeddable":true,"href":"https:\/\/radiorevelacionfm.cl\/index.php?rest_route=%2Fwp%2Fv2%2Ftags&post=31013"}],"curies":[{"name":"wp","href":"https:\/\/api.w.org\/{rel}","templated":true}]}}