{"id":31007,"date":"2023-05-15T10:55:23","date_gmt":"2023-05-15T13:55:23","guid":{"rendered":"https:\/\/radiorevelacionfm.cl\/?p=31007"},"modified":"2023-05-15T10:55:23","modified_gmt":"2023-05-15T13:55:23","slug":"encuentro-fundacion-chile-civico-fundacion-konrad-adenauer-en-coyhaique","status":"publish","type":"post","link":"https:\/\/radiorevelacionfm.cl\/?p=31007","title":{"rendered":"Encuentro Fundaci\u00f3n Chile C\u00edvico &#8211; Fundaci\u00f3n  Konrad Adenauer en Coyhaique"},"content":{"rendered":"<div class=\"flex_column av_one_full  flex_column_div av-zero-column-padding first  avia-builder-el-0  el_before_av_one_full  avia-builder-el-first  \" style='border-radius:0px; '><div  class='avia-image-container  av-styling-    avia-builder-el-1  avia-builder-el-no-sibling  avia-align-center '  itemprop=\"image\" itemscope=\"itemscope\" itemtype=\"https:\/\/schema.org\/ImageObject\"  ><div class='avia-image-container-inner'><div class='avia-image-overlay-wrap'><img decoding=\"async\" class='wp-image-31008 avia-img-lazy-loading-not-31008 avia_image' src=\"https:\/\/radiorevelacionfm.cl\/wp-content\/uploads\/2023\/05\/img_2632-2-1_optimized-1.jpg\" alt='' title='img_2632-(2)-(1)_optimized (1)' height=\"600\" width=\"800\"  itemprop=\"thumbnailUrl\" srcset=\"https:\/\/radiorevelacionfm.cl\/wp-content\/uploads\/2023\/05\/img_2632-2-1_optimized-1.jpg 800w, https:\/\/radiorevelacionfm.cl\/wp-content\/uploads\/2023\/05\/img_2632-2-1_optimized-1-300x225.jpg 300w, https:\/\/radiorevelacionfm.cl\/wp-content\/uploads\/2023\/05\/img_2632-2-1_optimized-1-768x576.jpg 768w, https:\/\/radiorevelacionfm.cl\/wp-content\/uploads\/2023\/05\/img_2632-2-1_optimized-1-705x529.jpg 705w, https:\/\/radiorevelacionfm.cl\/wp-content\/uploads\/2023\/05\/img_2632-2-1_optimized-1-450x338.jpg 450w, https:\/\/radiorevelacionfm.cl\/wp-content\/uploads\/2023\/05\/img_2632-2-1_optimized-1-600x450.jpg 600w\" sizes=\"(max-width: 800px) 100vw, 800px\" \/><\/div><\/div><\/div><\/div><div class=\"flex_column av_one_full  flex_column_div av-zero-column-padding first  avia-builder-el-2  el_after_av_one_full  el_before_av_one_full  column-top-margin\" style='border-radius:0px; '><section class=\"av_textblock_section \"  itemscope=\"itemscope\" itemtype=\"https:\/\/schema.org\/BlogPosting\" itemprop=\"blogPost\" ><div class='avia_textblock  '   itemprop=\"text\" ><p style=\"text-align: center;\"><span style=\"font-size: 18pt;\"><b>Encuentro Fundaci\u00f3n Chile C\u00edvico &#8211; Fundaci\u00f3n\u00a0 Konrad Adenauer en Coyhaique<\/b><\/span><\/p>\n<div id=\"gtx-trans\" style=\"position: absolute; left: -50px; top: 4.31534px;\">\n<div class=\"gtx-trans-icon\"><\/div>\n<\/div>\n<\/div><\/section><\/div><div class=\"flex_column av_one_full  flex_column_div av-zero-column-padding first  avia-builder-el-4  el_after_av_one_full  el_before_av_hr  column-top-margin\" style='border-radius:0px; '><section class=\"av_textblock_section \"  itemscope=\"itemscope\" itemtype=\"https:\/\/schema.org\/BlogPosting\" itemprop=\"blogPost\" ><div class='avia_textblock  '   itemprop=\"text\" ><p style=\"text-align: justify;\">En Coyhaique, el s\u00e1bado 13 de mayo de 2023 se realiz\u00f3 en el hotel n\u00f3mades el lanzamiento del programa \u00abciclo de pol\u00edtica, juventud y futuro: desaf\u00edos nacionales regionales y locales\u00bb en una colaboraci\u00f3n entre la fundaci\u00f3n Chile C\u00edvico y la fundaci\u00f3n Konrad Adenauer (KAS), organizaci\u00f3n pol\u00edtica ligada a la Uni\u00f3n Dem\u00f3crata Cristiana (CDU) Alemana.<\/p>\n<p style=\"text-align: justify;\">La actividad consisti\u00f3 en una clase magistral dictada por el abogado y acad\u00e9mico de la Universidad de Chile, Sergio Micco, donde se abordaron temas como la democracia, el estado de derecho, la libertad y el fortalecimiento del centro pol\u00edtico.<\/p>\n<p style=\"text-align: justify;\">Esta, concluy\u00f3 con un conversatorio sobre los grandes temas contingentes que afectan a nuestro pa\u00eds y nuestra regi\u00f3n, del cual participaron j\u00f3venes profesionales de la regi\u00f3n y se expusieron los resultados a la diputada Marcia Raphael y el alcalde de la comuna, Carlos Gatica.<\/p>\n<div style=\"text-align: justify;\">El rol de la fundaci\u00f3n Chile c\u00edvico es generar espacios de encuentro entre la pol\u00edtica, la academia y la sociedad civil con la finalidad de promover los valores democr\u00e1ticos.<\/div>\n<div style=\"text-align: justify;\"><\/div>\n<div style=\"text-align: justify;\">La diputada RN Marcia Raphael valoro profundamente el esfuerzo realizado por ambas fundaciones al priorizar la regi\u00f3n de Ays\u00e9n para el lanzamiento de este ciclo de charlas, asegurando que es una tremenda oportunidad para los j\u00f3venes y fomentar su participaci\u00f3n en pol\u00edtica, en el mundo c\u00edvico y en la toma de decisiones, la diputada aprovech\u00f3 la instancia de invitar a los j\u00f3venes a involucrarse de manera activa y ser part\u00edcipes de las soluciones que aportan al desarrollo de la regi\u00f3n de Ays\u00e9n.<\/div>\n<div style=\"text-align: justify;\"><\/div>\n<div style=\"text-align: justify;\">Mientras que el Edil Comunal Carlos Gatica de la democracia cristiana manifest\u00f3\u00a0irse muy contento de la actividad, agradeciendo el espacio de di\u00e1logo y conversaci\u00f3n donde hubo una alta participaci\u00f3n de j\u00f3venes, felicitando el esfuerzo conjunto de ambas fundaciones al promover este tipo de actividades de fortalecimiento a la democracia.<\/div>\n<\/div><\/section><\/div><div  style='height:50px' class='hr hr-invisible   avia-builder-el-6  el_after_av_one_full  el_before_av_social_share '><span class='hr-inner ' ><span class='hr-inner-style'><\/span><\/span><\/div><\/p>\n<div  class='av-social-sharing-box  avia-builder-el-7  el_after_av_hr  el_before_av_hr  '><div class='av-share-box'><h5 class='av-share-link-description av-no-toc '>Compartir esta noticia<\/h5><ul class='av-share-box-list noLightbox'><li class='av-share-link av-social-link-facebook' ><a target=\"_blank\" aria-label=\"Compartir en Facebook\" href='https:\/\/www.facebook.com\/sharer.php?u=https:\/\/radiorevelacionfm.cl\/?p=31007&#038;t=Encuentro%20Fundaci%C3%B3n%20Chile%20C%C3%ADvico%20%E2%80%93%20Fundaci%C3%B3n%20%20Konrad%20Adenauer%20en%20Coyhaique' aria-hidden='false' data-av_icon='\ue8f3' data-av_iconfont='entypo-fontello' title='' data-avia-related-tooltip='Compartir en Facebook' rel=\"noopener\"><span class='avia_hidden_link_text'>Compartir en Facebook<\/span><\/a><\/li><li class='av-share-link av-social-link-twitter' ><a target=\"_blank\" aria-label=\"Compartir en Twitter\" href='https:\/\/twitter.com\/share?text=Encuentro%20Fundaci%C3%B3n%20Chile%20C%C3%ADvico%20%E2%80%93%20Fundaci%C3%B3n%20%20Konrad%20Adenauer%20en%20Coyhaique&#038;url=https:\/\/radiorevelacionfm.cl\/?p=31007' aria-hidden='false' data-av_icon='\ue8f1' data-av_iconfont='entypo-fontello' title='' data-avia-related-tooltip='Compartir en Twitter' rel=\"noopener\"><span class='avia_hidden_link_text'>Compartir en Twitter<\/span><\/a><\/li><li class='av-share-link av-social-link-whatsapp' ><a target=\"_blank\" aria-label=\"Compartir en Whatsapp\" href='https:\/\/api.whatsapp.com\/send?text=https:\/\/radiorevelacionfm.cl\/?p=31007' aria-hidden='false' data-av_icon='\uf232' data-av_iconfont='entypo-fontello' title='' data-avia-related-tooltip='Compartir en Whatsapp' rel=\"noopener\"><span class='avia_hidden_link_text'>Compartir en Whatsapp<\/span><\/a><\/li><li class='av-share-link av-social-link-linkedin' ><a target=\"_blank\" aria-label=\"Compartir en LinkedIn\" href='https:\/\/linkedin.com\/shareArticle?mini=true&#038;title=Encuentro%20Fundaci%C3%B3n%20Chile%20C%C3%ADvico%20%E2%80%93%20Fundaci%C3%B3n%20%20Konrad%20Adenauer%20en%20Coyhaique&#038;url=https:\/\/radiorevelacionfm.cl\/?p=31007' aria-hidden='false' data-av_icon='\ue8fc' data-av_iconfont='entypo-fontello' title='' data-avia-related-tooltip='Compartir en LinkedIn' rel=\"noopener\"><span class='avia_hidden_link_text'>Compartir en LinkedIn<\/span><\/a><\/li><li class='av-share-link av-social-link-mail' ><a  aria-label=\"Compartir por correo\" href='mailto:?subject=Encuentro%20Fundaci%C3%B3n%20Chile%20C%C3%ADvico%20%E2%80%93%20Fundaci%C3%B3n%20%20Konrad%20Adenauer%20en%20Coyhaique&#038;body=https:\/\/radiorevelacionfm.cl\/?p=31007' aria-hidden='false' data-av_icon='\ue805' data-av_iconfont='entypo-fontello' title='' data-avia-related-tooltip='Compartir por correo'><span class='avia_hidden_link_text'>Compartir por correo<\/span><\/a><\/li><\/ul><\/div><\/div>\n<div  style='height:50px' class='hr hr-invisible   avia-builder-el-8  el_after_av_social_share  el_before_av_comments_list '><span class='hr-inner ' ><span class='hr-inner-style'><\/span><\/span><\/div>\n<div  class='av-buildercomment  av-blog-meta-html-info-disabled av-blog-meta-tag-disabled  '><\/div>\n","protected":false},"excerpt":{"rendered":"","protected":false},"author":1,"featured_media":31008,"comment_status":"open","ping_status":"open","sticky":false,"template":"","format":"standard","meta":{"footnotes":""},"categories":[35],"tags":[],"class_list":["post-31007","post","type-post","status-publish","format-standard","has-post-thumbnail","hentry","category-politica"],"jetpack_featured_media_url":"https:\/\/radiorevelacionfm.cl\/wp-content\/uploads\/2023\/05\/img_2632-2-1_optimized-1.jpg","_links":{"self":[{"href":"https:\/\/radiorevelacionfm.cl\/index.php?rest_route=\/wp\/v2\/posts\/31007","targetHints":{"allow":["GET"]}}],"collection":[{"href":"https:\/\/radiorevelacionfm.cl\/index.php?rest_route=\/wp\/v2\/posts"}],"about":[{"href":"https:\/\/radiorevelacionfm.cl\/index.php?rest_route=\/wp\/v2\/types\/post"}],"author":[{"embeddable":true,"href":"https:\/\/radiorevelacionfm.cl\/index.php?rest_route=\/wp\/v2\/users\/1"}],"replies":[{"embeddable":true,"href":"https:\/\/radiorevelacionfm.cl\/index.php?rest_route=%2Fwp%2Fv2%2Fcomments&post=31007"}],"version-history":[{"count":1,"href":"https:\/\/radiorevelacionfm.cl\/index.php?rest_route=\/wp\/v2\/posts\/31007\/revisions"}],"predecessor-version":[{"id":31009,"href":"https:\/\/radiorevelacionfm.cl\/index.php?rest_route=\/wp\/v2\/posts\/31007\/revisions\/31009"}],"wp:featuredmedia":[{"embeddable":true,"href":"https:\/\/radiorevelacionfm.cl\/index.php?rest_route=\/wp\/v2\/media\/31008"}],"wp:attachment":[{"href":"https:\/\/radiorevelacionfm.cl\/index.php?rest_route=%2Fwp%2Fv2%2Fmedia&parent=31007"}],"wp:term":[{"taxonomy":"category","embeddable":true,"href":"https:\/\/radiorevelacionfm.cl\/index.php?rest_route=%2Fwp%2Fv2%2Fcategories&post=31007"},{"taxonomy":"post_tag","embeddable":true,"href":"https:\/\/radiorevelacionfm.cl\/index.php?rest_route=%2Fwp%2Fv2%2Ftags&post=31007"}],"curies":[{"name":"wp","href":"https:\/\/api.w.org\/{rel}","templated":true}]}}