{"id":31004,"date":"2023-05-15T11:35:57","date_gmt":"2023-05-15T14:35:57","guid":{"rendered":"https:\/\/radiorevelacionfm.cl\/?p=31004"},"modified":"2023-05-15T11:35:57","modified_gmt":"2023-05-15T14:35:57","slug":"como-desastroso-y-fatal-califico-alcalde-de-guaitecas-el-proyecto-de-ley-que-permitiria-a-los-pescadores-artesanales-desempenar-labores-extractivas-en-cualquier-region-del-pais","status":"publish","type":"post","link":"https:\/\/radiorevelacionfm.cl\/?p=31004","title":{"rendered":"Como desastroso y fatal calific\u00f3 alcalde de Guaitecas el proyecto de ley que permitir\u00eda a los pescadores artesanales desempe\u00f1ar labores extractivas en cualquier regi\u00f3n del pa\u00eds"},"content":{"rendered":"<div class=\"flex_column av_one_full  flex_column_div av-zero-column-padding first  avia-builder-el-0  el_before_av_one_full  avia-builder-el-first  \" style='border-radius:0px; '><div  class='avia-image-container  av-styling-    avia-builder-el-1  avia-builder-el-no-sibling  avia-align-center '  itemprop=\"image\" itemscope=\"itemscope\" itemtype=\"https:\/\/schema.org\/ImageObject\"  ><div class='avia-image-container-inner'><div class='avia-image-overlay-wrap'><img decoding=\"async\" class='wp-image-31005 avia-img-lazy-loading-not-31005 avia_image' src=\"https:\/\/radiorevelacionfm.cl\/wp-content\/uploads\/2023\/05\/IMG-20220920-WA0008-1-1.jpg\" alt='' title='IMG-20220920-WA0008 (1) (1)' height=\"600\" width=\"777\"  itemprop=\"thumbnailUrl\" srcset=\"https:\/\/radiorevelacionfm.cl\/wp-content\/uploads\/2023\/05\/IMG-20220920-WA0008-1-1.jpg 777w, https:\/\/radiorevelacionfm.cl\/wp-content\/uploads\/2023\/05\/IMG-20220920-WA0008-1-1-300x232.jpg 300w, https:\/\/radiorevelacionfm.cl\/wp-content\/uploads\/2023\/05\/IMG-20220920-WA0008-1-1-768x593.jpg 768w, https:\/\/radiorevelacionfm.cl\/wp-content\/uploads\/2023\/05\/IMG-20220920-WA0008-1-1-705x544.jpg 705w, https:\/\/radiorevelacionfm.cl\/wp-content\/uploads\/2023\/05\/IMG-20220920-WA0008-1-1-450x347.jpg 450w, https:\/\/radiorevelacionfm.cl\/wp-content\/uploads\/2023\/05\/IMG-20220920-WA0008-1-1-600x463.jpg 600w\" sizes=\"(max-width: 777px) 100vw, 777px\" \/><\/div><\/div><\/div><\/div><div class=\"flex_column av_one_full  flex_column_div av-zero-column-padding first  avia-builder-el-2  el_after_av_one_full  el_before_av_one_full  column-top-margin\" style='border-radius:0px; '><section class=\"av_textblock_section \"  itemscope=\"itemscope\" itemtype=\"https:\/\/schema.org\/BlogPosting\" itemprop=\"blogPost\" ><div class='avia_textblock  '   itemprop=\"text\" ><p style=\"text-align: center;\"><strong><span style=\"font-size: 18pt;\">Como desastroso y fatal calific\u00f3 alcalde de Guaitecas el proyecto de ley que permitir\u00eda a los pescadores artesanales desempe\u00f1ar labores extractivas en cualquier regi\u00f3n del pa\u00eds<\/span><\/strong><\/p>\n<div id=\"gtx-trans\" style=\"position: absolute; left: -50px; top: 4.31534px;\">\n<div class=\"gtx-trans-icon\"><\/div>\n<\/div>\n<\/div><\/section><\/div><div class=\"flex_column av_one_full  flex_column_div av-zero-column-padding first  avia-builder-el-4  el_after_av_one_full  el_before_av_hr  column-top-margin\" style='border-radius:0px; '><section class=\"av_textblock_section \"  itemscope=\"itemscope\" itemtype=\"https:\/\/schema.org\/BlogPosting\" itemprop=\"blogPost\" ><div class='avia_textblock  '   itemprop=\"text\" ><p style=\"text-align: justify;\">Preocupado se manifest\u00f3 el alcalde de Guaitecas Marcos Silva por el proyecto de ley que se est\u00e1 discutiendo en el Congreso Nacional, que modificar\u00eda la Ley General de Pesca y Acuicultura y que permitir\u00eda a los pescadores artesanales desempe\u00f1ar labores extractivas en cualquier regi\u00f3n del pa\u00eds.<\/p>\n<p style=\"text-align: justify;\">Se trata de una iniciativa parlamentaria iniciada en moci\u00f3n durante el a\u00f1o 2022, que a juicio del alcalde de Guaitecas; Marcos Silva, representa una amenaza para los intereses del sector pesquero artesanal de la regi\u00f3n y de la comuna.<\/p>\n<p style=\"text-align: justify;\">Por otro lado, la autoridad comunal manifest\u00f3 su preocupaci\u00f3n por la escasa socializaci\u00f3n y discusi\u00f3n que ha tenido esta iniciativa parlamentaria entre quienes se pudieran ver afectados por ella.<\/p>\n<p style=\"text-align: justify;\">\u201cNo cabe duda de que es una amenaza y por eso para nosotros esto es muy importantes, pues yo vengo del mundo pesquero, fui dirigente por muchos a\u00f1os y tuve la posibilidad de estar en muchas instancias de discusi\u00f3n de pol\u00edticas pesqueras y cuando hoy d\u00eda se hacen leyes y las ignoramos porque no nos enteramos, nos encontramos luego con la embarrada y pretender generar esta ley que permitir\u00eda el traspaso de personas de regi\u00f3n en regi\u00f3n ser\u00eda desastroso\u201d, dijo el alcalde Marcos Silva.<\/p>\n<p style=\"text-align: justify;\">Por otro lado, la autoridad comunal se\u00f1al\u00f3 que le preocupa el avance de este tipo de iniciativas, que van en una direcci\u00f3n absolutamente contraria a lo que, por ejemplo, se est\u00e1 pensando y haciendo en Guaitecas, y que tiene que ver con el cuidado y protecci\u00f3n de los recursos.<\/p>\n<p style=\"text-align: justify;\">\u201cEs poner mucha m\u00e1s gente a una actividad que viene en decadencia. Nosotros podemos estar en desacuerdo con las zonas contiguas, o podemos estar de acuerdo y permitir que un grupo de buzos operen en nuestra regi\u00f3n, pero en paralelo se est\u00e1 legislando para que los extractores pasen a cualquier regi\u00f3n: eso ser\u00eda fatal\u201d, dijo finalmente el alcalde de Guaitecas, Marcos Silva.<\/p>\n<p style=\"text-align: justify;\">Por \u00faltimo, la autoridad comunal indic\u00f3 que desde el municipio y la comuna en general se estar\u00e1 atento al desarrollo de esta iniciativa, que como se indic\u00f3, permitir\u00eda a los pescadores artesanales desempe\u00f1ar labores extractivas en cualquier regi\u00f3n del pa\u00eds.<\/p>\n<\/div><\/section><\/div><div  style='height:50px' class='hr hr-invisible   avia-builder-el-6  el_after_av_one_full  el_before_av_social_share '><span class='hr-inner ' ><span class='hr-inner-style'><\/span><\/span><\/div><\/p>\n<div  class='av-social-sharing-box  avia-builder-el-7  el_after_av_hr  el_before_av_hr  '><div class='av-share-box'><h5 class='av-share-link-description av-no-toc '>Compartir esta noticia<\/h5><ul class='av-share-box-list noLightbox'><li class='av-share-link av-social-link-facebook' ><a target=\"_blank\" aria-label=\"Compartir en Facebook\" href='https:\/\/www.facebook.com\/sharer.php?u=https:\/\/radiorevelacionfm.cl\/?p=31004&#038;t=Como%20desastroso%20y%20fatal%20calific%C3%B3%20alcalde%20de%20Guaitecas%20el%20proyecto%20de%20ley%20que%20permitir%C3%ADa%20a%20los%20pescadores%20artesanales%20desempe%C3%B1ar%20labores%20extractivas%20en%20cualquier%20regi%C3%B3n%20del%20pa%C3%ADs' aria-hidden='false' data-av_icon='\ue8f3' data-av_iconfont='entypo-fontello' title='' data-avia-related-tooltip='Compartir en Facebook' rel=\"noopener\"><span class='avia_hidden_link_text'>Compartir en Facebook<\/span><\/a><\/li><li class='av-share-link av-social-link-twitter' ><a target=\"_blank\" aria-label=\"Compartir en Twitter\" href='https:\/\/twitter.com\/share?text=Como%20desastroso%20y%20fatal%20calific%C3%B3%20alcalde%20de%20Guaitecas%20el%20proyecto%20de%20ley%20que%20permitir%C3%ADa%20a%20los%20pescadores%20artesanales%20desempe%C3%B1ar%20labores%20extractivas%20en%20cualquier%20regi%C3%B3n%20del%20pa%C3%ADs&#038;url=https:\/\/radiorevelacionfm.cl\/?p=31004' aria-hidden='false' data-av_icon='\ue8f1' data-av_iconfont='entypo-fontello' title='' data-avia-related-tooltip='Compartir en Twitter' rel=\"noopener\"><span class='avia_hidden_link_text'>Compartir en Twitter<\/span><\/a><\/li><li class='av-share-link av-social-link-whatsapp' ><a target=\"_blank\" aria-label=\"Compartir en Whatsapp\" href='https:\/\/api.whatsapp.com\/send?text=https:\/\/radiorevelacionfm.cl\/?p=31004' aria-hidden='false' data-av_icon='\uf232' data-av_iconfont='entypo-fontello' title='' data-avia-related-tooltip='Compartir en Whatsapp' rel=\"noopener\"><span class='avia_hidden_link_text'>Compartir en Whatsapp<\/span><\/a><\/li><li class='av-share-link av-social-link-linkedin' ><a target=\"_blank\" aria-label=\"Compartir en LinkedIn\" href='https:\/\/linkedin.com\/shareArticle?mini=true&#038;title=Como%20desastroso%20y%20fatal%20calific%C3%B3%20alcalde%20de%20Guaitecas%20el%20proyecto%20de%20ley%20que%20permitir%C3%ADa%20a%20los%20pescadores%20artesanales%20desempe%C3%B1ar%20labores%20extractivas%20en%20cualquier%20regi%C3%B3n%20del%20pa%C3%ADs&#038;url=https:\/\/radiorevelacionfm.cl\/?p=31004' aria-hidden='false' data-av_icon='\ue8fc' data-av_iconfont='entypo-fontello' title='' data-avia-related-tooltip='Compartir en LinkedIn' rel=\"noopener\"><span class='avia_hidden_link_text'>Compartir en LinkedIn<\/span><\/a><\/li><li class='av-share-link av-social-link-mail' ><a  aria-label=\"Compartir por correo\" href='mailto:?subject=Como%20desastroso%20y%20fatal%20calific%C3%B3%20alcalde%20de%20Guaitecas%20el%20proyecto%20de%20ley%20que%20permitir%C3%ADa%20a%20los%20pescadores%20artesanales%20desempe%C3%B1ar%20labores%20extractivas%20en%20cualquier%20regi%C3%B3n%20del%20pa%C3%ADs&#038;body=https:\/\/radiorevelacionfm.cl\/?p=31004' aria-hidden='false' data-av_icon='\ue805' data-av_iconfont='entypo-fontello' title='' data-avia-related-tooltip='Compartir por correo'><span class='avia_hidden_link_text'>Compartir por correo<\/span><\/a><\/li><\/ul><\/div><\/div>\n<div  style='height:50px' class='hr hr-invisible   avia-builder-el-8  el_after_av_social_share  el_before_av_comments_list '><span class='hr-inner ' ><span class='hr-inner-style'><\/span><\/span><\/div>\n<div  class='av-buildercomment  av-blog-meta-html-info-disabled av-blog-meta-tag-disabled  '><\/div>\n","protected":false},"excerpt":{"rendered":"","protected":false},"author":1,"featured_media":31005,"comment_status":"open","ping_status":"open","sticky":false,"template":"","format":"standard","meta":{"footnotes":""},"categories":[38],"tags":[],"class_list":["post-31004","post","type-post","status-publish","format-standard","has-post-thumbnail","hentry","category-regional"],"jetpack_featured_media_url":"https:\/\/radiorevelacionfm.cl\/wp-content\/uploads\/2023\/05\/IMG-20220920-WA0008-1-1.jpg","_links":{"self":[{"href":"https:\/\/radiorevelacionfm.cl\/index.php?rest_route=\/wp\/v2\/posts\/31004","targetHints":{"allow":["GET"]}}],"collection":[{"href":"https:\/\/radiorevelacionfm.cl\/index.php?rest_route=\/wp\/v2\/posts"}],"about":[{"href":"https:\/\/radiorevelacionfm.cl\/index.php?rest_route=\/wp\/v2\/types\/post"}],"author":[{"embeddable":true,"href":"https:\/\/radiorevelacionfm.cl\/index.php?rest_route=\/wp\/v2\/users\/1"}],"replies":[{"embeddable":true,"href":"https:\/\/radiorevelacionfm.cl\/index.php?rest_route=%2Fwp%2Fv2%2Fcomments&post=31004"}],"version-history":[{"count":1,"href":"https:\/\/radiorevelacionfm.cl\/index.php?rest_route=\/wp\/v2\/posts\/31004\/revisions"}],"predecessor-version":[{"id":31006,"href":"https:\/\/radiorevelacionfm.cl\/index.php?rest_route=\/wp\/v2\/posts\/31004\/revisions\/31006"}],"wp:featuredmedia":[{"embeddable":true,"href":"https:\/\/radiorevelacionfm.cl\/index.php?rest_route=\/wp\/v2\/media\/31005"}],"wp:attachment":[{"href":"https:\/\/radiorevelacionfm.cl\/index.php?rest_route=%2Fwp%2Fv2%2Fmedia&parent=31004"}],"wp:term":[{"taxonomy":"category","embeddable":true,"href":"https:\/\/radiorevelacionfm.cl\/index.php?rest_route=%2Fwp%2Fv2%2Fcategories&post=31004"},{"taxonomy":"post_tag","embeddable":true,"href":"https:\/\/radiorevelacionfm.cl\/index.php?rest_route=%2Fwp%2Fv2%2Ftags&post=31004"}],"curies":[{"name":"wp","href":"https:\/\/api.w.org\/{rel}","templated":true}]}}