{"id":30993,"date":"2023-05-14T16:32:02","date_gmt":"2023-05-14T19:32:02","guid":{"rendered":"https:\/\/radiorevelacionfm.cl\/?p=30993"},"modified":"2023-05-14T16:32:02","modified_gmt":"2023-05-14T19:32:02","slug":"con-gran-entusiasmo-madres-del-area-continental-de-cisnes-celebraron-su-dia","status":"publish","type":"post","link":"https:\/\/radiorevelacionfm.cl\/?p=30993","title":{"rendered":"Con gran entusiasmo Madres del \u00e1rea continental de Cisnes celebraron su d\u00eda"},"content":{"rendered":"<div class=\"flex_column av_one_full  flex_column_div av-zero-column-padding first  avia-builder-el-0  el_before_av_one_full  avia-builder-el-first  \" style='border-radius:0px; '><div  class='avia-image-container  av-styling-    avia-builder-el-1  avia-builder-el-no-sibling  avia-align-center '  itemprop=\"image\" itemscope=\"itemscope\" itemtype=\"https:\/\/schema.org\/ImageObject\"  ><div class='avia-image-container-inner'><div class='avia-image-overlay-wrap'><img decoding=\"async\" class='wp-image-30996 avia-img-lazy-loading-not-30996 avia_image' src=\"https:\/\/radiorevelacionfm.cl\/wp-content\/uploads\/2023\/05\/dia-madre-14_optimized.jpg\" alt='' title='dia-madre-14_optimized' height=\"608\" width=\"1080\"  itemprop=\"thumbnailUrl\" srcset=\"https:\/\/radiorevelacionfm.cl\/wp-content\/uploads\/2023\/05\/dia-madre-14_optimized.jpg 1080w, https:\/\/radiorevelacionfm.cl\/wp-content\/uploads\/2023\/05\/dia-madre-14_optimized-300x169.jpg 300w, https:\/\/radiorevelacionfm.cl\/wp-content\/uploads\/2023\/05\/dia-madre-14_optimized-1030x580.jpg 1030w, https:\/\/radiorevelacionfm.cl\/wp-content\/uploads\/2023\/05\/dia-madre-14_optimized-768x432.jpg 768w, https:\/\/radiorevelacionfm.cl\/wp-content\/uploads\/2023\/05\/dia-madre-14_optimized-705x397.jpg 705w, https:\/\/radiorevelacionfm.cl\/wp-content\/uploads\/2023\/05\/dia-madre-14_optimized-450x253.jpg 450w, https:\/\/radiorevelacionfm.cl\/wp-content\/uploads\/2023\/05\/dia-madre-14_optimized-600x338.jpg 600w\" sizes=\"(max-width: 1080px) 100vw, 1080px\" \/><\/div><\/div><\/div><\/div><div class=\"flex_column av_one_full  flex_column_div av-zero-column-padding first  avia-builder-el-2  el_after_av_one_full  el_before_av_one_full  column-top-margin\" style='border-radius:0px; '><section class=\"av_textblock_section \"  itemscope=\"itemscope\" itemtype=\"https:\/\/schema.org\/BlogPosting\" itemprop=\"blogPost\" ><div class='avia_textblock  '   itemprop=\"text\" ><p style=\"text-align: center;\"><strong><span style=\"font-size: 18pt;\">Con gran entusiasmo Madres del \u00e1rea continental de Cisnes celebraron su d\u00eda<\/span><\/strong><\/p>\n<div id=\"gtx-trans\" style=\"position: absolute; left: -50px; top: 4.31534px;\">\n<div class=\"gtx-trans-icon\"><\/div>\n<\/div>\n<\/div><\/section><\/div><\/p>\n<div class=\"flex_column av_one_full  flex_column_div av-zero-column-padding first  avia-builder-el-4  el_after_av_one_full  el_before_av_hr  column-top-margin\" style='border-radius:0px; '><section class=\"av_textblock_section \"  itemscope=\"itemscope\" itemtype=\"https:\/\/schema.org\/BlogPosting\" itemprop=\"blogPost\" ><div class='avia_textblock  '   itemprop=\"text\" ><p style=\"text-align: justify;\">En Puerto Ra\u00fal Mar\u00edn Balmaceda, La Junta, Puyuhuapi y Puerto Cisnes, la Municipalidad organiz\u00f3 actividades para celebrar el D\u00eda de la Madre, jornadas dedicadas exclusivamente para ellas, con una atenci\u00f3n especial y las gratas canciones de Fernando Vargas, doble de Am\u00e9rico.<\/p>\n<p style=\"text-align: justify;\">El Alcalde Francisco Roncagliolo Lepio, destac\u00f3 lo realizado y confirm\u00f3 que en los pr\u00f3ximos d\u00edas se replicar\u00e1 en las localidades del litoral de la comuna de Cisnes.<\/p>\n<p style=\"text-align: justify;\">\u201cComo Municipalidad y como cada a\u00f1o, estamos muy contentos de poder celebrar el D\u00eda de la Madre dentro de nuestra comuna, en cada una de las localidades de la parte continental, Ra\u00fal Mar\u00edn Balmaceda, La Junta, Puyuhuapi, Cisnes y prontamente vamos a estar en el litoral. La idea es que, nuestro Municipio las pueda festejar en cada rinc\u00f3n de la comuna y con eso tambi\u00e9n reconocerlas, por todo el apoyo, todo el empuje y todo el acompa\u00f1amiento que nos han hecho siempre\u201d.<\/p>\n<p style=\"text-align: justify;\">Por su parte, Jacqueline Carrasco, encargada de organizaciones comunitarias de la Municipalidad de Cisnes, se mostr\u00f3 feliz con el resultado de las actividades. \u201cMuy bueno, muy exitoso, las mamitas disfrutaron mucho y eso para nosotros como Municipalidad, para nuestro Alcalde, los Concejales, es muy enriquecedor, porque se hace con mucho cari\u00f1o. As\u00ed es que, muy contenta, muy feliz, de que esta actividad haya sido de muy buena manera y las mamitas hayan disfrutado al m\u00e1ximo\u201d.<\/p>\n<p style=\"text-align: justify;\">El ritmo y la m\u00fasica en estas jornadas, estuvo a cargo del doble de Am\u00e9rico, Fernando Vargas, quien agradeci\u00f3 la posibilidad de haber compartido con la comunidad.<\/p>\n<p style=\"text-align: justify;\">\u201cEstoy muy feliz, muy contento, porque los shows salieron incre\u00edble, la gente respondi\u00f3 de una manera que no lo esperaba, sobre todo aqu\u00ed en Puyuhuapi, que estuvo fant\u00e1stico, en Cisnes tambi\u00e9n, La Junta, Ra\u00fal Mar\u00edn estuvo fant\u00e1stico. Muchas gracias a la gente, espero volver alg\u00fan d\u00eda, para poder hacerlos bailar, disfrutar y por supuesto llenarme de su cari\u00f1o, as\u00ed es que, muchas gracias al se\u00f1or Alcalde don Francisco, que me dio la posibilidad de venir ac\u00e1 a la comuna, as\u00ed es que, muy feliz\u201d.<\/p>\n<p style=\"text-align: justify;\">A trav\u00e9s de las redes sociales de la Municipalidad de Cisnes, se comunicar\u00e1n las fechas y horarios en que se llevar\u00e1n a cabo las actividades para celebrar a Mam\u00e1, en las localidades del litoral de la comuna.<\/p>\n<\/div><\/section><\/div>\n<div  style='height:50px' class='hr hr-invisible   avia-builder-el-6  el_after_av_one_full  el_before_av_social_share '><span class='hr-inner ' ><span class='hr-inner-style'><\/span><\/span><\/div>\n<div  class='av-social-sharing-box  avia-builder-el-7  el_after_av_hr  el_before_av_hr  '><div class='av-share-box'><h5 class='av-share-link-description av-no-toc '>Compartir esta noticia<\/h5><ul class='av-share-box-list noLightbox'><li class='av-share-link av-social-link-facebook' ><a target=\"_blank\" aria-label=\"Compartir en Facebook\" href='https:\/\/www.facebook.com\/sharer.php?u=https:\/\/radiorevelacionfm.cl\/?p=30993&#038;t=Con%20gran%20entusiasmo%20Madres%20del%20%C3%A1rea%20continental%20de%20Cisnes%20celebraron%20su%20d%C3%ADa' aria-hidden='false' data-av_icon='\ue8f3' data-av_iconfont='entypo-fontello' title='' data-avia-related-tooltip='Compartir en Facebook' rel=\"noopener\"><span class='avia_hidden_link_text'>Compartir en Facebook<\/span><\/a><\/li><li class='av-share-link av-social-link-twitter' ><a target=\"_blank\" aria-label=\"Compartir en Twitter\" href='https:\/\/twitter.com\/share?text=Con%20gran%20entusiasmo%20Madres%20del%20%C3%A1rea%20continental%20de%20Cisnes%20celebraron%20su%20d%C3%ADa&#038;url=https:\/\/radiorevelacionfm.cl\/?p=30993' aria-hidden='false' data-av_icon='\ue8f1' data-av_iconfont='entypo-fontello' title='' data-avia-related-tooltip='Compartir en Twitter' rel=\"noopener\"><span class='avia_hidden_link_text'>Compartir en Twitter<\/span><\/a><\/li><li class='av-share-link av-social-link-whatsapp' ><a target=\"_blank\" aria-label=\"Compartir en Whatsapp\" href='https:\/\/api.whatsapp.com\/send?text=https:\/\/radiorevelacionfm.cl\/?p=30993' aria-hidden='false' data-av_icon='\uf232' data-av_iconfont='entypo-fontello' title='' data-avia-related-tooltip='Compartir en Whatsapp' rel=\"noopener\"><span class='avia_hidden_link_text'>Compartir en Whatsapp<\/span><\/a><\/li><li class='av-share-link av-social-link-linkedin' ><a target=\"_blank\" aria-label=\"Compartir en LinkedIn\" href='https:\/\/linkedin.com\/shareArticle?mini=true&#038;title=Con%20gran%20entusiasmo%20Madres%20del%20%C3%A1rea%20continental%20de%20Cisnes%20celebraron%20su%20d%C3%ADa&#038;url=https:\/\/radiorevelacionfm.cl\/?p=30993' aria-hidden='false' data-av_icon='\ue8fc' data-av_iconfont='entypo-fontello' title='' data-avia-related-tooltip='Compartir en LinkedIn' rel=\"noopener\"><span class='avia_hidden_link_text'>Compartir en LinkedIn<\/span><\/a><\/li><li class='av-share-link av-social-link-mail' ><a  aria-label=\"Compartir por correo\" href='mailto:?subject=Con%20gran%20entusiasmo%20Madres%20del%20%C3%A1rea%20continental%20de%20Cisnes%20celebraron%20su%20d%C3%ADa&#038;body=https:\/\/radiorevelacionfm.cl\/?p=30993' aria-hidden='false' data-av_icon='\ue805' data-av_iconfont='entypo-fontello' title='' data-avia-related-tooltip='Compartir por correo'><span class='avia_hidden_link_text'>Compartir por correo<\/span><\/a><\/li><\/ul><\/div><\/div>\n<div  style='height:50px' class='hr hr-invisible   avia-builder-el-8  el_after_av_social_share  el_before_av_comments_list '><span class='hr-inner ' ><span class='hr-inner-style'><\/span><\/span><\/div>\n<div  class='av-buildercomment  av-blog-meta-html-info-disabled av-blog-meta-tag-disabled  '><\/div>\n","protected":false},"excerpt":{"rendered":"","protected":false},"author":1,"featured_media":30996,"comment_status":"open","ping_status":"open","sticky":false,"template":"","format":"standard","meta":{"footnotes":""},"categories":[38],"tags":[],"class_list":["post-30993","post","type-post","status-publish","format-standard","has-post-thumbnail","hentry","category-regional"],"jetpack_featured_media_url":"https:\/\/radiorevelacionfm.cl\/wp-content\/uploads\/2023\/05\/dia-madre-14_optimized.jpg","_links":{"self":[{"href":"https:\/\/radiorevelacionfm.cl\/index.php?rest_route=\/wp\/v2\/posts\/30993","targetHints":{"allow":["GET"]}}],"collection":[{"href":"https:\/\/radiorevelacionfm.cl\/index.php?rest_route=\/wp\/v2\/posts"}],"about":[{"href":"https:\/\/radiorevelacionfm.cl\/index.php?rest_route=\/wp\/v2\/types\/post"}],"author":[{"embeddable":true,"href":"https:\/\/radiorevelacionfm.cl\/index.php?rest_route=\/wp\/v2\/users\/1"}],"replies":[{"embeddable":true,"href":"https:\/\/radiorevelacionfm.cl\/index.php?rest_route=%2Fwp%2Fv2%2Fcomments&post=30993"}],"version-history":[{"count":2,"href":"https:\/\/radiorevelacionfm.cl\/index.php?rest_route=\/wp\/v2\/posts\/30993\/revisions"}],"predecessor-version":[{"id":30997,"href":"https:\/\/radiorevelacionfm.cl\/index.php?rest_route=\/wp\/v2\/posts\/30993\/revisions\/30997"}],"wp:featuredmedia":[{"embeddable":true,"href":"https:\/\/radiorevelacionfm.cl\/index.php?rest_route=\/wp\/v2\/media\/30996"}],"wp:attachment":[{"href":"https:\/\/radiorevelacionfm.cl\/index.php?rest_route=%2Fwp%2Fv2%2Fmedia&parent=30993"}],"wp:term":[{"taxonomy":"category","embeddable":true,"href":"https:\/\/radiorevelacionfm.cl\/index.php?rest_route=%2Fwp%2Fv2%2Fcategories&post=30993"},{"taxonomy":"post_tag","embeddable":true,"href":"https:\/\/radiorevelacionfm.cl\/index.php?rest_route=%2Fwp%2Fv2%2Ftags&post=30993"}],"curies":[{"name":"wp","href":"https:\/\/api.w.org\/{rel}","templated":true}]}}