{"id":30989,"date":"2023-05-14T13:11:37","date_gmt":"2023-05-14T16:11:37","guid":{"rendered":"https:\/\/radiorevelacionfm.cl\/?p=30989"},"modified":"2023-05-14T13:11:37","modified_gmt":"2023-05-14T16:11:37","slug":"escuela-de-puerto-cisnes-logro-quedarse-con-el-primer-lugar-en-exitosa-1ra-version-de-torneo-futsal-en-aysen","status":"publish","type":"post","link":"https:\/\/radiorevelacionfm.cl\/?p=30989","title":{"rendered":"Escuela de Puerto Cisnes logr\u00f3 quedarse con el primer lugar en exitosa 1ra versi\u00f3n de torneo futsal en Ays\u00e9n"},"content":{"rendered":"<div class=\"flex_column av_one_full  flex_column_div av-zero-column-padding first  avia-builder-el-0  el_before_av_one_full  avia-builder-el-first  \" style='border-radius:0px; '><div  class='avia-image-container  av-styling-    avia-builder-el-1  avia-builder-el-no-sibling  avia-align-center '  itemprop=\"image\" itemscope=\"itemscope\" itemtype=\"https:\/\/schema.org\/ImageObject\"  ><div class='avia-image-container-inner'><div class='avia-image-overlay-wrap'><img decoding=\"async\" class='wp-image-30990 avia-img-lazy-loading-not-30990 avia_image' src=\"https:\/\/radiorevelacionfm.cl\/wp-content\/uploads\/2023\/05\/346633162_930296671629009_7413449397343042037_n-1-1.jpg\" alt='' title='346633162_930296671629009_7413449397343042037_n (1) (1)' height=\"600\" width=\"900\"  itemprop=\"thumbnailUrl\" srcset=\"https:\/\/radiorevelacionfm.cl\/wp-content\/uploads\/2023\/05\/346633162_930296671629009_7413449397343042037_n-1-1.jpg 900w, https:\/\/radiorevelacionfm.cl\/wp-content\/uploads\/2023\/05\/346633162_930296671629009_7413449397343042037_n-1-1-300x200.jpg 300w, https:\/\/radiorevelacionfm.cl\/wp-content\/uploads\/2023\/05\/346633162_930296671629009_7413449397343042037_n-1-1-768x512.jpg 768w, https:\/\/radiorevelacionfm.cl\/wp-content\/uploads\/2023\/05\/346633162_930296671629009_7413449397343042037_n-1-1-705x470.jpg 705w, https:\/\/radiorevelacionfm.cl\/wp-content\/uploads\/2023\/05\/346633162_930296671629009_7413449397343042037_n-1-1-450x300.jpg 450w, https:\/\/radiorevelacionfm.cl\/wp-content\/uploads\/2023\/05\/346633162_930296671629009_7413449397343042037_n-1-1-600x400.jpg 600w\" sizes=\"(max-width: 900px) 100vw, 900px\" \/><\/div><\/div><\/div><\/div>\n<div class=\"flex_column av_one_full  flex_column_div av-zero-column-padding first  avia-builder-el-2  el_after_av_one_full  el_before_av_one_full  column-top-margin\" style='border-radius:0px; '><section class=\"av_textblock_section \"  itemscope=\"itemscope\" itemtype=\"https:\/\/schema.org\/BlogPosting\" itemprop=\"blogPost\" ><div class='avia_textblock  '   itemprop=\"text\" ><p style=\"text-align: center;\"><strong><span style=\"font-size: 18pt;\">Escuela de Puerto Cisnes logr\u00f3 quedarse con el primer lugar en exitosa 1ra versi\u00f3n de torneo futsal en Ays\u00e9n<\/span><\/strong><\/p>\n<div id=\"gtx-trans\" style=\"position: absolute; left: -50px; top: 4.31534px;\">\n<div class=\"gtx-trans-icon\"><\/div>\n<\/div>\n<\/div><\/section><\/div><div class=\"flex_column av_one_full  flex_column_div av-zero-column-padding first  avia-builder-el-4  el_after_av_one_full  el_before_av_hr  column-top-margin\" style='border-radius:0px; '><section class=\"av_textblock_section \"  itemscope=\"itemscope\" itemtype=\"https:\/\/schema.org\/BlogPosting\" itemprop=\"blogPost\" ><div class='avia_textblock  '   itemprop=\"text\" ><p style=\"text-align: justify;\">Siete equipos participantes, de la comuna de Ays\u00e9n y Cisnes; dieron lo mejor de s\u00ed durante los tres d\u00edas que se llev\u00f3 a cabo el primer campeonato de futsal sub 12, organizado por la escuela B\u00e1sica Ribera Sur en Puerto Ays\u00e9n.<\/p>\n<p style=\"text-align: justify;\">Iniciativa que congreg\u00f3 a las comunidades educativas Colegio Kalem, Sagrada Familia, Escuela Ays\u00e9n, y los due\u00f1os de casa, en Puerto Ays\u00e9n; Liceo Ma\u00f1ihuales, de la localidad del mismo nombre; Escuela Almirante Simpson, de Puerto Chacabuco; y escuela Guido G\u00f3mez, de Puerto Cisnes. Estos \u00faltimos, tras jugar todos sus partidos, resultaron vencedores en esta primera edici\u00f3n del certamen deportivo.<\/p>\n<p style=\"text-align: justify;\">Al respecto, \u201cagradecemos mucho la invitaci\u00f3n, nos atendieron super bien. Los ni\u00f1os est\u00e1n felices, los apoderados est\u00e1n felices y en Puerto Cisnes todos felices tambi\u00e9n con este gran triunfo. Nos volvemos muy contentos\u201d, manifest\u00f3 Carlos Rubilar, profesor de educaci\u00f3n f\u00edsica del establecimiento visitante, a cargo de la delegaci\u00f3n cisnense.<\/p>\n<p style=\"text-align: justify;\">\u201cEste es un gran intercambio cultural, aunque estamos al lado es un intercambio cultural buen\u00edsimo ya que para nosotros es muy dif\u00edcil salir a competir, as\u00ed que venir a Ays\u00e9n es muy bonito. Estar en el Polideportivo, para nuestros ni\u00f1os ha sido impresionante. Para ellos es un gimnasio gigante, como le dicen. Una tremenda experiencia\u201d, agreg\u00f3 el docente.<\/p>\n<p style=\"text-align: justify;\">Es que un total de 28 partidos se disputaron, siendo el escenario la cancha central del Polideportivo 21 de Abril que, a diario reuni\u00f3 a estudiantes, profesores, y familias, quienes llegaron a apoyar a los diversos equipos participantes de este torneo, gestionado por la escuela B\u00e1sica a partir del Proyecto formativo y recreativo del ministerio de Educaci\u00f3n, adjudicado por el establecimiento aysenino; y apoyados log\u00edsticamente por la Direcci\u00f3n de Educaci\u00f3n Municipal.<\/p>\n<p style=\"text-align: justify;\">\u201cEstamos muy satisfechos y contentos, la verdad, porque m\u00e1s all\u00e1 del resultado, de los lugares obtenidos, fue un torneo lleno de sana convivencia. Esto nos invita y nos refuerza a trabajar mucho mas los temas a los que queremos apuntar que son los emocionales, y para eso no hay nada mejor que el deporte, donde los ni\u00f1os muestran sus emociones, se alegran, lloran, se frustran, y luego vuelven a sonre\u00edr. Es genial ver c\u00f3mo los chiquillos responden a esta forma bella que es el deporte, en este caso el futsal\u201d, se\u00f1al\u00f3 tras la ceremonia de premiaci\u00f3n y clausura, el director del establecimiento organizador, Edgar C\u00e1ceres. A\u00f1adiendo que esperan que esta sea la primera de muchas versiones, a las que se vayan sumando escuelas de diversas comunas, para unir a la regi\u00f3n en torno a la educaci\u00f3n y el deporte.<\/p>\n<p style=\"text-align: justify;\">\u201cSin duda, que es muy interesante el trabajo que ha realizado la escuela Ribera Sur, de la mano de su director y todo de su equipo. Estas actividades tienen una doble significancia para estos ni\u00f1os, porque est\u00e1n adquiriendo valores y, adem\u00e1s, est\u00e1n compartiendo y compitiendo de manera sana. Felicitar la alegr\u00eda y emoci\u00f3n de quienes resultaron ganadores, y de todos quienes participaron\u201d, indic\u00f3 el director DEM, Patricio B\u00f3rquez.<\/p>\n<p style=\"text-align: justify;\">1er Escuela Guido G\u00f3mez &#8211; Puerto Cisnes<\/p>\n<p style=\"text-align: justify;\">2do Colegio Kalem &#8211; Puerto Ays\u00e9n<\/p>\n<p style=\"text-align: justify;\">3er Colegio Sagrada Familia &#8211; Puerto Ays\u00e9n<\/p>\n<p style=\"text-align: justify;\">4to Liceo Ma\u00f1ihuales &#8211; Villa Ma\u00f1ihuales<\/p>\n<p style=\"text-align: justify;\">5to Escuela B\u00e1sica Ribera Sur &#8211; Puerto Ays\u00e9n<\/p>\n<p style=\"text-align: justify;\">5to Escuela Almirante Simpson &#8211; Puerto Chacabuco<\/p>\n<p style=\"text-align: justify;\">7mo Escuela Ays\u00e9n &#8211; Puerto Ays\u00e9n<\/p>\n<\/div><\/section><\/div><\/p>\n<div  style='height:50px' class='hr hr-invisible   avia-builder-el-6  el_after_av_one_full  el_before_av_social_share '><span class='hr-inner ' ><span class='hr-inner-style'><\/span><\/span><\/div>\n<div  class='av-social-sharing-box  avia-builder-el-7  el_after_av_hr  el_before_av_hr  '><div class='av-share-box'><h5 class='av-share-link-description av-no-toc '>Compartir esta noticia<\/h5><ul class='av-share-box-list noLightbox'><li class='av-share-link av-social-link-facebook' ><a target=\"_blank\" aria-label=\"Compartir en Facebook\" href='https:\/\/www.facebook.com\/sharer.php?u=https:\/\/radiorevelacionfm.cl\/?p=30989&#038;t=Escuela%20de%20Puerto%20Cisnes%20logr%C3%B3%20quedarse%20con%20el%20primer%20lugar%20en%20exitosa%201ra%20versi%C3%B3n%20de%20torneo%20futsal%20en%20Ays%C3%A9n' aria-hidden='false' data-av_icon='\ue8f3' data-av_iconfont='entypo-fontello' title='' data-avia-related-tooltip='Compartir en Facebook' rel=\"noopener\"><span class='avia_hidden_link_text'>Compartir en Facebook<\/span><\/a><\/li><li class='av-share-link av-social-link-twitter' ><a target=\"_blank\" aria-label=\"Compartir en Twitter\" href='https:\/\/twitter.com\/share?text=Escuela%20de%20Puerto%20Cisnes%20logr%C3%B3%20quedarse%20con%20el%20primer%20lugar%20en%20exitosa%201ra%20versi%C3%B3n%20de%20torneo%20futsal%20en%20Ays%C3%A9n&#038;url=https:\/\/radiorevelacionfm.cl\/?p=30989' aria-hidden='false' data-av_icon='\ue8f1' data-av_iconfont='entypo-fontello' title='' data-avia-related-tooltip='Compartir en Twitter' rel=\"noopener\"><span class='avia_hidden_link_text'>Compartir en Twitter<\/span><\/a><\/li><li class='av-share-link av-social-link-whatsapp' ><a target=\"_blank\" aria-label=\"Compartir en Whatsapp\" href='https:\/\/api.whatsapp.com\/send?text=https:\/\/radiorevelacionfm.cl\/?p=30989' aria-hidden='false' data-av_icon='\uf232' data-av_iconfont='entypo-fontello' title='' data-avia-related-tooltip='Compartir en Whatsapp' rel=\"noopener\"><span class='avia_hidden_link_text'>Compartir en Whatsapp<\/span><\/a><\/li><li class='av-share-link av-social-link-linkedin' ><a target=\"_blank\" aria-label=\"Compartir en LinkedIn\" href='https:\/\/linkedin.com\/shareArticle?mini=true&#038;title=Escuela%20de%20Puerto%20Cisnes%20logr%C3%B3%20quedarse%20con%20el%20primer%20lugar%20en%20exitosa%201ra%20versi%C3%B3n%20de%20torneo%20futsal%20en%20Ays%C3%A9n&#038;url=https:\/\/radiorevelacionfm.cl\/?p=30989' aria-hidden='false' data-av_icon='\ue8fc' data-av_iconfont='entypo-fontello' title='' data-avia-related-tooltip='Compartir en LinkedIn' rel=\"noopener\"><span class='avia_hidden_link_text'>Compartir en LinkedIn<\/span><\/a><\/li><li class='av-share-link av-social-link-mail' ><a  aria-label=\"Compartir por correo\" href='mailto:?subject=Escuela%20de%20Puerto%20Cisnes%20logr%C3%B3%20quedarse%20con%20el%20primer%20lugar%20en%20exitosa%201ra%20versi%C3%B3n%20de%20torneo%20futsal%20en%20Ays%C3%A9n&#038;body=https:\/\/radiorevelacionfm.cl\/?p=30989' aria-hidden='false' data-av_icon='\ue805' data-av_iconfont='entypo-fontello' title='' data-avia-related-tooltip='Compartir por correo'><span class='avia_hidden_link_text'>Compartir por correo<\/span><\/a><\/li><\/ul><\/div><\/div>\n<div  style='height:50px' class='hr hr-invisible   avia-builder-el-8  el_after_av_social_share  el_before_av_comments_list '><span class='hr-inner ' ><span class='hr-inner-style'><\/span><\/span><\/div>\n<div  class='av-buildercomment  av-blog-meta-html-info-disabled av-blog-meta-tag-disabled  '><\/div>\n","protected":false},"excerpt":{"rendered":"","protected":false},"author":1,"featured_media":30990,"comment_status":"open","ping_status":"open","sticky":false,"template":"","format":"standard","meta":{"footnotes":""},"categories":[40],"tags":[],"class_list":["post-30989","post","type-post","status-publish","format-standard","has-post-thumbnail","hentry","category-deportes"],"jetpack_featured_media_url":"https:\/\/radiorevelacionfm.cl\/wp-content\/uploads\/2023\/05\/346633162_930296671629009_7413449397343042037_n-1-1.jpg","_links":{"self":[{"href":"https:\/\/radiorevelacionfm.cl\/index.php?rest_route=\/wp\/v2\/posts\/30989","targetHints":{"allow":["GET"]}}],"collection":[{"href":"https:\/\/radiorevelacionfm.cl\/index.php?rest_route=\/wp\/v2\/posts"}],"about":[{"href":"https:\/\/radiorevelacionfm.cl\/index.php?rest_route=\/wp\/v2\/types\/post"}],"author":[{"embeddable":true,"href":"https:\/\/radiorevelacionfm.cl\/index.php?rest_route=\/wp\/v2\/users\/1"}],"replies":[{"embeddable":true,"href":"https:\/\/radiorevelacionfm.cl\/index.php?rest_route=%2Fwp%2Fv2%2Fcomments&post=30989"}],"version-history":[{"count":2,"href":"https:\/\/radiorevelacionfm.cl\/index.php?rest_route=\/wp\/v2\/posts\/30989\/revisions"}],"predecessor-version":[{"id":30992,"href":"https:\/\/radiorevelacionfm.cl\/index.php?rest_route=\/wp\/v2\/posts\/30989\/revisions\/30992"}],"wp:featuredmedia":[{"embeddable":true,"href":"https:\/\/radiorevelacionfm.cl\/index.php?rest_route=\/wp\/v2\/media\/30990"}],"wp:attachment":[{"href":"https:\/\/radiorevelacionfm.cl\/index.php?rest_route=%2Fwp%2Fv2%2Fmedia&parent=30989"}],"wp:term":[{"taxonomy":"category","embeddable":true,"href":"https:\/\/radiorevelacionfm.cl\/index.php?rest_route=%2Fwp%2Fv2%2Fcategories&post=30989"},{"taxonomy":"post_tag","embeddable":true,"href":"https:\/\/radiorevelacionfm.cl\/index.php?rest_route=%2Fwp%2Fv2%2Ftags&post=30989"}],"curies":[{"name":"wp","href":"https:\/\/api.w.org\/{rel}","templated":true}]}}