{"id":30986,"date":"2023-05-13T22:16:45","date_gmt":"2023-05-14T01:16:45","guid":{"rendered":"https:\/\/radiorevelacionfm.cl\/?p=30986"},"modified":"2023-05-13T22:16:45","modified_gmt":"2023-05-14T01:16:45","slug":"ley-40-horas-exponen-detalles-y-beneficios-para-empresas-que-reduzcan-antes-su-jornada-laboral","status":"publish","type":"post","link":"https:\/\/radiorevelacionfm.cl\/?p=30986","title":{"rendered":"Ley 40 horas: exponen detalles y beneficios para empresas que reduzcan antes su jornada laboral"},"content":{"rendered":"<div class=\"flex_column av_one_full  flex_column_div av-zero-column-padding first  avia-builder-el-0  el_before_av_one_full  avia-builder-el-first  \" style='border-radius:0px; '><div  class='avia-image-container  av-styling-    avia-builder-el-1  avia-builder-el-no-sibling  avia-align-center '  itemprop=\"image\" itemscope=\"itemscope\" itemtype=\"https:\/\/schema.org\/ImageObject\"  ><div class='avia-image-container-inner'><div class='avia-image-overlay-wrap'><img decoding=\"async\" class='wp-image-30987 avia-img-lazy-loading-not-30987 avia_image' src=\"https:\/\/radiorevelacionfm.cl\/wp-content\/uploads\/2023\/05\/exposicion-40-horas_sercotec-3b-1_optimized.jpg\" alt='' title='exposicion-40-horas_sercotec-3b-(1)_optimized' height=\"600\" width=\"801\"  itemprop=\"thumbnailUrl\" srcset=\"https:\/\/radiorevelacionfm.cl\/wp-content\/uploads\/2023\/05\/exposicion-40-horas_sercotec-3b-1_optimized.jpg 801w, https:\/\/radiorevelacionfm.cl\/wp-content\/uploads\/2023\/05\/exposicion-40-horas_sercotec-3b-1_optimized-300x225.jpg 300w, https:\/\/radiorevelacionfm.cl\/wp-content\/uploads\/2023\/05\/exposicion-40-horas_sercotec-3b-1_optimized-768x575.jpg 768w, https:\/\/radiorevelacionfm.cl\/wp-content\/uploads\/2023\/05\/exposicion-40-horas_sercotec-3b-1_optimized-705x528.jpg 705w, https:\/\/radiorevelacionfm.cl\/wp-content\/uploads\/2023\/05\/exposicion-40-horas_sercotec-3b-1_optimized-450x337.jpg 450w, https:\/\/radiorevelacionfm.cl\/wp-content\/uploads\/2023\/05\/exposicion-40-horas_sercotec-3b-1_optimized-600x449.jpg 600w\" sizes=\"(max-width: 801px) 100vw, 801px\" \/><\/div><\/div><\/div><\/div><div class=\"flex_column av_one_full  flex_column_div av-zero-column-padding first  avia-builder-el-2  el_after_av_one_full  el_before_av_one_full  column-top-margin\" style='border-radius:0px; '><section class=\"av_textblock_section \"  itemscope=\"itemscope\" itemtype=\"https:\/\/schema.org\/BlogPosting\" itemprop=\"blogPost\" ><div class='avia_textblock  '   itemprop=\"text\" ><p style=\"text-align: center;\"><span style=\"font-size: 18pt;\"><b><span lang=\"ES\">Ley 40 horas: exponen detalles y beneficios para empresas que reduzcan antes su jornada laboral\u00a0\u00a0<\/span><\/b><\/span><\/p>\n<div id=\"gtx-trans\" style=\"position: absolute; left: -50px; top: 4.31534px;\">\n<div class=\"gtx-trans-icon\"><\/div>\n<\/div>\n<\/div><\/section><\/div><div class=\"flex_column av_one_full  flex_column_div av-zero-column-padding first  avia-builder-el-4  el_after_av_one_full  el_before_av_hr  column-top-margin\" style='border-radius:0px; '><section class=\"av_textblock_section \"  itemscope=\"itemscope\" itemtype=\"https:\/\/schema.org\/BlogPosting\" itemprop=\"blogPost\" ><div class='avia_textblock  '   itemprop=\"text\" ><p class=\"v1MsoNormal\" style=\"text-align: justify;\"><span lang=\"ES-MX\">En su visita hace algunos d\u00edas a la Regi\u00f3n de Ays\u00e9n, el Subsecretario del\u00a0<\/span><span lang=\"ES\">Trabajo, Giorgio Boccardo realiz\u00f3 una presentaci\u00f3n sobre la ley de las 40 horas a dirigentes\/as, CUT, ANEF, autoridades y comunidad en general, donde entreg\u00f3 detalles de su implementaci\u00f3n y de un beneficio directo a las empresas, ya que la nueva normativa establece que algunas instituciones, como Sercotec y Corfo, deber\u00e1n considerar un puntaje adicional al evaluar las postulaciones de empresas de menor tama\u00f1o que se acojan a la Ley 40 Horas antes de que se complete su implementaci\u00f3n gradual.<\/span><\/p>\n<p class=\"v1gmail-paragraph\" style=\"text-align: justify;\"><span lang=\"ES\">Sobre la charla, el Subsecretario del Trabajo, Giorgio Boccardo afirm\u00f3, \u00abQuisimos dar a conocer una ley que se aprob\u00f3 recientemente, la ley que reduce la jornada laboral a 40 horas.\u00a0Hoy d\u00eda pudimos estar conversando con distintos dirigentes y dirigentas sindicales, poder explicarles c\u00f3mo se va a implementar la ley, cu\u00e1les van a ser los mecanismos de reducci\u00f3n gradual, as\u00ed como tambi\u00e9n los distintos beneficios asociados que van a tener tambi\u00e9n aquellas empresas, pymes, que adelanten la reducci\u00f3n de jornada. Miramos los distintos detalles, los alcances que tiene la ley y\u00a0cu\u00e1les van a ser las etapas de implementaci\u00f3n. Nosotros como Gobierno somos los m\u00e1s interesados en que\u00a0la ley se aplique de buena manera y que se cumpla el objetivo trazado, que es justamente reducir el tiempo de trabajo y poder tener un buen vivir\u00bb.\u00a0<\/span><\/p>\n<p class=\"v1MsoNormal\" style=\"text-align: justify;\"><span lang=\"ES\">La convocatoria Crece de Sercotec marc\u00f3 el debut de la Ley 40 Horas en este tipo de programas, mediante la incorporaci\u00f3n de un nuevo criterio de evaluaci\u00f3n que privilegiar\u00e1 a las empresas postulantes que implementen de forma anticipada la reducci\u00f3n de la jornada laboral establecida en la nueva ley.<\/span><\/p>\n<p class=\"v1MsoNormal\" style=\"text-align: justify;\"><span lang=\"ES\">La Directora regional de Sercotec, Nelly Vargas, coment\u00f3 al respecto, \u00abEstamos muy contentos como Sercotec de la regi\u00f3n de Ays\u00e9n de poder anunciar que dentro de nuestra convocatoria Crece que lanzamos hace algunos d\u00edas atr\u00e1s est\u00e1 incorporado el puntaje adicional para aquellas empresas que postulen y tengan el sello de 40 horas, esto es el comienzo, porque Sercotec a nivel nacional tiene planificado incorporar dentro de todos sus fondos concursables que entrega subsidio, este puntaje adicional. Estamos contentos de apoyar en la implementaci\u00f3n de la Ley de 40 horas y a trav\u00e9s de esta entrega y este plus para los empresarios y empresarias tener una oportunidad de mejorar la competitividad y poder\u00a0desempe\u00f1arse de mejor manera en el entorno en el cual se desenvuelven\u00bb.\u00a0<\/span><\/p>\n<p class=\"v1MsoNormal\" style=\"text-align: justify;\"><span lang=\"ES\">En el caso del Crece se considerar\u00e1 con una valoraci\u00f3n positiva, con ponderaci\u00f3n del 5% en el an\u00e1lisis del Comit\u00e9 de Evaluaci\u00f3n Regional (CER), a aquellas pymes que cuenten con el Sello 40 Horas que entrega el Ministerio del Trabajo y Previsi\u00f3n Social. En las bases publicadas se establece,\u00a0<i>\u00abpara efectos de la evaluaci\u00f3n de uno de los criterios del Comit\u00e9 de Evaluaci\u00f3n Regional, CER, a saber \u00abEmpresa cuenta con el sello 40 horas entregado por el Ministerio del Trabajo\u00bb, se establece que las empresas postulantes deber\u00e1n contar con dicho sello al d\u00eda 23 de junio de 2023, lo que ser\u00e1 validado con la informaci\u00f3n provista por el Ministerio del Trabajo\u00bb.<\/i><\/span><\/p>\n<p class=\"v1MsoNormal\" style=\"text-align: justify;\"><b><u><span lang=\"ES\">\u00bfC\u00f3mo postular al Sello 40 Horas?<\/span><\/u><\/b><\/p>\n<p class=\"v1MsoNormal\" style=\"text-align: justify;\"><span lang=\"ES\">El Sello 40 Horas busca reconocer a las empresas que voluntariamente han reducido su jornada laboral semanal a 40 horas o menos, antes que la ley se lo exija en su gradualidad.<\/span><\/p>\n<p class=\"v1MsoNormal\" style=\"text-align: justify;\"><span lang=\"ES\">El Seremi de Trabajo y Previsi\u00f3n Social, Rodrigo D\u00edaz, detall\u00f3 sobre el Sello 40 Horas, \u00abEste reconocimiento lo entrega el Ministerio de Trabajo y Previsi\u00f3n Social con el prop\u00f3sito de destacar a las empresas que hacen el esfuerzo de adaptarse e impulsar una mejor calidad de vida para sus trabajadores y trabajadoras, reduciendo la jornada laboral a 40 horas o menos, antes que la ley se los exija. En este sentido, a trav\u00e9s de Sercotec y Corfo se entregar\u00e1 un beneficio adicional en su puntaje de evaluaci\u00f3n en los fondos concursables a los cuales postulen. Para ello, deben tener el \u00abSello 40 Horas\u00bb, \u00bfc\u00f3mo se consigue? Deben postular en la p\u00e1gina web del Ministerio del Trabajo, en el banner en la parte inferior del sitio web, donde tendr\u00e1n que llenar un formulario. Tanto la Subsecretar\u00eda del Trabajo como la Direcci\u00f3n del Trabajo cotejar\u00e1n que cumplan con los requisitos, entre ellos, estar al d\u00eda en el pago de las obligaciones previsionales de sus trabajadores y no haber sido condenados por vulneraci\u00f3n de derechos fundamentales, entre otros. Los invitamos a postular al sello 40 horas e impulsar el trabajo decente para el buen vivir\u00bb.<\/span><\/p>\n<p class=\"v1MsoNormal\" style=\"text-align: justify;\">El link directo para postular al Sello 40 Horas es\u00a0<a href=\"https:\/\/www.mintrab.gob.cl\/certificacion-sello-40h\/\" target=\"_blank\" rel=\"noopener noreferrer\">https:\/\/www.mintrab.gob.cl\/certificacion-sello-40h\/<\/a>\u00a0, donde se pueden revisar los requisitos. Se debe tener en cuenta que el procesamiento de la informaci\u00f3n y el cruce de datos se demora algunas semanas.<\/p>\n<\/div><\/section><\/div><div  style='height:50px' class='hr hr-invisible   avia-builder-el-6  el_after_av_one_full  el_before_av_social_share '><span class='hr-inner ' ><span class='hr-inner-style'><\/span><\/span><\/div><\/p>\n<div  class='av-social-sharing-box  avia-builder-el-7  el_after_av_hr  el_before_av_hr  '><div class='av-share-box'><h5 class='av-share-link-description av-no-toc '>Compartir esta noticia<\/h5><ul class='av-share-box-list noLightbox'><li class='av-share-link av-social-link-facebook' ><a target=\"_blank\" aria-label=\"Compartir en Facebook\" href='https:\/\/www.facebook.com\/sharer.php?u=https:\/\/radiorevelacionfm.cl\/?p=30986&#038;t=Ley%2040%20horas%3A%20exponen%20detalles%20y%20beneficios%20para%20empresas%20que%20reduzcan%20antes%20su%20jornada%20laboral' aria-hidden='false' data-av_icon='\ue8f3' data-av_iconfont='entypo-fontello' title='' data-avia-related-tooltip='Compartir en Facebook' rel=\"noopener\"><span class='avia_hidden_link_text'>Compartir en Facebook<\/span><\/a><\/li><li class='av-share-link av-social-link-twitter' ><a target=\"_blank\" aria-label=\"Compartir en Twitter\" href='https:\/\/twitter.com\/share?text=Ley%2040%20horas%3A%20exponen%20detalles%20y%20beneficios%20para%20empresas%20que%20reduzcan%20antes%20su%20jornada%20laboral&#038;url=https:\/\/radiorevelacionfm.cl\/?p=30986' aria-hidden='false' data-av_icon='\ue8f1' data-av_iconfont='entypo-fontello' title='' data-avia-related-tooltip='Compartir en Twitter' rel=\"noopener\"><span class='avia_hidden_link_text'>Compartir en Twitter<\/span><\/a><\/li><li class='av-share-link av-social-link-whatsapp' ><a target=\"_blank\" aria-label=\"Compartir en Whatsapp\" href='https:\/\/api.whatsapp.com\/send?text=https:\/\/radiorevelacionfm.cl\/?p=30986' aria-hidden='false' data-av_icon='\uf232' data-av_iconfont='entypo-fontello' title='' data-avia-related-tooltip='Compartir en Whatsapp' rel=\"noopener\"><span class='avia_hidden_link_text'>Compartir en Whatsapp<\/span><\/a><\/li><li class='av-share-link av-social-link-linkedin' ><a target=\"_blank\" aria-label=\"Compartir en LinkedIn\" href='https:\/\/linkedin.com\/shareArticle?mini=true&#038;title=Ley%2040%20horas%3A%20exponen%20detalles%20y%20beneficios%20para%20empresas%20que%20reduzcan%20antes%20su%20jornada%20laboral&#038;url=https:\/\/radiorevelacionfm.cl\/?p=30986' aria-hidden='false' data-av_icon='\ue8fc' data-av_iconfont='entypo-fontello' title='' data-avia-related-tooltip='Compartir en LinkedIn' rel=\"noopener\"><span class='avia_hidden_link_text'>Compartir en LinkedIn<\/span><\/a><\/li><li class='av-share-link av-social-link-mail' ><a  aria-label=\"Compartir por correo\" href='mailto:?subject=Ley%2040%20horas%3A%20exponen%20detalles%20y%20beneficios%20para%20empresas%20que%20reduzcan%20antes%20su%20jornada%20laboral&#038;body=https:\/\/radiorevelacionfm.cl\/?p=30986' aria-hidden='false' data-av_icon='\ue805' data-av_iconfont='entypo-fontello' title='' data-avia-related-tooltip='Compartir por correo'><span class='avia_hidden_link_text'>Compartir por correo<\/span><\/a><\/li><\/ul><\/div><\/div>\n<div  style='height:50px' class='hr hr-invisible   avia-builder-el-8  el_after_av_social_share  el_before_av_comments_list '><span class='hr-inner ' ><span class='hr-inner-style'><\/span><\/span><\/div>\n<div  class='av-buildercomment  av-blog-meta-html-info-disabled av-blog-meta-tag-disabled  '><\/div>\n","protected":false},"excerpt":{"rendered":"","protected":false},"author":1,"featured_media":30987,"comment_status":"open","ping_status":"open","sticky":false,"template":"","format":"standard","meta":{"footnotes":""},"categories":[56],"tags":[],"class_list":["post-30986","post","type-post","status-publish","format-standard","has-post-thumbnail","hentry","category-trabajo"],"jetpack_featured_media_url":"https:\/\/radiorevelacionfm.cl\/wp-content\/uploads\/2023\/05\/exposicion-40-horas_sercotec-3b-1_optimized.jpg","_links":{"self":[{"href":"https:\/\/radiorevelacionfm.cl\/index.php?rest_route=\/wp\/v2\/posts\/30986","targetHints":{"allow":["GET"]}}],"collection":[{"href":"https:\/\/radiorevelacionfm.cl\/index.php?rest_route=\/wp\/v2\/posts"}],"about":[{"href":"https:\/\/radiorevelacionfm.cl\/index.php?rest_route=\/wp\/v2\/types\/post"}],"author":[{"embeddable":true,"href":"https:\/\/radiorevelacionfm.cl\/index.php?rest_route=\/wp\/v2\/users\/1"}],"replies":[{"embeddable":true,"href":"https:\/\/radiorevelacionfm.cl\/index.php?rest_route=%2Fwp%2Fv2%2Fcomments&post=30986"}],"version-history":[{"count":1,"href":"https:\/\/radiorevelacionfm.cl\/index.php?rest_route=\/wp\/v2\/posts\/30986\/revisions"}],"predecessor-version":[{"id":30988,"href":"https:\/\/radiorevelacionfm.cl\/index.php?rest_route=\/wp\/v2\/posts\/30986\/revisions\/30988"}],"wp:featuredmedia":[{"embeddable":true,"href":"https:\/\/radiorevelacionfm.cl\/index.php?rest_route=\/wp\/v2\/media\/30987"}],"wp:attachment":[{"href":"https:\/\/radiorevelacionfm.cl\/index.php?rest_route=%2Fwp%2Fv2%2Fmedia&parent=30986"}],"wp:term":[{"taxonomy":"category","embeddable":true,"href":"https:\/\/radiorevelacionfm.cl\/index.php?rest_route=%2Fwp%2Fv2%2Fcategories&post=30986"},{"taxonomy":"post_tag","embeddable":true,"href":"https:\/\/radiorevelacionfm.cl\/index.php?rest_route=%2Fwp%2Fv2%2Ftags&post=30986"}],"curies":[{"name":"wp","href":"https:\/\/api.w.org\/{rel}","templated":true}]}}