{"id":3098,"date":"2021-04-14T11:03:09","date_gmt":"2021-04-14T14:03:09","guid":{"rendered":"https:\/\/radiorevelacionfm.cl\/?p=3098"},"modified":"2021-04-14T11:03:09","modified_gmt":"2021-04-14T14:03:09","slug":"gobernador-arribo-a-melinka-con-el-proposito-de-escuchar-y-resolver-las-inquietudes-de-la-gente","status":"publish","type":"post","link":"https:\/\/radiorevelacionfm.cl\/?p=3098","title":{"rendered":"Gobernador arrib\u00f3 a Melinka con el prop\u00f3sito de escuchar y resolver las inquietudes de la gente"},"content":{"rendered":"<div class=\"flex_column av_one_full  flex_column_div av-zero-column-padding first  avia-builder-el-0  el_before_av_one_full  avia-builder-el-first  \" style='border-radius:0px; '><div  class='avia-image-container  av-styling-    avia-builder-el-1  avia-builder-el-no-sibling  avia-align-center '  itemprop=\"image\" itemscope=\"itemscope\" itemtype=\"https:\/\/schema.org\/ImageObject\"  ><div class='avia-image-container-inner'><div class='avia-image-overlay-wrap'><img decoding=\"async\" class='wp-image-0 avia-img-lazy-loading-not-0 avia_image' src=\"https:\/\/radiorevelacionfm.cl\/wp-content\/uploads\/2021\/04\/image-9-1.png\" alt='' title=''   itemprop=\"thumbnailUrl\"  \/><\/div><\/div><\/div><\/div>\n<div class=\"flex_column av_one_full  flex_column_div av-zero-column-padding first  avia-builder-el-2  el_after_av_one_full  el_before_av_one_full  column-top-margin\" style='border-radius:0px; '><section class=\"av_textblock_section \"  itemscope=\"itemscope\" itemtype=\"https:\/\/schema.org\/BlogPosting\" itemprop=\"blogPost\" ><div class='avia_textblock  '   itemprop=\"text\" ><p style=\"text-align: center;\"><strong><span style=\"font-size: 18pt;\">Gobernador arrib\u00f3 a Melinka con el prop\u00f3sito de escuchar y resolver las inquietudes de la gente<\/span><\/strong><\/p>\n<div id=\"gtx-trans\" style=\"position: absolute; left: -50px; top: 4.31534px;\">\n<div class=\"gtx-trans-icon\"><\/div>\n<\/div>\n<\/div><\/section><\/div><div class=\"flex_column av_one_full  flex_column_div av-zero-column-padding first  avia-builder-el-4  el_after_av_one_full  el_before_av_hr  column-top-margin\" style='border-radius:0px; '><section class=\"av_textblock_section \"  itemscope=\"itemscope\" itemtype=\"https:\/\/schema.org\/BlogPosting\" itemprop=\"blogPost\" ><div class='avia_textblock  '   itemprop=\"text\" ><p style=\"text-align: justify;\">Luego de m\u00e1s de 10 horas de viaje Gobernador arrib\u00f3 a la localidad de Melinka.<\/p>\n<p style=\"text-align: justify;\">El Gobierno Provincial se instal\u00f3 en Guaitecas para resolver r\u00e1pidamente los inconvenientes que provoca esta cuarentena total en \u00e9sta comuna perteneciente a la Provincia de Ays\u00e9n, la experiencia recogida de la fase 1 que vivi\u00f3 Ays\u00e9n hace un par de meses, es sin duda indispensable para ayudar a nuestros vecinos a superar este dif\u00edcil momento.<\/p>\n<p style=\"text-align: justify;\">Una de las primeras actividades al llegar a la comuna de Las Guaitecas fue reunirse con el Alcalde Marcos Silva en donde escucharon las necesidades de la gente en estos primeros d\u00edas de fase 1 \u201cpor instrucci\u00f3n del Presidente y de la Intendenta Margarita Ossa hemos llegado hasta ac\u00e1 para afrontar esta contingencia sanitaria que vive la comunidad, es por esta raz\u00f3n que una de las primeras actividades fue reunirse con el Alcalde Marcos Silva quien nos ha detallado las inquietudes de los vecinos, las hemos escuchado junto al Seremi de Econom\u00eda y ya comenzamos a elaborar un plan de trabajo que sea efectivo y con absoluta rapidez para ir en ayuda de la gente\u201d.<\/p>\n<p style=\"text-align: justify;\">Mencionar que durante la ma\u00f1ana de este mi\u00e9rcoles el Gobernador Manuel Ortiz visitar\u00e1 los medios de comunicaci\u00f3n local para dar a conocer los apoyos que ya ha estado concretando el Gobierno y de otros importantes anuncios para la comuna en relaci\u00f3n a la pandemia del Covid-19.<\/p>\n<\/div><\/section><\/div><\/p>\n<div  style='height:50px' class='hr hr-invisible   avia-builder-el-6  el_after_av_one_full  el_before_av_social_share '><span class='hr-inner ' ><span class='hr-inner-style'><\/span><\/span><\/div>\n<div  class='av-social-sharing-box  avia-builder-el-7  el_after_av_hr  el_before_av_hr  '><div class='av-share-box'><h5 class='av-share-link-description av-no-toc '>Compartir esta noticia<\/h5><ul class='av-share-box-list noLightbox'><li class='av-share-link av-social-link-facebook' ><a target=\"_blank\" aria-label=\"Compartir en Facebook\" href='https:\/\/www.facebook.com\/sharer.php?u=https:\/\/radiorevelacionfm.cl\/?p=3098&#038;t=Gobernador%20arrib%C3%B3%20a%20Melinka%20con%20el%20prop%C3%B3sito%20de%20escuchar%20y%20resolver%20las%20inquietudes%20de%20la%20gente' aria-hidden='false' data-av_icon='\ue8f3' data-av_iconfont='entypo-fontello' title='' data-avia-related-tooltip='Compartir en Facebook' rel=\"noopener\"><span class='avia_hidden_link_text'>Compartir en Facebook<\/span><\/a><\/li><li class='av-share-link av-social-link-twitter' ><a target=\"_blank\" aria-label=\"Compartir en Twitter\" href='https:\/\/twitter.com\/share?text=Gobernador%20arrib%C3%B3%20a%20Melinka%20con%20el%20prop%C3%B3sito%20de%20escuchar%20y%20resolver%20las%20inquietudes%20de%20la%20gente&#038;url=https:\/\/radiorevelacionfm.cl\/?p=3098' aria-hidden='false' data-av_icon='\ue8f1' data-av_iconfont='entypo-fontello' title='' data-avia-related-tooltip='Compartir en Twitter' rel=\"noopener\"><span class='avia_hidden_link_text'>Compartir en Twitter<\/span><\/a><\/li><li class='av-share-link av-social-link-whatsapp' ><a target=\"_blank\" aria-label=\"Compartir en Whatsapp\" href='https:\/\/api.whatsapp.com\/send?text=https:\/\/radiorevelacionfm.cl\/?p=3098' aria-hidden='false' data-av_icon='\uf232' data-av_iconfont='entypo-fontello' title='' data-avia-related-tooltip='Compartir en Whatsapp' rel=\"noopener\"><span class='avia_hidden_link_text'>Compartir en Whatsapp<\/span><\/a><\/li><li class='av-share-link av-social-link-linkedin' ><a target=\"_blank\" aria-label=\"Compartir en LinkedIn\" href='https:\/\/linkedin.com\/shareArticle?mini=true&#038;title=Gobernador%20arrib%C3%B3%20a%20Melinka%20con%20el%20prop%C3%B3sito%20de%20escuchar%20y%20resolver%20las%20inquietudes%20de%20la%20gente&#038;url=https:\/\/radiorevelacionfm.cl\/?p=3098' aria-hidden='false' data-av_icon='\ue8fc' data-av_iconfont='entypo-fontello' title='' data-avia-related-tooltip='Compartir en LinkedIn' rel=\"noopener\"><span class='avia_hidden_link_text'>Compartir en LinkedIn<\/span><\/a><\/li><li class='av-share-link av-social-link-mail' ><a  aria-label=\"Compartir por correo\" href='mailto:?subject=Gobernador%20arrib%C3%B3%20a%20Melinka%20con%20el%20prop%C3%B3sito%20de%20escuchar%20y%20resolver%20las%20inquietudes%20de%20la%20gente&#038;body=https:\/\/radiorevelacionfm.cl\/?p=3098' aria-hidden='false' data-av_icon='\ue805' data-av_iconfont='entypo-fontello' title='' data-avia-related-tooltip='Compartir por correo'><span class='avia_hidden_link_text'>Compartir por correo<\/span><\/a><\/li><\/ul><\/div><\/div>\n<div  style='height:50px' class='hr hr-invisible   avia-builder-el-8  el_after_av_social_share  el_before_av_comments_list '><span class='hr-inner ' ><span class='hr-inner-style'><\/span><\/span><\/div>\n<div  class='av-buildercomment  av-blog-meta-html-info-disabled av-blog-meta-tag-disabled  '><\/div>\n","protected":false},"excerpt":{"rendered":"","protected":false},"author":1,"featured_media":0,"comment_status":"open","ping_status":"open","sticky":false,"template":"","format":"standard","meta":{"footnotes":""},"categories":[38],"tags":[],"class_list":["post-3098","post","type-post","status-publish","format-standard","hentry","category-regional"],"jetpack_featured_media_url":"","_links":{"self":[{"href":"https:\/\/radiorevelacionfm.cl\/index.php?rest_route=\/wp\/v2\/posts\/3098","targetHints":{"allow":["GET"]}}],"collection":[{"href":"https:\/\/radiorevelacionfm.cl\/index.php?rest_route=\/wp\/v2\/posts"}],"about":[{"href":"https:\/\/radiorevelacionfm.cl\/index.php?rest_route=\/wp\/v2\/types\/post"}],"author":[{"embeddable":true,"href":"https:\/\/radiorevelacionfm.cl\/index.php?rest_route=\/wp\/v2\/users\/1"}],"replies":[{"embeddable":true,"href":"https:\/\/radiorevelacionfm.cl\/index.php?rest_route=%2Fwp%2Fv2%2Fcomments&post=3098"}],"version-history":[{"count":2,"href":"https:\/\/radiorevelacionfm.cl\/index.php?rest_route=\/wp\/v2\/posts\/3098\/revisions"}],"predecessor-version":[{"id":3101,"href":"https:\/\/radiorevelacionfm.cl\/index.php?rest_route=\/wp\/v2\/posts\/3098\/revisions\/3101"}],"wp:attachment":[{"href":"https:\/\/radiorevelacionfm.cl\/index.php?rest_route=%2Fwp%2Fv2%2Fmedia&parent=3098"}],"wp:term":[{"taxonomy":"category","embeddable":true,"href":"https:\/\/radiorevelacionfm.cl\/index.php?rest_route=%2Fwp%2Fv2%2Fcategories&post=3098"},{"taxonomy":"post_tag","embeddable":true,"href":"https:\/\/radiorevelacionfm.cl\/index.php?rest_route=%2Fwp%2Fv2%2Ftags&post=3098"}],"curies":[{"name":"wp","href":"https:\/\/api.w.org\/{rel}","templated":true}]}}