{"id":30979,"date":"2023-05-12T18:48:29","date_gmt":"2023-05-12T21:48:29","guid":{"rendered":"https:\/\/radiorevelacionfm.cl\/?p=30979"},"modified":"2023-05-12T18:48:29","modified_gmt":"2023-05-12T21:48:29","slug":"alianza-estrategica-permite-aumentar-a-cuatro-los-box-de-atencion-en-salud-para-puerto-chacabuco","status":"publish","type":"post","link":"https:\/\/radiorevelacionfm.cl\/?p=30979","title":{"rendered":"Alianza estrat\u00e9gica permite aumentar a cuatro los box de atenci\u00f3n en Salud para Puerto Chacabuco"},"content":{"rendered":"<div class=\"flex_column av_one_full  flex_column_div av-zero-column-padding first  avia-builder-el-0  el_before_av_one_full  avia-builder-el-first  \" style='border-radius:0px; '><div  class='avia-image-container  av-styling-    avia-builder-el-1  avia-builder-el-no-sibling  avia-align-center '  itemprop=\"image\" itemscope=\"itemscope\" itemtype=\"https:\/\/schema.org\/ImageObject\"  ><div class='avia-image-container-inner'><div class='avia-image-overlay-wrap'><img decoding=\"async\" class='wp-image-30980 avia-img-lazy-loading-not-30980 avia_image' src=\"https:\/\/radiorevelacionfm.cl\/wp-content\/uploads\/2023\/05\/img-boxchacabuco2-1_optimized.jpeg\" alt='' title='img-boxchacabuco2-(1)_optimized' height=\"600\" width=\"800\"  itemprop=\"thumbnailUrl\" srcset=\"https:\/\/radiorevelacionfm.cl\/wp-content\/uploads\/2023\/05\/img-boxchacabuco2-1_optimized.jpeg 800w, https:\/\/radiorevelacionfm.cl\/wp-content\/uploads\/2023\/05\/img-boxchacabuco2-1_optimized-300x225.jpeg 300w, https:\/\/radiorevelacionfm.cl\/wp-content\/uploads\/2023\/05\/img-boxchacabuco2-1_optimized-768x576.jpeg 768w, https:\/\/radiorevelacionfm.cl\/wp-content\/uploads\/2023\/05\/img-boxchacabuco2-1_optimized-705x529.jpeg 705w, https:\/\/radiorevelacionfm.cl\/wp-content\/uploads\/2023\/05\/img-boxchacabuco2-1_optimized-450x338.jpeg 450w, https:\/\/radiorevelacionfm.cl\/wp-content\/uploads\/2023\/05\/img-boxchacabuco2-1_optimized-600x450.jpeg 600w\" sizes=\"(max-width: 800px) 100vw, 800px\" \/><\/div><\/div><\/div><\/div><div class=\"flex_column av_one_full  flex_column_div av-zero-column-padding first  avia-builder-el-2  el_after_av_one_full  el_before_av_one_full  column-top-margin\" style='border-radius:0px; '><section class=\"av_textblock_section \"  itemscope=\"itemscope\" itemtype=\"https:\/\/schema.org\/BlogPosting\" itemprop=\"blogPost\" ><div class='avia_textblock  '   itemprop=\"text\" ><p style=\"text-align: center;\"><strong><span style=\"font-size: 18pt;\">Alianza estrat\u00e9gica permite aumentar a cuatro los box de atenci\u00f3n en Salud para Puerto Chacabuco<\/span><\/strong><\/p>\n<div id=\"gtx-trans\" style=\"position: absolute; left: -50px; top: 4.31534px;\">\n<div class=\"gtx-trans-icon\"><\/div>\n<\/div>\n<\/div><\/section><\/div><div class=\"flex_column av_one_full  flex_column_div av-zero-column-padding first  avia-builder-el-4  el_after_av_one_full  el_before_av_hr  column-top-margin\" style='border-radius:0px; '><section class=\"av_textblock_section \"  itemscope=\"itemscope\" itemtype=\"https:\/\/schema.org\/BlogPosting\" itemprop=\"blogPost\" ><div class='avia_textblock  '   itemprop=\"text\" ><p style=\"text-align: justify;\">Ante la necesidad de fortalecer las prestaciones sanitarias en todo el territorio de la comuna de Ays\u00e9n, la direcci\u00f3n del CESFAM de Puerto Ays\u00e9n, que posee bajo su dependencia el CECOSF de Puerto Chacabuco, desarroll\u00f3 un v\u00ednculo de colaboraci\u00f3n con el Club de Adulto Mayor \u201cArturo Prat\u201d para utilizar sus dependencias y as\u00ed aumentar las horas de m\u00e9dico general, las atenciones profesionales de trabajor social, nutricionista y psic\u00f3logo. Esta labor cont\u00f3 tambi\u00e9n con la colaboraci\u00f3n de Mowi Chile y el Municipio para la restauraci\u00f3n del espacio que alguna vez alberg\u00f3 a la Posta de la localidad y que hoy se encuentra en comodato a las personas mayores.<\/p>\n<p style=\"text-align: justify;\">Al respecto, la directora CESFAM de Puerto Ays\u00e9n, Dra. Milenka Adofacci Zamora, enfatiz\u00f3 en que esta acci\u00f3n responde a la \u201cpostergaci\u00f3n existente en el territorio\u201d. As\u00ed tambi\u00e9n, explic\u00f3 que el compromiso de su administraci\u00f3n fue conseguir un espacio f\u00edsico para aumentar las atenciones en favor de los vecinos y vecinas del principal puerto de entrada a la Regi\u00f3n. \u201cEste es un trabajo de restauraci\u00f3n que se ha hecho con mucho coraz\u00f3n por parte del equipo de Mantenci\u00f3n, liderado por nuestra Coordinaci\u00f3n Administrativa y ha hecho un trabajo significativo. No solamente en las horas hombres empleadas y en el financiamiento, sino que tambi\u00e9n en la vocaci\u00f3n por estar entregando espacios que sean dignos para la atenci\u00f3n en Salud\u201d, puntualiz\u00f3 la directora.<\/p>\n<p style=\"text-align: justify;\">Por su parte, Elizabeth Barr\u00eda Soto, presidenta del Club de Adulto Mayor \u201cArturo Prat\u201d, abord\u00f3 el trabajo que efect\u00faan como organizaci\u00f3n social destacando tambi\u00e9n la integraci\u00f3n que ha tenido la direcci\u00f3n del CESFAM en estos espacios. \u201cMe parece muy bien que la directora se integre con este grupo de adultos mayores porque hac\u00eda mucha falta en la comunidad de Puerto Chacabuco para muchas personas. Me ha gustado mucho esta colaboraci\u00f3n y ojal\u00e1 esto siga adelante y si se puede ampliar m\u00e1s lo que es servicios de salud para nosotros est\u00e1 todo bien\u201d.<\/p>\n<p style=\"text-align: justify;\">Sobre la importancia que tienen estas acciones y la l\u00ednea que siguen bajo el Programa de Gobierno del Presidente Gabriel Boric Font, el delegado presidencial de la Provincia de Ays\u00e9n, Jorge D\u00edaz Guzm\u00e1n, detall\u00f3 que tienen relaci\u00f3n con la seguridad desde el punto de vista sanitario. \u201cEl acceso a la salud oportuna y cercana, naturalmente que es una prioridad. De esta manera debemos trabajar, integradamente\u201d, expres\u00f3 la autoridad de gobierno.<\/p>\n<p style=\"text-align: justify;\">Desde el municipio existi\u00f3 una valoraci\u00f3n positiva de lo obrado por la actual administraci\u00f3n del Cesfam. As\u00ed lo explic\u00f3 el alcalde de Ays\u00e9n, Julio Uribe Alvarado, quien destac\u00f3 el \u00edmpetu descentralizador que tiene esta acci\u00f3n, agregando que \u201crelataban algunos vecinos lo dif\u00edcil que era conseguir horas m\u00e9dicas o a veces por movilizaci\u00f3n perd\u00edan sus horas.\u00a0 Hoy d\u00eda vamos a tener esas atenciones en Puerto Chacabuco, as\u00ed que felicitar a todos los que han hecho posible este desarrollo\u201d.<\/p>\n<p style=\"text-align: justify;\">Un actor clave para efectuar estas faenas y otros apoyos ha sido Mowi Chile, quienes, a trav\u00e9s de su encargada de Comunicaciones y Comunidades, Pamela Navarrete Bustamante, han articulado distintas ayudas al recinto sanitario. En este sentido, la representante empresarial abord\u00f3 el compromiso de la compa\u00f1\u00eda con ser \u201cbuenos vecinos\u201d como un ente integrado a la comunidad, \u201cestamos trabajando fuertemente, haciendo que las cosas sucedan y estamos muy contentos de estar sum\u00e1ndonos como un actor de apoyo para Puerto Chacabuco\u201d.<\/p>\n<p style=\"text-align: justify;\">Finalmente, Alicia Ru\u00edz, hist\u00f3rica dirigenta de Puerto Chacabuco, agradeci\u00f3 lo efectuado para ir en aumento de las atenciones m\u00e9dicas en la localidad. \u201cLa doctora Adofacci hasta hoy en d\u00eda nos ha respondido bien, que es la parte m\u00e1s importante.\u00a0 Ha tenido las puertas abiertas muchas veces para las personas que necesitan de su ayuda, en cuanto a las horas y todo eso ha estado super bien. As\u00ed que felicitaciones, pues hasta ahora por lo menos ha funcionado bien. Yo soy bien cr\u00edtica en la situaci\u00f3n, as\u00ed que no me caso con nadie, pero esta vez parece que me doblaron la mano y eso significa algo positivo\u201d, sentenci\u00f3 Ru\u00edz.<\/p>\n<\/div><\/section><\/div><div  style='height:50px' class='hr hr-invisible   avia-builder-el-6  el_after_av_one_full  el_before_av_social_share '><span class='hr-inner ' ><span class='hr-inner-style'><\/span><\/span><\/div><\/p>\n<div  class='av-social-sharing-box  avia-builder-el-7  el_after_av_hr  el_before_av_hr  '><div class='av-share-box'><h5 class='av-share-link-description av-no-toc '>Compartir esta noticia<\/h5><ul class='av-share-box-list noLightbox'><li class='av-share-link av-social-link-facebook' ><a target=\"_blank\" aria-label=\"Compartir en Facebook\" href='https:\/\/www.facebook.com\/sharer.php?u=https:\/\/radiorevelacionfm.cl\/?p=30979&#038;t=Alianza%20estrat%C3%A9gica%20permite%20aumentar%20a%20cuatro%20los%20box%20de%20atenci%C3%B3n%20en%20Salud%20para%20Puerto%20Chacabuco' aria-hidden='false' data-av_icon='\ue8f3' data-av_iconfont='entypo-fontello' title='' data-avia-related-tooltip='Compartir en Facebook' rel=\"noopener\"><span class='avia_hidden_link_text'>Compartir en Facebook<\/span><\/a><\/li><li class='av-share-link av-social-link-twitter' ><a target=\"_blank\" aria-label=\"Compartir en Twitter\" href='https:\/\/twitter.com\/share?text=Alianza%20estrat%C3%A9gica%20permite%20aumentar%20a%20cuatro%20los%20box%20de%20atenci%C3%B3n%20en%20Salud%20para%20Puerto%20Chacabuco&#038;url=https:\/\/radiorevelacionfm.cl\/?p=30979' aria-hidden='false' data-av_icon='\ue8f1' data-av_iconfont='entypo-fontello' title='' data-avia-related-tooltip='Compartir en Twitter' rel=\"noopener\"><span class='avia_hidden_link_text'>Compartir en Twitter<\/span><\/a><\/li><li class='av-share-link av-social-link-whatsapp' ><a target=\"_blank\" aria-label=\"Compartir en Whatsapp\" href='https:\/\/api.whatsapp.com\/send?text=https:\/\/radiorevelacionfm.cl\/?p=30979' aria-hidden='false' data-av_icon='\uf232' data-av_iconfont='entypo-fontello' title='' data-avia-related-tooltip='Compartir en Whatsapp' rel=\"noopener\"><span class='avia_hidden_link_text'>Compartir en Whatsapp<\/span><\/a><\/li><li class='av-share-link av-social-link-linkedin' ><a target=\"_blank\" aria-label=\"Compartir en LinkedIn\" href='https:\/\/linkedin.com\/shareArticle?mini=true&#038;title=Alianza%20estrat%C3%A9gica%20permite%20aumentar%20a%20cuatro%20los%20box%20de%20atenci%C3%B3n%20en%20Salud%20para%20Puerto%20Chacabuco&#038;url=https:\/\/radiorevelacionfm.cl\/?p=30979' aria-hidden='false' data-av_icon='\ue8fc' data-av_iconfont='entypo-fontello' title='' data-avia-related-tooltip='Compartir en LinkedIn' rel=\"noopener\"><span class='avia_hidden_link_text'>Compartir en LinkedIn<\/span><\/a><\/li><li class='av-share-link av-social-link-mail' ><a  aria-label=\"Compartir por correo\" href='mailto:?subject=Alianza%20estrat%C3%A9gica%20permite%20aumentar%20a%20cuatro%20los%20box%20de%20atenci%C3%B3n%20en%20Salud%20para%20Puerto%20Chacabuco&#038;body=https:\/\/radiorevelacionfm.cl\/?p=30979' aria-hidden='false' data-av_icon='\ue805' data-av_iconfont='entypo-fontello' title='' data-avia-related-tooltip='Compartir por correo'><span class='avia_hidden_link_text'>Compartir por correo<\/span><\/a><\/li><\/ul><\/div><\/div>\n<div  style='height:50px' class='hr hr-invisible   avia-builder-el-8  el_after_av_social_share  el_before_av_comments_list '><span class='hr-inner ' ><span class='hr-inner-style'><\/span><\/span><\/div>\n<div  class='av-buildercomment  av-blog-meta-html-info-disabled av-blog-meta-tag-disabled  '><\/div>\n","protected":false},"excerpt":{"rendered":"","protected":false},"author":1,"featured_media":30980,"comment_status":"open","ping_status":"open","sticky":false,"template":"","format":"standard","meta":{"footnotes":""},"categories":[46],"tags":[],"class_list":["post-30979","post","type-post","status-publish","format-standard","has-post-thumbnail","hentry","category-salud"],"jetpack_featured_media_url":"https:\/\/radiorevelacionfm.cl\/wp-content\/uploads\/2023\/05\/img-boxchacabuco2-1_optimized.jpeg","_links":{"self":[{"href":"https:\/\/radiorevelacionfm.cl\/index.php?rest_route=\/wp\/v2\/posts\/30979","targetHints":{"allow":["GET"]}}],"collection":[{"href":"https:\/\/radiorevelacionfm.cl\/index.php?rest_route=\/wp\/v2\/posts"}],"about":[{"href":"https:\/\/radiorevelacionfm.cl\/index.php?rest_route=\/wp\/v2\/types\/post"}],"author":[{"embeddable":true,"href":"https:\/\/radiorevelacionfm.cl\/index.php?rest_route=\/wp\/v2\/users\/1"}],"replies":[{"embeddable":true,"href":"https:\/\/radiorevelacionfm.cl\/index.php?rest_route=%2Fwp%2Fv2%2Fcomments&post=30979"}],"version-history":[{"count":1,"href":"https:\/\/radiorevelacionfm.cl\/index.php?rest_route=\/wp\/v2\/posts\/30979\/revisions"}],"predecessor-version":[{"id":30981,"href":"https:\/\/radiorevelacionfm.cl\/index.php?rest_route=\/wp\/v2\/posts\/30979\/revisions\/30981"}],"wp:featuredmedia":[{"embeddable":true,"href":"https:\/\/radiorevelacionfm.cl\/index.php?rest_route=\/wp\/v2\/media\/30980"}],"wp:attachment":[{"href":"https:\/\/radiorevelacionfm.cl\/index.php?rest_route=%2Fwp%2Fv2%2Fmedia&parent=30979"}],"wp:term":[{"taxonomy":"category","embeddable":true,"href":"https:\/\/radiorevelacionfm.cl\/index.php?rest_route=%2Fwp%2Fv2%2Fcategories&post=30979"},{"taxonomy":"post_tag","embeddable":true,"href":"https:\/\/radiorevelacionfm.cl\/index.php?rest_route=%2Fwp%2Fv2%2Ftags&post=30979"}],"curies":[{"name":"wp","href":"https:\/\/api.w.org\/{rel}","templated":true}]}}