{"id":30975,"date":"2023-05-13T12:09:44","date_gmt":"2023-05-13T15:09:44","guid":{"rendered":"https:\/\/radiorevelacionfm.cl\/?p=30975"},"modified":"2023-05-13T12:48:33","modified_gmt":"2023-05-13T15:48:33","slug":"firma-sella-nuevo-hito-para-la-construccion-de-un-nuevo-puente-urbano-sobre-el-rio-aysen","status":"publish","type":"post","link":"https:\/\/radiorevelacionfm.cl\/?p=30975","title":{"rendered":"Firma sella nuevo hito para la construcci\u00f3n de un nuevo puente urbano sobre el R\u00edo Ays\u00e9n"},"content":{"rendered":"<div class=\"flex_column av_one_full  flex_column_div av-zero-column-padding first  avia-builder-el-0  el_before_av_one_full  avia-builder-el-first  \" style='border-radius:0px; '><div  class='avia-image-container  av-styling-    avia-builder-el-1  avia-builder-el-no-sibling  avia-align-center '  itemprop=\"image\" itemscope=\"itemscope\" itemtype=\"https:\/\/schema.org\/ImageObject\"  ><div class='avia-image-container-inner'><div class='avia-image-overlay-wrap'><img decoding=\"async\" class='wp-image-30984 avia-img-lazy-loading-not-30984 avia_image' src=\"https:\/\/radiorevelacionfm.cl\/wp-content\/uploads\/2023\/05\/puente-aysen_nocturno1-1_optimized-1.jpg\" alt='' title='puente-aysen_nocturno1-(1)_optimized (1)' height=\"600\" width=\"901\"  itemprop=\"thumbnailUrl\" srcset=\"https:\/\/radiorevelacionfm.cl\/wp-content\/uploads\/2023\/05\/puente-aysen_nocturno1-1_optimized-1.jpg 901w, https:\/\/radiorevelacionfm.cl\/wp-content\/uploads\/2023\/05\/puente-aysen_nocturno1-1_optimized-1-300x200.jpg 300w, https:\/\/radiorevelacionfm.cl\/wp-content\/uploads\/2023\/05\/puente-aysen_nocturno1-1_optimized-1-768x511.jpg 768w, https:\/\/radiorevelacionfm.cl\/wp-content\/uploads\/2023\/05\/puente-aysen_nocturno1-1_optimized-1-705x469.jpg 705w, https:\/\/radiorevelacionfm.cl\/wp-content\/uploads\/2023\/05\/puente-aysen_nocturno1-1_optimized-1-450x300.jpg 450w, https:\/\/radiorevelacionfm.cl\/wp-content\/uploads\/2023\/05\/puente-aysen_nocturno1-1_optimized-1-600x400.jpg 600w\" sizes=\"(max-width: 901px) 100vw, 901px\" \/><\/div><\/div><\/div><\/div><div class=\"flex_column av_one_full  flex_column_div av-zero-column-padding first  avia-builder-el-2  el_after_av_one_full  el_before_av_one_full  column-top-margin\" style='border-radius:0px; '><section class=\"av_textblock_section \"  itemscope=\"itemscope\" itemtype=\"https:\/\/schema.org\/BlogPosting\" itemprop=\"blogPost\" ><div class='avia_textblock  '   itemprop=\"text\" ><p style=\"text-align: center;\"><span style=\"font-size: 18pt;\"><strong>Firma sella nuevo hito para la construcci\u00f3n de un nuevo puente urbano sobre el R\u00edo Ays\u00e9n<\/strong><\/span><\/p>\n<div id=\"gtx-trans\" style=\"position: absolute; left: -50px; top: 4.31534px;\">\n<div class=\"gtx-trans-icon\"><\/div>\n<\/div>\n<\/div><\/section><\/div><\/p>\n<div class=\"flex_column av_one_full  flex_column_div av-zero-column-padding first  avia-builder-el-4  el_after_av_one_full  el_before_av_hr  column-top-margin\" style='border-radius:0px; '><section class=\"av_textblock_section \"  itemscope=\"itemscope\" itemtype=\"https:\/\/schema.org\/BlogPosting\" itemprop=\"blogPost\" ><div class='avia_textblock  '   itemprop=\"text\" ><p style=\"text-align: justify;\">Este jueves 11 de mayo, a las 18:00 horas se vivi\u00f3 un hito important\u00edsimo en la consecuci\u00f3n de la construcci\u00f3n de un nuevo puente urbano para la comuna de Ays\u00e9n. En la ceremonia, que se llev\u00f3 a cabo en las inmediaciones de la atracci\u00f3n tur\u00edstica de las letras de Puerto Ays\u00e9n a un costado del emblem\u00e1tico Monumento Hist\u00f3rico Nacional, Puente Presidente Ib\u00e1\u00f1ez, cont\u00f3 con la presencia de autoridades regionales y municipales; como la Gobernadora Regional de Ays\u00e9n, Andrea Mac\u00edas Palma; la seremi de Transportes y Telecomunicaciones de la Regi\u00f3n de Ays\u00e9n, Claudia Cantero Delgado; el alcalde de la comuna, Julio Uribe Alvarado; el concejal, Jorge Figueroa Jara; entre otros.<\/p>\n<p style=\"text-align: justify;\">En este hito se acord\u00f3 llevar a cabo las gestiones necesarias que permitan asumir a la Gobernaci\u00f3n Regional de Ays\u00e9n, el rol de unidad financiera en la etapa de prefactibilidad del proyecto de un nuevo puente urbano para la comuna. Por su parte, la Secretar\u00eda de Transportes del Ministerio de Transportes y Telecomunicaciones estar\u00e1 a cargo de la ejecuci\u00f3n del nuevo puente urbano. Este acuerdo fue firmado por la Gobernadora Regional de Ays\u00e9n, la seremi de Transportes y Telecomunicaciones de la Regi\u00f3n de Ays\u00e9n, y el alcalde de la comuna, Julio Uribe Alvarado.<\/p>\n<p style=\"text-align: justify;\">Este es uno de los primeros pasos en transformar el proyecto de un nuevo puente urbano en realidad, uniendo el R\u00edo Ays\u00e9n, tanto Ribera Norte y Ribera Sur, descongestionando a la ciudad y dando prioridad a ciclistas y peatones en un dise\u00f1o que ser\u00e1 comunitario en instancias de participaci\u00f3n comunales.<\/p>\n<p style=\"text-align: justify;\">\u201cEsto significa que se comienza a avanzar y que Ays\u00e9n va a poder contar en un futuro pr\u00f3ximo con un segundo puente urbano que viene a resolver algunos problemas que hoy existen en materia de congesti\u00f3n de tr\u00e1nsito, no solo vehicular sino tambi\u00e9n peatonal y de ciclistas. Son 234 millones de pesos que el Gobierno Regional y su Consejo ponen a disposici\u00f3n de la comuna para avanzar con este estudio\u201d, asegur\u00f3 la Gobernadora Regional, Andrea Mac\u00edas Palma.<\/p>\n<p style=\"text-align: justify;\">Asimismo, el alcalde de la comuna asegura que este es un momento hist\u00f3rico para la comuna, \u201ces un anhelo de muchos a\u00f1os donde hemos puesto trabajo y pasi\u00f3n, y hoy d\u00eda vemos concretado este gran trabajo t\u00e9cnico de nuestros profesionales, tanto de la Direcci\u00f3n de Tr\u00e1nsito y Transportes y la Secretar\u00eda de Planificaci\u00f3n Comunal\u201d, recalcando que este ha sido un trabajo colaborativo entre las distintas instituciones y relevando el nivel de proyectos que mantiene la comuna siendo el m\u00e1s destacado de la regi\u00f3n.<\/p>\n<p style=\"text-align: justify;\">Este hito viene detr\u00e1s de la gesti\u00f3n de los datos obtenidos en el estudio Actualizaci\u00f3n del Plan de Gesti\u00f3n de Tr\u00e1nsito de Puerto Ays\u00e9n, donde se obtuvo un An\u00e1lisis de perfil de un nuevo puente urbano para nuestra ciudad. Este an\u00e1lisis arroj\u00f3 como conclusi\u00f3n que la ejecuci\u00f3n de dicho proyecto traer\u00eda consigo significativos beneficios sociales, ahorro en los tiempos viajes y combustible al generar una nueva conexi\u00f3n entre el sector de la Ribera Sur y Ribera Norte, mejorando la circulaci\u00f3n vehicular y movilidad en toda la ciudad de Puerto Ays\u00e9n.<\/p>\n<p style=\"text-align: justify;\">Finalmente, gracias a un trabajo colaborativo entre entidades nacionales, regionales y a nivel comunal, desde la Direcci\u00f3n de Tr\u00e1nsito y Transporte P\u00fablico, la Secretar\u00eda de Planificaci\u00f3n Comunal y la actual administraci\u00f3n, es factible la postulaci\u00f3n a la etapa de prefactibilidad, es decir, realizar un estudio que desarrolle el anteproyecto y la evaluaci\u00f3n definitiva del proyecto, lo que ser\u00e1 una inversi\u00f3n de $238 millones, financiamiento se encuentra disponible gracias al apoyo de la Gobernaci\u00f3n Regional de Ays\u00e9n.<\/p>\n<\/div><\/section><\/div>\n<div  style='height:50px' class='hr hr-invisible   avia-builder-el-6  el_after_av_one_full  el_before_av_social_share '><span class='hr-inner ' ><span class='hr-inner-style'><\/span><\/span><\/div>\n<div  class='av-social-sharing-box  avia-builder-el-7  el_after_av_hr  el_before_av_hr  '><div class='av-share-box'><h5 class='av-share-link-description av-no-toc '>Compartir esta noticia<\/h5><ul class='av-share-box-list noLightbox'><li class='av-share-link av-social-link-facebook' ><a target=\"_blank\" aria-label=\"Compartir en Facebook\" href='https:\/\/www.facebook.com\/sharer.php?u=https:\/\/radiorevelacionfm.cl\/?p=30975&#038;t=Firma%20sella%20nuevo%20hito%20para%20la%20construcci%C3%B3n%20de%20un%20nuevo%20puente%20urbano%20sobre%20el%20R%C3%ADo%20Ays%C3%A9n' aria-hidden='false' data-av_icon='\ue8f3' data-av_iconfont='entypo-fontello' title='' data-avia-related-tooltip='Compartir en Facebook' rel=\"noopener\"><span class='avia_hidden_link_text'>Compartir en Facebook<\/span><\/a><\/li><li class='av-share-link av-social-link-twitter' ><a target=\"_blank\" aria-label=\"Compartir en Twitter\" href='https:\/\/twitter.com\/share?text=Firma%20sella%20nuevo%20hito%20para%20la%20construcci%C3%B3n%20de%20un%20nuevo%20puente%20urbano%20sobre%20el%20R%C3%ADo%20Ays%C3%A9n&#038;url=https:\/\/radiorevelacionfm.cl\/?p=30975' aria-hidden='false' data-av_icon='\ue8f1' data-av_iconfont='entypo-fontello' title='' data-avia-related-tooltip='Compartir en Twitter' rel=\"noopener\"><span class='avia_hidden_link_text'>Compartir en Twitter<\/span><\/a><\/li><li class='av-share-link av-social-link-whatsapp' ><a target=\"_blank\" aria-label=\"Compartir en Whatsapp\" href='https:\/\/api.whatsapp.com\/send?text=https:\/\/radiorevelacionfm.cl\/?p=30975' aria-hidden='false' data-av_icon='\uf232' data-av_iconfont='entypo-fontello' title='' data-avia-related-tooltip='Compartir en Whatsapp' rel=\"noopener\"><span class='avia_hidden_link_text'>Compartir en Whatsapp<\/span><\/a><\/li><li class='av-share-link av-social-link-linkedin' ><a target=\"_blank\" aria-label=\"Compartir en LinkedIn\" href='https:\/\/linkedin.com\/shareArticle?mini=true&#038;title=Firma%20sella%20nuevo%20hito%20para%20la%20construcci%C3%B3n%20de%20un%20nuevo%20puente%20urbano%20sobre%20el%20R%C3%ADo%20Ays%C3%A9n&#038;url=https:\/\/radiorevelacionfm.cl\/?p=30975' aria-hidden='false' data-av_icon='\ue8fc' data-av_iconfont='entypo-fontello' title='' data-avia-related-tooltip='Compartir en LinkedIn' rel=\"noopener\"><span class='avia_hidden_link_text'>Compartir en LinkedIn<\/span><\/a><\/li><li class='av-share-link av-social-link-mail' ><a  aria-label=\"Compartir por correo\" href='mailto:?subject=Firma%20sella%20nuevo%20hito%20para%20la%20construcci%C3%B3n%20de%20un%20nuevo%20puente%20urbano%20sobre%20el%20R%C3%ADo%20Ays%C3%A9n&#038;body=https:\/\/radiorevelacionfm.cl\/?p=30975' aria-hidden='false' data-av_icon='\ue805' data-av_iconfont='entypo-fontello' title='' data-avia-related-tooltip='Compartir por correo'><span class='avia_hidden_link_text'>Compartir por correo<\/span><\/a><\/li><\/ul><\/div><\/div>\n<div  style='height:50px' class='hr hr-invisible   avia-builder-el-8  el_after_av_social_share  el_before_av_comments_list '><span class='hr-inner ' ><span class='hr-inner-style'><\/span><\/span><\/div>\n<div  class='av-buildercomment  av-blog-meta-html-info-disabled av-blog-meta-tag-disabled  '><\/div>\n","protected":false},"excerpt":{"rendered":"","protected":false},"author":1,"featured_media":30984,"comment_status":"open","ping_status":"open","sticky":false,"template":"","format":"standard","meta":{"footnotes":""},"categories":[38],"tags":[],"class_list":["post-30975","post","type-post","status-publish","format-standard","has-post-thumbnail","hentry","category-regional"],"jetpack_featured_media_url":"https:\/\/radiorevelacionfm.cl\/wp-content\/uploads\/2023\/05\/puente-aysen_nocturno1-1_optimized-1.jpg","_links":{"self":[{"href":"https:\/\/radiorevelacionfm.cl\/index.php?rest_route=\/wp\/v2\/posts\/30975","targetHints":{"allow":["GET"]}}],"collection":[{"href":"https:\/\/radiorevelacionfm.cl\/index.php?rest_route=\/wp\/v2\/posts"}],"about":[{"href":"https:\/\/radiorevelacionfm.cl\/index.php?rest_route=\/wp\/v2\/types\/post"}],"author":[{"embeddable":true,"href":"https:\/\/radiorevelacionfm.cl\/index.php?rest_route=\/wp\/v2\/users\/1"}],"replies":[{"embeddable":true,"href":"https:\/\/radiorevelacionfm.cl\/index.php?rest_route=%2Fwp%2Fv2%2Fcomments&post=30975"}],"version-history":[{"count":3,"href":"https:\/\/radiorevelacionfm.cl\/index.php?rest_route=\/wp\/v2\/posts\/30975\/revisions"}],"predecessor-version":[{"id":30985,"href":"https:\/\/radiorevelacionfm.cl\/index.php?rest_route=\/wp\/v2\/posts\/30975\/revisions\/30985"}],"wp:featuredmedia":[{"embeddable":true,"href":"https:\/\/radiorevelacionfm.cl\/index.php?rest_route=\/wp\/v2\/media\/30984"}],"wp:attachment":[{"href":"https:\/\/radiorevelacionfm.cl\/index.php?rest_route=%2Fwp%2Fv2%2Fmedia&parent=30975"}],"wp:term":[{"taxonomy":"category","embeddable":true,"href":"https:\/\/radiorevelacionfm.cl\/index.php?rest_route=%2Fwp%2Fv2%2Fcategories&post=30975"},{"taxonomy":"post_tag","embeddable":true,"href":"https:\/\/radiorevelacionfm.cl\/index.php?rest_route=%2Fwp%2Fv2%2Ftags&post=30975"}],"curies":[{"name":"wp","href":"https:\/\/api.w.org\/{rel}","templated":true}]}}