{"id":30972,"date":"2023-05-12T20:47:57","date_gmt":"2023-05-12T23:47:57","guid":{"rendered":"https:\/\/radiorevelacionfm.cl\/?p=30972"},"modified":"2023-05-12T20:47:57","modified_gmt":"2023-05-12T23:47:57","slug":"liceos-de-manihuales-y-villa-ohiggins-se-incorporan-a-programa-pace-uaysen","status":"publish","type":"post","link":"https:\/\/radiorevelacionfm.cl\/?p=30972","title":{"rendered":"Liceos de Ma\u00f1ihuales y Villa O\u00b4Higgins se incorporan a programa PACE UAys\u00e9n"},"content":{"rendered":"<div class=\"flex_column av_one_full  flex_column_div av-zero-column-padding first  avia-builder-el-0  el_before_av_one_full  avia-builder-el-first  \" style='border-radius:0px; '><div  class='avia-image-container  av-styling-    avia-builder-el-1  avia-builder-el-no-sibling  avia-align-center '  itemprop=\"image\" itemscope=\"itemscope\" itemtype=\"https:\/\/schema.org\/ImageObject\"  ><div class='avia-image-container-inner'><div class='avia-image-overlay-wrap'><img decoding=\"async\" class='wp-image-30973 avia-img-lazy-loading-not-30973 avia_image' src=\"https:\/\/radiorevelacionfm.cl\/wp-content\/uploads\/2023\/05\/e1eae0e7-c8f2-4add-8628-60467f474063-1_optimized-1.jpg\" alt='' title='e1eae0e7-c8f2-4add-8628-60467f474063-(1)_optimized (1)' height=\"600\" width=\"809\"  itemprop=\"thumbnailUrl\" srcset=\"https:\/\/radiorevelacionfm.cl\/wp-content\/uploads\/2023\/05\/e1eae0e7-c8f2-4add-8628-60467f474063-1_optimized-1.jpg 809w, https:\/\/radiorevelacionfm.cl\/wp-content\/uploads\/2023\/05\/e1eae0e7-c8f2-4add-8628-60467f474063-1_optimized-1-300x222.jpg 300w, https:\/\/radiorevelacionfm.cl\/wp-content\/uploads\/2023\/05\/e1eae0e7-c8f2-4add-8628-60467f474063-1_optimized-1-768x570.jpg 768w, https:\/\/radiorevelacionfm.cl\/wp-content\/uploads\/2023\/05\/e1eae0e7-c8f2-4add-8628-60467f474063-1_optimized-1-705x523.jpg 705w, https:\/\/radiorevelacionfm.cl\/wp-content\/uploads\/2023\/05\/e1eae0e7-c8f2-4add-8628-60467f474063-1_optimized-1-450x334.jpg 450w, https:\/\/radiorevelacionfm.cl\/wp-content\/uploads\/2023\/05\/e1eae0e7-c8f2-4add-8628-60467f474063-1_optimized-1-600x445.jpg 600w\" sizes=\"(max-width: 809px) 100vw, 809px\" \/><\/div><\/div><\/div><\/div><div class=\"flex_column av_one_full  flex_column_div av-zero-column-padding first  avia-builder-el-2  el_after_av_one_full  el_before_av_one_full  column-top-margin\" style='border-radius:0px; '><section class=\"av_textblock_section \"  itemscope=\"itemscope\" itemtype=\"https:\/\/schema.org\/BlogPosting\" itemprop=\"blogPost\" ><div class='avia_textblock  '   itemprop=\"text\" ><p style=\"text-align: center;\"><span style=\"font-size: 18pt;\"><b><span lang=\"ES\">Liceos de Ma\u00f1ihuales y Villa O\u00b4Higgins se incorporan a programa PACE UAys\u00e9n<\/span><\/b><\/span><\/p>\n<div id=\"gtx-trans\" style=\"position: absolute; left: -50px; top: 4.31534px;\">\n<div class=\"gtx-trans-icon\"><\/div>\n<\/div>\n<\/div><\/section><\/div><div class=\"flex_column av_one_full  flex_column_div av-zero-column-padding first  avia-builder-el-4  el_after_av_one_full  el_before_av_hr  column-top-margin\" style='border-radius:0px; '><section class=\"av_textblock_section \"  itemscope=\"itemscope\" itemtype=\"https:\/\/schema.org\/BlogPosting\" itemprop=\"blogPost\" ><div class='avia_textblock  '   itemprop=\"text\" ><p class=\"v1MsoNormal\" style=\"text-align: justify;\"><span lang=\"ES\">A partir del presente a\u00f1o el Ministerio de Educaci\u00f3n decret\u00f3 que las comunidades educativas del Liceo Pioneros del Sur de Villa O\u00b4Higgins y del Liceo Ma\u00f1ihuales deben ser parte del Programa de Acceso Efectivo a la Educaci\u00f3n Superior (PACE) de la Universidad de Ays\u00e9n. Con ello, los establecimientos recibir\u00e1n acompa\u00f1amiento desde la casa de estudios estatal para el acceso a la educaci\u00f3n superior a sus estudiantes de ense\u00f1anza media destacados, provenientes de contextos vulnerables, mediante la realizaci\u00f3n de acciones de preparaci\u00f3n y apoyo permanente, y el aseguramiento de cupos.<\/span><\/p>\n<p class=\"v1MsoNormal\" style=\"text-align: justify;\"><span lang=\"ES\">Seg\u00fan lo informado por Gustavo Campos, coordinador Preparaci\u00f3n en Ense\u00f1anza media (PEM) PACE UAys\u00e9n, hasta el a\u00f1o 2022, la Universidad de Ays\u00e9n atend\u00eda cinco establecimientos: Liceo Bicentenario Agr\u00edcola e Industrial de la Patagonia, Liceo Bicentenario Altos del Mackay y Liceo T\u00e9cnico Profesional Ricardo Navarrete Barr\u00eda, en Coyhaique y los liceos Ra\u00fal Broussain Campino de Puerto Ays\u00e9n y la Escuela Eusebio Ibar Schepeler de La Junta. \u00abA partir del 2023, se incorpor\u00f3 el Liceo Ma\u00f1ihuales, de la comuna de Ays\u00e9n y el Liceo Pioneros del Sur, de Villa O\u00b4Higgins, sumando el PACE UAYS\u00c9N, siete establecimientos. Ello constituye una oportunidad de ampliar las expectativas postsecundarias para sus estudiantes, ya que el programa PACE, ha ido consolid\u00e1ndose desde el a\u00f1o 2016, como otra de las v\u00edas de acceso a la Educaci\u00f3n Superior\u00bb.<\/span><\/p>\n<p class=\"v1MsoNormal\" style=\"text-align: justify;\"><span lang=\"ES\">El profesional agreg\u00f3 que, en la Regi\u00f3n de Ays\u00e9n, el programa PACE se inici\u00f3 el a\u00f1o 2018, ejecutado por las universidades Austral de Chile y Universidad de Ays\u00e9n, obteniendo hasta el a\u00f1o 2021 un total de 243 habilitados, de los cuales 207 ingresaron a la Educaci\u00f3n Superior. \u00abLa Regi\u00f3n de Ays\u00e9n ha logrado que el 85,2% de los habilitados ingrese a la Educaci\u00f3n Superior, cifras que la sit\u00faan por sobre el 81,7% de la Regi\u00f3n Metropolitana y el 81,8% correspondiente a la media nacional, seg\u00fan datos del Informe Divia 2022 entregado por el Mineduc\u00bb, especific\u00f3 Gustavo Campos.<\/span><\/p>\n<p class=\"v1MsoNormal\" style=\"text-align: justify;\"><span lang=\"ES\">Al respecto, David Past\u00e9n, jefe de la UTP de Educaci\u00f3n Media del Liceo Ma\u00f1ihuales valor\u00f3 el trabajo que comienza con el programa PACE UAys\u00e9n. \u00abNos encontramos con este programa PACE de la Universidad de Ays\u00e9n y estamos muy contentos de poder recibirlos, de poder ser parte de la familia PACE de la universidad, ya hemos hecho varias actividades con la Universidad, sobre todo en t\u00e9rminos de convivencia escolar. Ten\u00edamos la inquietud de poder ser parte de este programa y afortunadamente as\u00ed se han dado las cosas; los estudiantes, las estudiantes y tambi\u00e9n padres, madres y apoderados tambi\u00e9n est\u00e1n bastante interesados en poder concretar las acciones que tienen relaci\u00f3n con el programa PACE para que as\u00ed existen m\u00e1s alternativas de que nuestros estudiantes puedan acceder a la Universidad y a la educaci\u00f3n superior. As\u00ed que, de nuestra parte, nuestra proyecci\u00f3n es poder seguir trabajando con la Universidad de Ays\u00e9n y todo lo que ustedes necesiten tambi\u00e9n, pues nosotros ponemos de nuestra parte y siempre bienvenidos, bienvenidas a visitarnos aqu\u00ed al Liceo Ma\u00f1ihuales.<\/span><\/p>\n<p class=\"v1MsoNormal\" style=\"text-align: justify;\"><span lang=\"ES\">Por su parte, Roxana Arriagada, Orientadora vocacional del Liceo Pioneros del Sur de Villa O&#8217;Higgins tambi\u00e9n destac\u00f3 la incorporaci\u00f3n de su establecimiento al PACE UAys\u00e9n. \u00abEste a\u00f1o recibimos la incre\u00edble noticia de que fuimos seleccionados para participar del Programa PACE de la Universidad de Ays\u00e9n, Instituci\u00f3n que por lo dem\u00e1s ha estado apoy\u00e1ndonos desde hace ya m\u00e1s de tres a\u00f1os, brind\u00e1ndonos informaci\u00f3n y ayuda en diversos \u00e1mbitos relacionados con la admisi\u00f3n a la universidad.\u00a0 El programa PACE significa para nosotros, opciones de acompa\u00f1amiento, aprendizaje, apoyo y posibilidades de ingreso a instituciones de educaci\u00f3n superior como la UAys\u00e9n, Austral, B\u00edo B\u00edo, UdeC y Cat\u00f3lica de Chile, entre muchas otras. Nuestros estudiantes y apoderados de 3ro medio est\u00e1n felices de pertenecer a este programa y poder obtener acompa\u00f1amiento y asesor\u00eda para sus hijos\u00bb, se\u00f1al\u00f3.<\/span><\/p>\n<p class=\"v1MsoNormal\" style=\"text-align: justify;\"><span lang=\"ES\">Cabe se\u00f1alar que las 29 Instituciones de Educaci\u00f3n Superior que implementan el Programa PACE a lo largo de todo el pa\u00eds, incorporaron dos establecimientos m\u00e1s a sus respectivas programaciones operativas, sumando un total de 638 comunidades educativas que, junto a destacados profesionales de la educaci\u00f3n, trabajan la Exploraci\u00f3n Vocacional, Habilidades del Siglo XXI y Postulaci\u00f3n y Matr\u00edcula a la Educaci\u00f3n Superior.<\/span><\/p>\n<\/div><\/section><\/div><div  style='height:50px' class='hr hr-invisible   avia-builder-el-6  el_after_av_one_full  el_before_av_social_share '><span class='hr-inner ' ><span class='hr-inner-style'><\/span><\/span><\/div><\/p>\n<div  class='av-social-sharing-box  avia-builder-el-7  el_after_av_hr  el_before_av_hr  '><div class='av-share-box'><h5 class='av-share-link-description av-no-toc '>Compartir esta noticia<\/h5><ul class='av-share-box-list noLightbox'><li class='av-share-link av-social-link-facebook' ><a target=\"_blank\" aria-label=\"Compartir en Facebook\" href='https:\/\/www.facebook.com\/sharer.php?u=https:\/\/radiorevelacionfm.cl\/?p=30972&#038;t=Liceos%20de%20Ma%C3%B1ihuales%20y%20Villa%20O%C2%B4Higgins%20se%20incorporan%20a%20programa%20PACE%20UAys%C3%A9n' aria-hidden='false' data-av_icon='\ue8f3' data-av_iconfont='entypo-fontello' title='' data-avia-related-tooltip='Compartir en Facebook' rel=\"noopener\"><span class='avia_hidden_link_text'>Compartir en Facebook<\/span><\/a><\/li><li class='av-share-link av-social-link-twitter' ><a target=\"_blank\" aria-label=\"Compartir en Twitter\" href='https:\/\/twitter.com\/share?text=Liceos%20de%20Ma%C3%B1ihuales%20y%20Villa%20O%C2%B4Higgins%20se%20incorporan%20a%20programa%20PACE%20UAys%C3%A9n&#038;url=https:\/\/radiorevelacionfm.cl\/?p=30972' aria-hidden='false' data-av_icon='\ue8f1' data-av_iconfont='entypo-fontello' title='' data-avia-related-tooltip='Compartir en Twitter' rel=\"noopener\"><span class='avia_hidden_link_text'>Compartir en Twitter<\/span><\/a><\/li><li class='av-share-link av-social-link-whatsapp' ><a target=\"_blank\" aria-label=\"Compartir en Whatsapp\" href='https:\/\/api.whatsapp.com\/send?text=https:\/\/radiorevelacionfm.cl\/?p=30972' aria-hidden='false' data-av_icon='\uf232' data-av_iconfont='entypo-fontello' title='' data-avia-related-tooltip='Compartir en Whatsapp' rel=\"noopener\"><span class='avia_hidden_link_text'>Compartir en Whatsapp<\/span><\/a><\/li><li class='av-share-link av-social-link-linkedin' ><a target=\"_blank\" aria-label=\"Compartir en LinkedIn\" href='https:\/\/linkedin.com\/shareArticle?mini=true&#038;title=Liceos%20de%20Ma%C3%B1ihuales%20y%20Villa%20O%C2%B4Higgins%20se%20incorporan%20a%20programa%20PACE%20UAys%C3%A9n&#038;url=https:\/\/radiorevelacionfm.cl\/?p=30972' aria-hidden='false' data-av_icon='\ue8fc' data-av_iconfont='entypo-fontello' title='' data-avia-related-tooltip='Compartir en LinkedIn' rel=\"noopener\"><span class='avia_hidden_link_text'>Compartir en LinkedIn<\/span><\/a><\/li><li class='av-share-link av-social-link-mail' ><a  aria-label=\"Compartir por correo\" href='mailto:?subject=Liceos%20de%20Ma%C3%B1ihuales%20y%20Villa%20O%C2%B4Higgins%20se%20incorporan%20a%20programa%20PACE%20UAys%C3%A9n&#038;body=https:\/\/radiorevelacionfm.cl\/?p=30972' aria-hidden='false' data-av_icon='\ue805' data-av_iconfont='entypo-fontello' title='' data-avia-related-tooltip='Compartir por correo'><span class='avia_hidden_link_text'>Compartir por correo<\/span><\/a><\/li><\/ul><\/div><\/div>\n<div  style='height:50px' class='hr hr-invisible   avia-builder-el-8  el_after_av_social_share  el_before_av_comments_list '><span class='hr-inner ' ><span class='hr-inner-style'><\/span><\/span><\/div>\n<div  class='av-buildercomment  av-blog-meta-html-info-disabled av-blog-meta-tag-disabled  '><\/div>\n","protected":false},"excerpt":{"rendered":"","protected":false},"author":1,"featured_media":30973,"comment_status":"open","ping_status":"open","sticky":false,"template":"","format":"standard","meta":{"footnotes":""},"categories":[49],"tags":[],"class_list":["post-30972","post","type-post","status-publish","format-standard","has-post-thumbnail","hentry","category-educacion"],"jetpack_featured_media_url":"https:\/\/radiorevelacionfm.cl\/wp-content\/uploads\/2023\/05\/e1eae0e7-c8f2-4add-8628-60467f474063-1_optimized-1.jpg","_links":{"self":[{"href":"https:\/\/radiorevelacionfm.cl\/index.php?rest_route=\/wp\/v2\/posts\/30972","targetHints":{"allow":["GET"]}}],"collection":[{"href":"https:\/\/radiorevelacionfm.cl\/index.php?rest_route=\/wp\/v2\/posts"}],"about":[{"href":"https:\/\/radiorevelacionfm.cl\/index.php?rest_route=\/wp\/v2\/types\/post"}],"author":[{"embeddable":true,"href":"https:\/\/radiorevelacionfm.cl\/index.php?rest_route=\/wp\/v2\/users\/1"}],"replies":[{"embeddable":true,"href":"https:\/\/radiorevelacionfm.cl\/index.php?rest_route=%2Fwp%2Fv2%2Fcomments&post=30972"}],"version-history":[{"count":1,"href":"https:\/\/radiorevelacionfm.cl\/index.php?rest_route=\/wp\/v2\/posts\/30972\/revisions"}],"predecessor-version":[{"id":30974,"href":"https:\/\/radiorevelacionfm.cl\/index.php?rest_route=\/wp\/v2\/posts\/30972\/revisions\/30974"}],"wp:featuredmedia":[{"embeddable":true,"href":"https:\/\/radiorevelacionfm.cl\/index.php?rest_route=\/wp\/v2\/media\/30973"}],"wp:attachment":[{"href":"https:\/\/radiorevelacionfm.cl\/index.php?rest_route=%2Fwp%2Fv2%2Fmedia&parent=30972"}],"wp:term":[{"taxonomy":"category","embeddable":true,"href":"https:\/\/radiorevelacionfm.cl\/index.php?rest_route=%2Fwp%2Fv2%2Fcategories&post=30972"},{"taxonomy":"post_tag","embeddable":true,"href":"https:\/\/radiorevelacionfm.cl\/index.php?rest_route=%2Fwp%2Fv2%2Ftags&post=30972"}],"curies":[{"name":"wp","href":"https:\/\/api.w.org\/{rel}","templated":true}]}}