{"id":30970,"date":"2023-05-12T18:02:11","date_gmt":"2023-05-12T21:02:11","guid":{"rendered":"https:\/\/radiorevelacionfm.cl\/?p=30970"},"modified":"2023-05-12T18:02:50","modified_gmt":"2023-05-12T21:02:50","slug":"caso-fam-juzgado-de-garantia-de-coyhaique-acoge-solicitud-de-la-fiscalia-y-suspende-procedimiento-por-fraude-al-fisco","status":"publish","type":"post","link":"https:\/\/radiorevelacionfm.cl\/?p=30970","title":{"rendered":"Caso FAM: Juzgado de Coyhaique acoge solicitud de la fiscal\u00eda y suspende procedimiento por fraude al fisco"},"content":{"rendered":"<div class=\"flex_column av_one_full  flex_column_div av-zero-column-padding first  avia-builder-el-0  el_before_av_one_full  avia-builder-el-first  \" style='border-radius:0px; '><div  class='avia-image-container  av-styling-    avia-builder-el-1  avia-builder-el-no-sibling  avia-align-center '  itemprop=\"image\" itemscope=\"itemscope\" itemtype=\"https:\/\/schema.org\/ImageObject\"  ><div class='avia-image-container-inner'><div class='avia-image-overlay-wrap'><img decoding=\"async\" class='wp-image-20933 avia-img-lazy-loading-not-20933 avia_image' src=\"https:\/\/radiorevelacionfm.cl\/wp-content\/uploads\/2022\/08\/fam-3-1_optimized.jpg\" alt='' title='fam-(3)-(1)_optimized' height=\"600\" width=\"1125\"  itemprop=\"thumbnailUrl\" srcset=\"https:\/\/radiorevelacionfm.cl\/wp-content\/uploads\/2022\/08\/fam-3-1_optimized.jpg 1125w, https:\/\/radiorevelacionfm.cl\/wp-content\/uploads\/2022\/08\/fam-3-1_optimized-300x160.jpg 300w, https:\/\/radiorevelacionfm.cl\/wp-content\/uploads\/2022\/08\/fam-3-1_optimized-1030x549.jpg 1030w, https:\/\/radiorevelacionfm.cl\/wp-content\/uploads\/2022\/08\/fam-3-1_optimized-768x410.jpg 768w, https:\/\/radiorevelacionfm.cl\/wp-content\/uploads\/2022\/08\/fam-3-1_optimized-705x376.jpg 705w, https:\/\/radiorevelacionfm.cl\/wp-content\/uploads\/2022\/08\/fam-3-1_optimized-600x320.jpg 600w\" sizes=\"(max-width: 1125px) 100vw, 1125px\" \/><\/div><\/div><\/div><\/div>\n<div class=\"flex_column av_one_full  flex_column_div av-zero-column-padding first  avia-builder-el-2  el_after_av_one_full  el_before_av_one_full  column-top-margin\" style='border-radius:0px; '><section class=\"av_textblock_section \"  itemscope=\"itemscope\" itemtype=\"https:\/\/schema.org\/BlogPosting\" itemprop=\"blogPost\" ><div class='avia_textblock  '   itemprop=\"text\" ><p style=\"text-align: center;\"><span style=\"font-size: 18pt;\"><b>Caso FAM: Juzgado de Coyhaique acoge solicitud de la fiscal\u00eda y suspende procedimiento por fraude al fisco<\/b><\/span><\/p>\n<div id=\"gtx-trans\" style=\"position: absolute; left: -50px; top: 4.31534px;\">\n<div class=\"gtx-trans-icon\"><\/div>\n<\/div>\n<\/div><\/section><\/div><div class=\"flex_column av_one_full  flex_column_div av-zero-column-padding first  avia-builder-el-4  el_after_av_one_full  el_before_av_hr  column-top-margin\" style='border-radius:0px; '><section class=\"av_textblock_section \"  itemscope=\"itemscope\" itemtype=\"https:\/\/schema.org\/BlogPosting\" itemprop=\"blogPost\" ><div class='avia_textblock  '   itemprop=\"text\" ><p class=\"v1MsoNormal\" style=\"text-align: justify;\">El Juzgado de Garant\u00eda de Coyhaique acogi\u00f3 la solicitud del Ministerio P\u00fablico y aprob\u00f3 la suspensi\u00f3n condicional del procedimiento abierto en contra de 42\u00a0exmilitares\u00a0y siete civiles,\u00a0imputados\u00a0como autores del delito de fraude al fisco. Il\u00edcito perpetrado entre el 2009 y 2017, al interior de la IV Divisi\u00f3n de Ej\u00e9rcito.<\/p>\n<p class=\"v1MsoNormal\" style=\"text-align: justify;\">En audiencia de suspensi\u00f3n condicional de procedimiento (causa rol 1.356-2018), el magistrado Juan Patricio Silva autoriz\u00f3 a los imputados que aceptaron la proposici\u00f3n de la fiscal\u00eda, la que incluye el pago de los montos defraudados, la fijaci\u00f3n de domicilio y la firma trimestral ante el Ministerio P\u00fablico o Carabineros.<\/p>\n<p class=\"v1MsoNormal\" style=\"text-align: justify;\">Seg\u00fan el ente persecutor, el Fondo de Ayuda Mutua (FAM), creado en la IV Divisi\u00f3n del Ej\u00e9rcito, con asiento en la ciudad Coyhaique en la d\u00e9cada de 1950, administraba los dineros que en forma voluntaria depositaban militares de dicha dotaci\u00f3n. Fondo que fue utilizado con otros prop\u00f3sitos, provocando su desfinanciamiento, por lo que el Ej\u00e9rcito recurri\u00f3 al presupuesto fiscal para cubrir los dep\u00f3sitos adeudados, a trav\u00e9s de la adulteraci\u00f3n de\u00a0vi\u00e1ticos, comisiones de servicio, gastos de representaci\u00f3n, alargamiento injustificado de la carrera y al pago de otros servicios inexistentes. Mecanismos que permit\u00edan devolver con dinero fiscal los montos depositados por oficiales y suboficiales en la fallida cooperativa informal,\u00a0provocando una defraudaci\u00f3n por la suma de $2.811.652.230 (dos mil ochocientos millones, seiscientos cincuenta y dos mil doscientos treinta pesos).<\/p>\n<p class=\"v1MsoNormal\" style=\"text-align: justify;\">En tanto, la arista que se sigue por estos mismos hechos en contra de personal activo de ej\u00e9rcito se sigue investigando a trav\u00e9s de la justicia militar.<\/p>\n<div style=\"text-align: justify;\"><\/div>\n<\/div><\/section><\/div><\/p>\n<div  style='height:50px' class='hr hr-invisible   avia-builder-el-6  el_after_av_one_full  el_before_av_social_share '><span class='hr-inner ' ><span class='hr-inner-style'><\/span><\/span><\/div>\n<div  class='av-social-sharing-box  avia-builder-el-7  el_after_av_hr  el_before_av_hr  '><div class='av-share-box'><h5 class='av-share-link-description av-no-toc '>Compartir esta noticia<\/h5><ul class='av-share-box-list noLightbox'><li class='av-share-link av-social-link-facebook' ><a target=\"_blank\" aria-label=\"Compartir en Facebook\" href='https:\/\/www.facebook.com\/sharer.php?u=https:\/\/radiorevelacionfm.cl\/?p=30970&#038;t=Caso%20FAM%3A%20Juzgado%20de%20Coyhaique%20acoge%20solicitud%20de%20la%20fiscal%C3%ADa%20y%20suspende%20procedimiento%20por%20fraude%20al%20fisco' aria-hidden='false' data-av_icon='\ue8f3' data-av_iconfont='entypo-fontello' title='' data-avia-related-tooltip='Compartir en Facebook' rel=\"noopener\"><span class='avia_hidden_link_text'>Compartir en Facebook<\/span><\/a><\/li><li class='av-share-link av-social-link-twitter' ><a target=\"_blank\" aria-label=\"Compartir en Twitter\" href='https:\/\/twitter.com\/share?text=Caso%20FAM%3A%20Juzgado%20de%20Coyhaique%20acoge%20solicitud%20de%20la%20fiscal%C3%ADa%20y%20suspende%20procedimiento%20por%20fraude%20al%20fisco&#038;url=https:\/\/radiorevelacionfm.cl\/?p=30970' aria-hidden='false' data-av_icon='\ue8f1' data-av_iconfont='entypo-fontello' title='' data-avia-related-tooltip='Compartir en Twitter' rel=\"noopener\"><span class='avia_hidden_link_text'>Compartir en Twitter<\/span><\/a><\/li><li class='av-share-link av-social-link-whatsapp' ><a target=\"_blank\" aria-label=\"Compartir en Whatsapp\" href='https:\/\/api.whatsapp.com\/send?text=https:\/\/radiorevelacionfm.cl\/?p=30970' aria-hidden='false' data-av_icon='\uf232' data-av_iconfont='entypo-fontello' title='' data-avia-related-tooltip='Compartir en Whatsapp' rel=\"noopener\"><span class='avia_hidden_link_text'>Compartir en Whatsapp<\/span><\/a><\/li><li class='av-share-link av-social-link-linkedin' ><a target=\"_blank\" aria-label=\"Compartir en LinkedIn\" href='https:\/\/linkedin.com\/shareArticle?mini=true&#038;title=Caso%20FAM%3A%20Juzgado%20de%20Coyhaique%20acoge%20solicitud%20de%20la%20fiscal%C3%ADa%20y%20suspende%20procedimiento%20por%20fraude%20al%20fisco&#038;url=https:\/\/radiorevelacionfm.cl\/?p=30970' aria-hidden='false' data-av_icon='\ue8fc' data-av_iconfont='entypo-fontello' title='' data-avia-related-tooltip='Compartir en LinkedIn' rel=\"noopener\"><span class='avia_hidden_link_text'>Compartir en LinkedIn<\/span><\/a><\/li><li class='av-share-link av-social-link-mail' ><a  aria-label=\"Compartir por correo\" href='mailto:?subject=Caso%20FAM%3A%20Juzgado%20de%20Coyhaique%20acoge%20solicitud%20de%20la%20fiscal%C3%ADa%20y%20suspende%20procedimiento%20por%20fraude%20al%20fisco&#038;body=https:\/\/radiorevelacionfm.cl\/?p=30970' aria-hidden='false' data-av_icon='\ue805' data-av_iconfont='entypo-fontello' title='' data-avia-related-tooltip='Compartir por correo'><span class='avia_hidden_link_text'>Compartir por correo<\/span><\/a><\/li><\/ul><\/div><\/div>\n<div  style='height:50px' class='hr hr-invisible   avia-builder-el-8  el_after_av_social_share  el_before_av_comments_list '><span class='hr-inner ' ><span class='hr-inner-style'><\/span><\/span><\/div>\n<div  class='av-buildercomment  av-blog-meta-html-info-disabled av-blog-meta-tag-disabled  '><\/div>\n","protected":false},"excerpt":{"rendered":"","protected":false},"author":1,"featured_media":20933,"comment_status":"open","ping_status":"open","sticky":false,"template":"","format":"standard","meta":{"footnotes":""},"categories":[55],"tags":[],"class_list":["post-30970","post","type-post","status-publish","format-standard","has-post-thumbnail","hentry","category-justicia"],"jetpack_featured_media_url":"https:\/\/radiorevelacionfm.cl\/wp-content\/uploads\/2022\/08\/fam-3-1_optimized.jpg","_links":{"self":[{"href":"https:\/\/radiorevelacionfm.cl\/index.php?rest_route=\/wp\/v2\/posts\/30970","targetHints":{"allow":["GET"]}}],"collection":[{"href":"https:\/\/radiorevelacionfm.cl\/index.php?rest_route=\/wp\/v2\/posts"}],"about":[{"href":"https:\/\/radiorevelacionfm.cl\/index.php?rest_route=\/wp\/v2\/types\/post"}],"author":[{"embeddable":true,"href":"https:\/\/radiorevelacionfm.cl\/index.php?rest_route=\/wp\/v2\/users\/1"}],"replies":[{"embeddable":true,"href":"https:\/\/radiorevelacionfm.cl\/index.php?rest_route=%2Fwp%2Fv2%2Fcomments&post=30970"}],"version-history":[{"count":2,"href":"https:\/\/radiorevelacionfm.cl\/index.php?rest_route=\/wp\/v2\/posts\/30970\/revisions"}],"predecessor-version":[{"id":30978,"href":"https:\/\/radiorevelacionfm.cl\/index.php?rest_route=\/wp\/v2\/posts\/30970\/revisions\/30978"}],"wp:featuredmedia":[{"embeddable":true,"href":"https:\/\/radiorevelacionfm.cl\/index.php?rest_route=\/wp\/v2\/media\/20933"}],"wp:attachment":[{"href":"https:\/\/radiorevelacionfm.cl\/index.php?rest_route=%2Fwp%2Fv2%2Fmedia&parent=30970"}],"wp:term":[{"taxonomy":"category","embeddable":true,"href":"https:\/\/radiorevelacionfm.cl\/index.php?rest_route=%2Fwp%2Fv2%2Fcategories&post=30970"},{"taxonomy":"post_tag","embeddable":true,"href":"https:\/\/radiorevelacionfm.cl\/index.php?rest_route=%2Fwp%2Fv2%2Ftags&post=30970"}],"curies":[{"name":"wp","href":"https:\/\/api.w.org\/{rel}","templated":true}]}}