{"id":30964,"date":"2023-05-13T12:34:18","date_gmt":"2023-05-13T15:34:18","guid":{"rendered":"https:\/\/radiorevelacionfm.cl\/?p=30964"},"modified":"2023-05-13T12:34:18","modified_gmt":"2023-05-13T15:34:18","slug":"fondo-para-la-equidad-de-genero-2023-conozca-las-fechas-y-requisitos-para-postular","status":"publish","type":"post","link":"https:\/\/radiorevelacionfm.cl\/?p=30964","title":{"rendered":"Fondo para la Equidad de G\u00e9nero 2023: conozca las fechas y requisitos para postular"},"content":{"rendered":"<div class=\"flex_column av_one_full  flex_column_div av-zero-column-padding first  avia-builder-el-0  el_before_av_one_full  avia-builder-el-first  \" style='border-radius:0px; '><div  class='avia-image-container  av-styling-    avia-builder-el-1  avia-builder-el-no-sibling  avia-align-center '  itemprop=\"image\" itemscope=\"itemscope\" itemtype=\"https:\/\/schema.org\/ImageObject\"  ><div class='avia-image-container-inner'><div class='avia-image-overlay-wrap'><img decoding=\"async\" class='wp-image-30965 avia-img-lazy-loading-not-30965 avia_image' src=\"https:\/\/radiorevelacionfm.cl\/wp-content\/uploads\/2023\/05\/fondo-equidad-1-1_optimized-1_optimized.jpg\" alt='' title='fondo-equidad-1-(1)_optimized-(1)_optimized' height=\"600\" width=\"1080\"  itemprop=\"thumbnailUrl\" srcset=\"https:\/\/radiorevelacionfm.cl\/wp-content\/uploads\/2023\/05\/fondo-equidad-1-1_optimized-1_optimized.jpg 1080w, https:\/\/radiorevelacionfm.cl\/wp-content\/uploads\/2023\/05\/fondo-equidad-1-1_optimized-1_optimized-300x167.jpg 300w, https:\/\/radiorevelacionfm.cl\/wp-content\/uploads\/2023\/05\/fondo-equidad-1-1_optimized-1_optimized-1030x572.jpg 1030w, https:\/\/radiorevelacionfm.cl\/wp-content\/uploads\/2023\/05\/fondo-equidad-1-1_optimized-1_optimized-768x427.jpg 768w, https:\/\/radiorevelacionfm.cl\/wp-content\/uploads\/2023\/05\/fondo-equidad-1-1_optimized-1_optimized-705x392.jpg 705w, https:\/\/radiorevelacionfm.cl\/wp-content\/uploads\/2023\/05\/fondo-equidad-1-1_optimized-1_optimized-450x250.jpg 450w, https:\/\/radiorevelacionfm.cl\/wp-content\/uploads\/2023\/05\/fondo-equidad-1-1_optimized-1_optimized-600x333.jpg 600w\" sizes=\"(max-width: 1080px) 100vw, 1080px\" \/><\/div><\/div><\/div><\/div><div class=\"flex_column av_one_full  flex_column_div av-zero-column-padding first  avia-builder-el-2  el_after_av_one_full  el_before_av_one_full  column-top-margin\" style='border-radius:0px; '><section class=\"av_textblock_section \"  itemscope=\"itemscope\" itemtype=\"https:\/\/schema.org\/BlogPosting\" itemprop=\"blogPost\" ><div class='avia_textblock  '   itemprop=\"text\" ><p style=\"text-align: center;\"><span style=\"font-size: 18pt;\"><strong>Fondo para la Equidad de G\u00e9nero 2023: conozca las fechas y requisitos para postular<\/strong><\/span><\/p>\n<div id=\"gtx-trans\" style=\"position: absolute; left: -50px; top: 4.31534px;\">\n<div class=\"gtx-trans-icon\"><\/div>\n<\/div>\n<\/div><\/section><\/div><div class=\"flex_column av_one_full  flex_column_div av-zero-column-padding first  avia-builder-el-4  el_after_av_one_full  el_before_av_hr  column-top-margin\" style='border-radius:0px; '><section class=\"av_textblock_section \"  itemscope=\"itemscope\" itemtype=\"https:\/\/schema.org\/BlogPosting\" itemprop=\"blogPost\" ><div class='avia_textblock  '   itemprop=\"text\" ><p style=\"text-align: justify;\">El proceso de postulaci\u00f3n al <strong>Programa Fondo para la Equidad G\u00e9nero 2023<\/strong> que entrega el <a href=\"sernameg.gob.cl\">Servicio Nacional de la Mujer y la Equidad de G\u00e9nero<\/a>, ya se encuentra disponible para que personas naturales o jur\u00eddicas puedan presentar proyectos que busquen fortalecer la participaci\u00f3n, asociatividad y liderazgo de las mujeres, en el marco de la equidad de g\u00e9nero y los derechos humanos. El objetivo es apoyar el desarrollo de organizaciones de mujeres, a trav\u00e9s del fortalecimiento de sus habilidades, competencias e incidencia en sus espacios de participaci\u00f3n.<\/p>\n<p style=\"text-align: justify;\">La Directora Nacional del SernamEG, Priscilla Carrasco, realiz\u00f3 un fuerte llamado a mujeres y organizaciones de la sociedad civil lideradas por mujeres, que busquen incidir cada vez m\u00e1s en sus territorios, \u201cpara nuestro servicio es prioritario potenciar espacios de participaci\u00f3n y empoderamiento. Como instituci\u00f3n debemos promover el fortalecimiento del tejido social y autonom\u00edas de todas las mujeres en sus diversos contextos\u201d, sostuvo la autoridad nacional.<\/p>\n<p style=\"text-align: justify;\">Por su parte, la Directora Regional (S) del SernamEG, Carla Arriagada Malague\u00f1o, se refiri\u00f3 a las experiencias de las versiones anteriores, precisando que \u201ceste es el tercer a\u00f1o que se abre esta convocatoria y las beneficiadas no s\u00f3lo han sido de la capital regional, sino que de otras localidades m\u00e1s alejadas tambi\u00e9n. Esperamos que este a\u00f1o las mujeres de toda la Regi\u00f3n se motiven a postular, ya que es relevante llegar a todos los rincones de Ays\u00e9n\u201d.<\/p>\n<p style=\"text-align: justify;\"><strong>\u00bfQui\u00e9nes pueden postular al FEG 2023?<\/strong><\/p>\n<p style=\"text-align: justify;\">Pueden postular personas jur\u00eddicas y naturales de todo el pa\u00eds que presenten proyectos en las l\u00edneas de acci\u00f3n: <strong>Fortalecimiento interno de la organizaci\u00f3n y Fortalecimiento de las redes de asociatividad<\/strong>, en donde se promocione el desarrollo de organizaciones, la incidencia y participaci\u00f3n ciudadana de las mujeres, a trav\u00e9s de actividades e iniciativas en la que puedan levantar y fundamentar opiniones y propuestas referidas a pol\u00edticas p\u00fablicas para sus territorios y a nivel nacional.<\/p>\n<p style=\"text-align: justify;\"><strong>\u00bfD\u00f3nde puedo postular?<\/strong><\/p>\n<p style=\"text-align: justify;\">Las postulaciones se realizan en el sitio <a href=\"en%20%20http:\/www.fondos.gob.cl\">fondos.gob<\/a> desde hoy y hasta el 29 de mayo. En cuanto a las Bases T\u00e9cnicas de la postulaci\u00f3n 2023 se pueden revisar en la p\u00e1gina <a href=\"https:\/\/app.sernam.cl\/form\/2023\/pmpps\/fondoeg\/\">FEG 2023<\/a> y todas las consultas sobre los requisitos deben enviarse al correo <strong>postulacionesfondoeg@sernameg.gob.cl<\/strong> hasta el 15 de mayo.<\/p>\n<p style=\"text-align: justify;\">La entrega de los resultados se realizar\u00e1 el pr\u00f3ximo 14 de julio.<\/p>\n<\/div><\/section><\/div><div  style='height:50px' class='hr hr-invisible   avia-builder-el-6  el_after_av_one_full  el_before_av_social_share '><span class='hr-inner ' ><span class='hr-inner-style'><\/span><\/span><\/div><\/p>\n<div  class='av-social-sharing-box  avia-builder-el-7  el_after_av_hr  el_before_av_hr  '><div class='av-share-box'><h5 class='av-share-link-description av-no-toc '>Compartir esta noticia<\/h5><ul class='av-share-box-list noLightbox'><li class='av-share-link av-social-link-facebook' ><a target=\"_blank\" aria-label=\"Compartir en Facebook\" href='https:\/\/www.facebook.com\/sharer.php?u=https:\/\/radiorevelacionfm.cl\/?p=30964&#038;t=Fondo%20para%20la%20Equidad%20de%20G%C3%A9nero%202023%3A%20conozca%20las%20fechas%20y%20requisitos%20para%20postular' aria-hidden='false' data-av_icon='\ue8f3' data-av_iconfont='entypo-fontello' title='' data-avia-related-tooltip='Compartir en Facebook' rel=\"noopener\"><span class='avia_hidden_link_text'>Compartir en Facebook<\/span><\/a><\/li><li class='av-share-link av-social-link-twitter' ><a target=\"_blank\" aria-label=\"Compartir en Twitter\" href='https:\/\/twitter.com\/share?text=Fondo%20para%20la%20Equidad%20de%20G%C3%A9nero%202023%3A%20conozca%20las%20fechas%20y%20requisitos%20para%20postular&#038;url=https:\/\/radiorevelacionfm.cl\/?p=30964' aria-hidden='false' data-av_icon='\ue8f1' data-av_iconfont='entypo-fontello' title='' data-avia-related-tooltip='Compartir en Twitter' rel=\"noopener\"><span class='avia_hidden_link_text'>Compartir en Twitter<\/span><\/a><\/li><li class='av-share-link av-social-link-whatsapp' ><a target=\"_blank\" aria-label=\"Compartir en Whatsapp\" href='https:\/\/api.whatsapp.com\/send?text=https:\/\/radiorevelacionfm.cl\/?p=30964' aria-hidden='false' data-av_icon='\uf232' data-av_iconfont='entypo-fontello' title='' data-avia-related-tooltip='Compartir en Whatsapp' rel=\"noopener\"><span class='avia_hidden_link_text'>Compartir en Whatsapp<\/span><\/a><\/li><li class='av-share-link av-social-link-linkedin' ><a target=\"_blank\" aria-label=\"Compartir en LinkedIn\" href='https:\/\/linkedin.com\/shareArticle?mini=true&#038;title=Fondo%20para%20la%20Equidad%20de%20G%C3%A9nero%202023%3A%20conozca%20las%20fechas%20y%20requisitos%20para%20postular&#038;url=https:\/\/radiorevelacionfm.cl\/?p=30964' aria-hidden='false' data-av_icon='\ue8fc' data-av_iconfont='entypo-fontello' title='' data-avia-related-tooltip='Compartir en LinkedIn' rel=\"noopener\"><span class='avia_hidden_link_text'>Compartir en LinkedIn<\/span><\/a><\/li><li class='av-share-link av-social-link-mail' ><a  aria-label=\"Compartir por correo\" href='mailto:?subject=Fondo%20para%20la%20Equidad%20de%20G%C3%A9nero%202023%3A%20conozca%20las%20fechas%20y%20requisitos%20para%20postular&#038;body=https:\/\/radiorevelacionfm.cl\/?p=30964' aria-hidden='false' data-av_icon='\ue805' data-av_iconfont='entypo-fontello' title='' data-avia-related-tooltip='Compartir por correo'><span class='avia_hidden_link_text'>Compartir por correo<\/span><\/a><\/li><\/ul><\/div><\/div>\n<div  style='height:50px' class='hr hr-invisible   avia-builder-el-8  el_after_av_social_share  el_before_av_comments_list '><span class='hr-inner ' ><span class='hr-inner-style'><\/span><\/span><\/div>\n<div  class='av-buildercomment  av-blog-meta-html-info-disabled av-blog-meta-tag-disabled  '><\/div>\n","protected":false},"excerpt":{"rendered":"","protected":false},"author":1,"featured_media":30965,"comment_status":"open","ping_status":"open","sticky":false,"template":"","format":"standard","meta":{"footnotes":""},"categories":[38],"tags":[],"class_list":["post-30964","post","type-post","status-publish","format-standard","has-post-thumbnail","hentry","category-regional"],"jetpack_featured_media_url":"https:\/\/radiorevelacionfm.cl\/wp-content\/uploads\/2023\/05\/fondo-equidad-1-1_optimized-1_optimized.jpg","_links":{"self":[{"href":"https:\/\/radiorevelacionfm.cl\/index.php?rest_route=\/wp\/v2\/posts\/30964","targetHints":{"allow":["GET"]}}],"collection":[{"href":"https:\/\/radiorevelacionfm.cl\/index.php?rest_route=\/wp\/v2\/posts"}],"about":[{"href":"https:\/\/radiorevelacionfm.cl\/index.php?rest_route=\/wp\/v2\/types\/post"}],"author":[{"embeddable":true,"href":"https:\/\/radiorevelacionfm.cl\/index.php?rest_route=\/wp\/v2\/users\/1"}],"replies":[{"embeddable":true,"href":"https:\/\/radiorevelacionfm.cl\/index.php?rest_route=%2Fwp%2Fv2%2Fcomments&post=30964"}],"version-history":[{"count":1,"href":"https:\/\/radiorevelacionfm.cl\/index.php?rest_route=\/wp\/v2\/posts\/30964\/revisions"}],"predecessor-version":[{"id":30966,"href":"https:\/\/radiorevelacionfm.cl\/index.php?rest_route=\/wp\/v2\/posts\/30964\/revisions\/30966"}],"wp:featuredmedia":[{"embeddable":true,"href":"https:\/\/radiorevelacionfm.cl\/index.php?rest_route=\/wp\/v2\/media\/30965"}],"wp:attachment":[{"href":"https:\/\/radiorevelacionfm.cl\/index.php?rest_route=%2Fwp%2Fv2%2Fmedia&parent=30964"}],"wp:term":[{"taxonomy":"category","embeddable":true,"href":"https:\/\/radiorevelacionfm.cl\/index.php?rest_route=%2Fwp%2Fv2%2Fcategories&post=30964"},{"taxonomy":"post_tag","embeddable":true,"href":"https:\/\/radiorevelacionfm.cl\/index.php?rest_route=%2Fwp%2Fv2%2Ftags&post=30964"}],"curies":[{"name":"wp","href":"https:\/\/api.w.org\/{rel}","templated":true}]}}