{"id":3095,"date":"2021-04-14T10:49:35","date_gmt":"2021-04-14T13:49:35","guid":{"rendered":"https:\/\/radiorevelacionfm.cl\/?p=3095"},"modified":"2021-04-14T10:49:35","modified_gmt":"2021-04-14T13:49:35","slug":"abren-concurso-para-que-escultoras-creen-monumento-en-homenaje-a-las-mujeres","status":"publish","type":"post","link":"https:\/\/radiorevelacionfm.cl\/?p=3095","title":{"rendered":"Abren concurso para que escultoras creen monumento en homenaje a las mujeres"},"content":{"rendered":"<div class=\"flex_column av_one_full  flex_column_div av-zero-column-padding first  avia-builder-el-0  el_before_av_one_full  avia-builder-el-first  \" style='border-radius:0px; '><div  class='avia-image-container  av-styling-    avia-builder-el-1  avia-builder-el-no-sibling  avia-align-center '  itemprop=\"image\" itemscope=\"itemscope\" itemtype=\"https:\/\/schema.org\/ImageObject\"  ><div class='avia-image-container-inner'><div class='avia-image-overlay-wrap'><img decoding=\"async\" class='wp-image-0 avia-img-lazy-loading-not-0 avia_image' src=\"https:\/\/radiorevelacionfm.cl\/wp-content\/uploads\/2021\/04\/Escultora.jpg\" alt='' title=''   itemprop=\"thumbnailUrl\"  \/><\/div><\/div><\/div><\/div><div class=\"flex_column av_one_full  flex_column_div av-zero-column-padding first  avia-builder-el-2  el_after_av_one_full  el_before_av_one_full  column-top-margin\" style='border-radius:0px; '><section class=\"av_textblock_section \"  itemscope=\"itemscope\" itemtype=\"https:\/\/schema.org\/BlogPosting\" itemprop=\"blogPost\" ><div class='avia_textblock  '   itemprop=\"text\" ><p style=\"text-align: center;\"><span style=\"font-size: 18pt;\"><strong>Abren concurso para que escultoras creen monumento en homenaje a las mujeres<\/strong><\/span><\/p>\n<div id=\"gtx-trans\" style=\"position: absolute; left: -50px; top: 4.31534px;\">\n<div class=\"gtx-trans-icon\"><\/div>\n<\/div>\n<\/div><\/section><\/div><div class=\"flex_column av_one_full  flex_column_div av-zero-column-padding first  avia-builder-el-4  el_after_av_one_full  el_before_av_hr  column-top-margin\" style='border-radius:0px; '><section class=\"av_textblock_section \"  itemscope=\"itemscope\" itemtype=\"https:\/\/schema.org\/BlogPosting\" itemprop=\"blogPost\" ><div class='avia_textblock  '   itemprop=\"text\" ><p style=\"text-align: justify;\">Una alianza p\u00fablico- privada impulsada por el ministerio de la Mujer y Equidad de G\u00e9nero, el ministerio de las Culturas, las Artes y el Patrimonio, el Cap\u00edtulo Chileno del Museo Nacional de la Mujer en las Artes y otros relevantes actores, dio a conocer la Seremi B\u00e1rbara Ort\u00fazar, invitando a trav\u00e9s de esta oportunidad a todas las mujeres escultoras a participar en el primer concurso p\u00fablico para realizar una obra escult\u00f3rica que se constituya en un s\u00edmbolo inspirador de la riqueza del aporte de la mujer al desarrollo de nuestro pa\u00eds y su amplia diversidad, junto con promover la visibilizaci\u00f3n de mujeres artistas.<\/p>\n<p style=\"text-align: justify;\">Las mujeres han sido, son y ser\u00e1n un pilar fundamental de la sociedad chilena, permitiendo que el pa\u00eds avance hacia un desarrollo humano, inclusivo, generoso, \u00edntegro y respetuoso del entorno y de la diversidad. Mostrar y reconocer p\u00fablicamente su valor y aporte, es el prop\u00f3sito de la iniciativa, respecto ella la representante de la cartera Mujer en la regi\u00f3n indic\u00f3 \u201cValoramos enormemente esta iniciativa p\u00fablico-privada, ya que en nuestro pa\u00eds no existe hasta el minuto un monumento dedicado a las Mujeres o en d\u00f3nde se homenajee la relevante labor que hemos tenido en la historia de nuestro pa\u00eds y desarrollo. Todos los monumentos actuales recuerdan haza\u00f1as de la historia protagonizados por los hombres, pero no olvidemos que los hombres jam\u00e1s han estado solos, siempre hemos estado, no s\u00f3lo acompa\u00f1\u00e1ndolos, sino adem\u00e1s siendo participantes relevantes. Es por esto que ya no se puede esperar m\u00e1s y mejor si, adem\u00e1s, las encargadas de dise\u00f1ar y realizar estos monumentos ser\u00e1n artistas chilenas o extranjeras, residentes en nuestro pa\u00eds\u201d<\/p>\n<p style=\"text-align: justify;\">De acuerdo con el primer Estudio de Monumentos P\u00fablicos a Mujeres en capitales regionales de Chile, realizado por la Secretar\u00eda T\u00e9cnica del Consejo de Monumentos Nacionales, de las 621 estatuas y placas identificadas por el catastro en cada una de estas ciudades, s\u00f3lo 29 corresponden a obras dedicadas a mujeres, relacionadas con temas o personajes espec\u00edficos. Esto corresponde a un 4,7% del total. Incluso, existen cuatro capitales de las 16 regiones del pa\u00eds -Maule, La Araucan\u00eda, Los R\u00edos y Ays\u00e9n- que no registran monumentos conmemorativos a ninguna mujer.<\/p>\n<p style=\"text-align: justify;\">Para\u00a0la seremi de las Culturas, las Artes y el Patrimonio, Ver\u00f3nica D\u00edaz \u201cesta es una muy buena oportunidad para visibilizar a trav\u00e9s de una obra de arte el gran aporte que las mujeres realizan d\u00eda a d\u00eda al desarrollo de nuestro pa\u00eds, por lo que la invitaci\u00f3n es a que las creadoras regionales se hagan parte de esta convocatoria\u201d.<\/p>\n<p style=\"text-align: justify;\">La obra -que debe ser original e in\u00e9dita- ser\u00e1 desarrollada por la artista que resulte ganadora en el concurso p\u00fablico convocado por los organizadores, cuyas bases se encuentran publicadas en <a href=\"http:\/\/www.capitulochilenonmwa.cl\/\"><strong>www.capitulochilenonmwa.cl<\/strong><\/a><\/p>\n<p style=\"text-align: justify;\">En la convocatoria, que se encuentra abierta, podr\u00e1n participar todas las mujeres artistas nacionales y extranjeras, residentes en Chile, ya sea individualmente o en colaboraci\u00f3n, que se desempe\u00f1en en el \u00e1rea de las artes visuales con car\u00e1cter profesional. La artista que obtenga el primer lugar contar\u00e1 con seis meses para ejecutar la obra, que se instalar\u00e1 en el Parque los Reyes de la comuna de Santiago, en un lugar de f\u00e1cil acceso, para compartirla con toda la ciudadan\u00eda. Su inauguraci\u00f3n est\u00e1 contemplada para enero de 2022.<\/p>\n<p style=\"text-align: justify;\">Importante es considerar que un 57% de las m\u00e1s de 600 obras de este tipo ubicadas en las principales ciudades de Chile est\u00e1n dedicadas a hombres, mientras que un 38% a otro tipo de conmemoraciones, como, por ejemplo, batallas hist\u00f3ricas.<\/p>\n<p style=\"text-align: justify;\">Es por esto que el proyecto integral, incluyendo todo lo que implica el concurso, la realizaci\u00f3n de la obra, instalaci\u00f3n, administraci\u00f3n, tiene un valor de $90 millones, monto aportado por la Confederaci\u00f3n de la Producci\u00f3n y del Comercio, a quien asiste la convicci\u00f3n de la importancia de rendir un homenaje a las mujeres de Chile. Del total de recursos, 56 millones estar\u00e1n asignado a la ganadora y a su obra, y el remanente a gastos de producci\u00f3n, estudios de suelos, seguros y gastos administrativos.<\/p>\n<p style=\"text-align: justify;\">A esto se suma el aporte pro bono del Cap\u00edtulo Chileno del Museo Nacional de la Mujer en las Artes, que incluye el trabajo de gestores culturales, ingenieros comerciales, arquitectos, calculistas, abogados y otros profesionales.<\/p>\n<\/div><\/section><\/div><div  style='height:50px' class='hr hr-invisible   avia-builder-el-6  el_after_av_one_full  el_before_av_social_share '><span class='hr-inner ' ><span class='hr-inner-style'><\/span><\/span><\/div><\/p>\n<div  class='av-social-sharing-box  avia-builder-el-7  el_after_av_hr  el_before_av_hr  '><div class='av-share-box'><h5 class='av-share-link-description av-no-toc '>Compartir esta noticia<\/h5><ul class='av-share-box-list noLightbox'><li class='av-share-link av-social-link-facebook' ><a target=\"_blank\" aria-label=\"Compartir en Facebook\" href='https:\/\/www.facebook.com\/sharer.php?u=https:\/\/radiorevelacionfm.cl\/?p=3095&#038;t=Abren%20concurso%20para%20que%20escultoras%20creen%20monumento%20en%20homenaje%20a%20las%20mujeres' aria-hidden='false' data-av_icon='\ue8f3' data-av_iconfont='entypo-fontello' title='' data-avia-related-tooltip='Compartir en Facebook' rel=\"noopener\"><span class='avia_hidden_link_text'>Compartir en Facebook<\/span><\/a><\/li><li class='av-share-link av-social-link-twitter' ><a target=\"_blank\" aria-label=\"Compartir en Twitter\" href='https:\/\/twitter.com\/share?text=Abren%20concurso%20para%20que%20escultoras%20creen%20monumento%20en%20homenaje%20a%20las%20mujeres&#038;url=https:\/\/radiorevelacionfm.cl\/?p=3095' aria-hidden='false' data-av_icon='\ue8f1' data-av_iconfont='entypo-fontello' title='' data-avia-related-tooltip='Compartir en Twitter' rel=\"noopener\"><span class='avia_hidden_link_text'>Compartir en Twitter<\/span><\/a><\/li><li class='av-share-link av-social-link-whatsapp' ><a target=\"_blank\" aria-label=\"Compartir en Whatsapp\" href='https:\/\/api.whatsapp.com\/send?text=https:\/\/radiorevelacionfm.cl\/?p=3095' aria-hidden='false' data-av_icon='\uf232' data-av_iconfont='entypo-fontello' title='' data-avia-related-tooltip='Compartir en Whatsapp' rel=\"noopener\"><span class='avia_hidden_link_text'>Compartir en Whatsapp<\/span><\/a><\/li><li class='av-share-link av-social-link-linkedin' ><a target=\"_blank\" aria-label=\"Compartir en LinkedIn\" href='https:\/\/linkedin.com\/shareArticle?mini=true&#038;title=Abren%20concurso%20para%20que%20escultoras%20creen%20monumento%20en%20homenaje%20a%20las%20mujeres&#038;url=https:\/\/radiorevelacionfm.cl\/?p=3095' aria-hidden='false' data-av_icon='\ue8fc' data-av_iconfont='entypo-fontello' title='' data-avia-related-tooltip='Compartir en LinkedIn' rel=\"noopener\"><span class='avia_hidden_link_text'>Compartir en LinkedIn<\/span><\/a><\/li><li class='av-share-link av-social-link-mail' ><a  aria-label=\"Compartir por correo\" href='mailto:?subject=Abren%20concurso%20para%20que%20escultoras%20creen%20monumento%20en%20homenaje%20a%20las%20mujeres&#038;body=https:\/\/radiorevelacionfm.cl\/?p=3095' aria-hidden='false' data-av_icon='\ue805' data-av_iconfont='entypo-fontello' title='' data-avia-related-tooltip='Compartir por correo'><span class='avia_hidden_link_text'>Compartir por correo<\/span><\/a><\/li><\/ul><\/div><\/div>\n<div  style='height:50px' class='hr hr-invisible   avia-builder-el-8  el_after_av_social_share  el_before_av_comments_list '><span class='hr-inner ' ><span class='hr-inner-style'><\/span><\/span><\/div>\n<div  class='av-buildercomment  av-blog-meta-html-info-disabled av-blog-meta-tag-disabled  '><\/div>\n","protected":false},"excerpt":{"rendered":"","protected":false},"author":1,"featured_media":0,"comment_status":"open","ping_status":"open","sticky":false,"template":"","format":"standard","meta":{"footnotes":""},"categories":[52],"tags":[],"class_list":["post-3095","post","type-post","status-publish","format-standard","hentry","category-cultura"],"jetpack_featured_media_url":"","_links":{"self":[{"href":"https:\/\/radiorevelacionfm.cl\/index.php?rest_route=\/wp\/v2\/posts\/3095","targetHints":{"allow":["GET"]}}],"collection":[{"href":"https:\/\/radiorevelacionfm.cl\/index.php?rest_route=\/wp\/v2\/posts"}],"about":[{"href":"https:\/\/radiorevelacionfm.cl\/index.php?rest_route=\/wp\/v2\/types\/post"}],"author":[{"embeddable":true,"href":"https:\/\/radiorevelacionfm.cl\/index.php?rest_route=\/wp\/v2\/users\/1"}],"replies":[{"embeddable":true,"href":"https:\/\/radiorevelacionfm.cl\/index.php?rest_route=%2Fwp%2Fv2%2Fcomments&post=3095"}],"version-history":[{"count":1,"href":"https:\/\/radiorevelacionfm.cl\/index.php?rest_route=\/wp\/v2\/posts\/3095\/revisions"}],"predecessor-version":[{"id":3097,"href":"https:\/\/radiorevelacionfm.cl\/index.php?rest_route=\/wp\/v2\/posts\/3095\/revisions\/3097"}],"wp:attachment":[{"href":"https:\/\/radiorevelacionfm.cl\/index.php?rest_route=%2Fwp%2Fv2%2Fmedia&parent=3095"}],"wp:term":[{"taxonomy":"category","embeddable":true,"href":"https:\/\/radiorevelacionfm.cl\/index.php?rest_route=%2Fwp%2Fv2%2Fcategories&post=3095"},{"taxonomy":"post_tag","embeddable":true,"href":"https:\/\/radiorevelacionfm.cl\/index.php?rest_route=%2Fwp%2Fv2%2Ftags&post=3095"}],"curies":[{"name":"wp","href":"https:\/\/api.w.org\/{rel}","templated":true}]}}