{"id":30935,"date":"2023-05-11T20:00:13","date_gmt":"2023-05-11T23:00:13","guid":{"rendered":"https:\/\/radiorevelacionfm.cl\/?p=30935"},"modified":"2023-05-11T20:00:13","modified_gmt":"2023-05-11T23:00:13","slug":"ind-aysen-da-a-conocer-proyectos-seleccionados-fondeporte-2023","status":"publish","type":"post","link":"https:\/\/radiorevelacionfm.cl\/?p=30935","title":{"rendered":"IND Ays\u00e9n da a conocer proyectos seleccionados FONDEPORTE 2023"},"content":{"rendered":"<div class=\"flex_column av_one_full  flex_column_div av-zero-column-padding first  avia-builder-el-0  el_before_av_one_full  avia-builder-el-first  \" style='border-radius:0px; '><div  class='avia-image-container  av-styling-    avia-builder-el-1  avia-builder-el-no-sibling  avia-align-center '  itemprop=\"image\" itemscope=\"itemscope\" itemtype=\"https:\/\/schema.org\/ImageObject\"  ><div class='avia-image-container-inner'><div class='avia-image-overlay-wrap'><img decoding=\"async\" class='wp-image-30936 avia-img-lazy-loading-not-30936 avia_image' src=\"https:\/\/radiorevelacionfm.cl\/wp-content\/uploads\/2023\/05\/basq-1_optimized.jpg\" alt='' title='basq-(1)_optimized' height=\"600\" width=\"900\"  itemprop=\"thumbnailUrl\" srcset=\"https:\/\/radiorevelacionfm.cl\/wp-content\/uploads\/2023\/05\/basq-1_optimized.jpg 900w, https:\/\/radiorevelacionfm.cl\/wp-content\/uploads\/2023\/05\/basq-1_optimized-300x200.jpg 300w, https:\/\/radiorevelacionfm.cl\/wp-content\/uploads\/2023\/05\/basq-1_optimized-768x512.jpg 768w, https:\/\/radiorevelacionfm.cl\/wp-content\/uploads\/2023\/05\/basq-1_optimized-705x470.jpg 705w, https:\/\/radiorevelacionfm.cl\/wp-content\/uploads\/2023\/05\/basq-1_optimized-450x300.jpg 450w, https:\/\/radiorevelacionfm.cl\/wp-content\/uploads\/2023\/05\/basq-1_optimized-600x400.jpg 600w\" sizes=\"(max-width: 900px) 100vw, 900px\" \/><\/div><\/div><\/div><\/div><div class=\"flex_column av_one_full  flex_column_div av-zero-column-padding first  avia-builder-el-2  el_after_av_one_full  el_before_av_one_full  column-top-margin\" style='border-radius:0px; '><section class=\"av_textblock_section \"  itemscope=\"itemscope\" itemtype=\"https:\/\/schema.org\/BlogPosting\" itemprop=\"blogPost\" ><div class='avia_textblock  '   itemprop=\"text\" ><p style=\"text-align: center;\"><span style=\"font-size: 18pt;\"><b>IND Ays\u00e9n da a conocer proyectos seleccionados FONDEPORTE 2023<\/b><\/span><\/p>\n<div id=\"gtx-trans\" style=\"position: absolute; left: -50px; top: 4.31534px;\">\n<div class=\"gtx-trans-icon\"><\/div>\n<\/div>\n<\/div><\/section><\/div><div class=\"flex_column av_one_full  flex_column_div av-zero-column-padding first  avia-builder-el-4  el_after_av_one_full  el_before_av_hr  column-top-margin\" style='border-radius:0px; '><section class=\"av_textblock_section \"  itemscope=\"itemscope\" itemtype=\"https:\/\/schema.org\/BlogPosting\" itemprop=\"blogPost\" ><div class='avia_textblock  '   itemprop=\"text\" ><div>\n<p class=\"v1MsoNormal\" style=\"text-align: justify;\">Los proyectos deportivos son financiados por el Fondo Nacional para el Fomento del Deporte (Fondeporte) herramienta que el Ministerio del Deporte a trav\u00e9s del Instituto Nacional de Deportes ofrece a las organizaciones deportivas.<\/p>\n<p class=\"v1MsoNormal\" style=\"text-align: justify;\">As\u00ed lo inform\u00f3\u00a0 la Seremi del Deporte Mar\u00eda Eugenia Dur\u00e1n Jara quien se\u00f1al\u00f3 \u00abestos aportes que ascienden a $66.049.610 millones permitir\u00e1n que las organizaciones de la regi\u00f3n ejecuten y concreten diversas iniciativas en las \u00e1reas del deporte formativo, recreativo y competitivo; de esta forma como Gobierno del Presidente Gabriel Boric Font, Ministerio del Deporte e IND complementamos el esfuerzo que realizan las organizaciones deportivas apoyando e incentivando el deporte en la comunidad a trav\u00e9s de este concurso que nos entrega la posibilidad de fortalecer el acceso a la actividad f\u00edsica y la gesti\u00f3n de nuestros clubes deportivos\u00bb.<\/p>\n<p class=\"v1MsoNormal\" style=\"text-align: justify;\">En tanto, el Director Regional (s) del IND, Javier Medina Mella destac\u00f3 la importancia de estos fondos, manifestando que \u00abcomo direcci\u00f3n regional del IND hemos estado trabajando intensamente respecto de este instrumento de fomento deportivo, con el firme objetivo o de brindar el apoyo necesario a las organizaciones deportivas regionales, acompa\u00f1\u00e1ndolas durante el proceso de postulaci\u00f3n, adjudicaci\u00f3n y posterior desarrollo de sus iniciativas\u00bb.<\/p>\n<p class=\"v1MsoNormal\" style=\"text-align: justify;\">Los proyectos favorecidos corresponden a:<\/p>\n<p class=\"v1MsoNormal\" style=\"text-align: justify;\">Club Deportivo Profeco \u00abEscuelas Profeco\u00bb, Escuela de V\u00f3leibol Eva de Puerto Ays\u00e9n \u00abImplementando Mi Escuela\u00bb, Club de Tenis Coyhaique \u00abAcercando el Tenis a ni\u00f1as y ni\u00f1os de Coyhaique\u00bb, Club Deportivo y Social Coyhaique \u00abTaller Hospital 2023\u00bb, Club Deportivo Ares \u00abTalleres Ares\u00bb, Club Deportivo Social y Cultural Paul Harris \u00abTaller de F\u00fatbol Club Paul Harris Puerto Ays\u00e9n\u00bb, Club Alas Portuarias \u00abLiga Interescolar de Tenis de Mesa Ays\u00e9n\u00bb, Asociaci\u00f3n Deportiva de B\u00e1squetbol Patagonia Coyhaique \u00abCampeonato Asociaci\u00f3n Patagonia\u00bb, Asociaci\u00f3n de Voleibol Puerto Ays\u00e9n \u00abBalones de entrenamiento y competencia series menores Asovay\u00bb, Club Deportivo Academia de B\u00e1squetbol Ays\u00e9n \u00abBasquetbol formativo para nuestras ni\u00f1as de Puerto Ays\u00e9n, Club Deportivo B\u00e1squetbol Coyhaique \u00abAdictos de la Cesta\u00bb y Club Deportivo Patagonia Newen Ko \u00abCampeonato de Nataci\u00f3n\u00bb.<\/p>\n<\/div>\n<\/div><\/section><\/div><div  style='height:50px' class='hr hr-invisible   avia-builder-el-6  el_after_av_one_full  el_before_av_social_share '><span class='hr-inner ' ><span class='hr-inner-style'><\/span><\/span><\/div><\/p>\n<div  class='av-social-sharing-box  avia-builder-el-7  el_after_av_hr  el_before_av_hr  '><div class='av-share-box'><h5 class='av-share-link-description av-no-toc '>Compartir esta noticia<\/h5><ul class='av-share-box-list noLightbox'><li class='av-share-link av-social-link-facebook' ><a target=\"_blank\" aria-label=\"Compartir en Facebook\" href='https:\/\/www.facebook.com\/sharer.php?u=https:\/\/radiorevelacionfm.cl\/?p=30935&#038;t=IND%20Ays%C3%A9n%20da%20a%20conocer%20proyectos%20seleccionados%20FONDEPORTE%202023' aria-hidden='false' data-av_icon='\ue8f3' data-av_iconfont='entypo-fontello' title='' data-avia-related-tooltip='Compartir en Facebook' rel=\"noopener\"><span class='avia_hidden_link_text'>Compartir en Facebook<\/span><\/a><\/li><li class='av-share-link av-social-link-twitter' ><a target=\"_blank\" aria-label=\"Compartir en Twitter\" href='https:\/\/twitter.com\/share?text=IND%20Ays%C3%A9n%20da%20a%20conocer%20proyectos%20seleccionados%20FONDEPORTE%202023&#038;url=https:\/\/radiorevelacionfm.cl\/?p=30935' aria-hidden='false' data-av_icon='\ue8f1' data-av_iconfont='entypo-fontello' title='' data-avia-related-tooltip='Compartir en Twitter' rel=\"noopener\"><span class='avia_hidden_link_text'>Compartir en Twitter<\/span><\/a><\/li><li class='av-share-link av-social-link-whatsapp' ><a target=\"_blank\" aria-label=\"Compartir en Whatsapp\" href='https:\/\/api.whatsapp.com\/send?text=https:\/\/radiorevelacionfm.cl\/?p=30935' aria-hidden='false' data-av_icon='\uf232' data-av_iconfont='entypo-fontello' title='' data-avia-related-tooltip='Compartir en Whatsapp' rel=\"noopener\"><span class='avia_hidden_link_text'>Compartir en Whatsapp<\/span><\/a><\/li><li class='av-share-link av-social-link-linkedin' ><a target=\"_blank\" aria-label=\"Compartir en LinkedIn\" href='https:\/\/linkedin.com\/shareArticle?mini=true&#038;title=IND%20Ays%C3%A9n%20da%20a%20conocer%20proyectos%20seleccionados%20FONDEPORTE%202023&#038;url=https:\/\/radiorevelacionfm.cl\/?p=30935' aria-hidden='false' data-av_icon='\ue8fc' data-av_iconfont='entypo-fontello' title='' data-avia-related-tooltip='Compartir en LinkedIn' rel=\"noopener\"><span class='avia_hidden_link_text'>Compartir en LinkedIn<\/span><\/a><\/li><li class='av-share-link av-social-link-mail' ><a  aria-label=\"Compartir por correo\" href='mailto:?subject=IND%20Ays%C3%A9n%20da%20a%20conocer%20proyectos%20seleccionados%20FONDEPORTE%202023&#038;body=https:\/\/radiorevelacionfm.cl\/?p=30935' aria-hidden='false' data-av_icon='\ue805' data-av_iconfont='entypo-fontello' title='' data-avia-related-tooltip='Compartir por correo'><span class='avia_hidden_link_text'>Compartir por correo<\/span><\/a><\/li><\/ul><\/div><\/div>\n<div  style='height:50px' class='hr hr-invisible   avia-builder-el-8  el_after_av_social_share  el_before_av_comments_list '><span class='hr-inner ' ><span class='hr-inner-style'><\/span><\/span><\/div>\n<div  class='av-buildercomment  av-blog-meta-html-info-disabled av-blog-meta-tag-disabled  '><\/div>\n","protected":false},"excerpt":{"rendered":"","protected":false},"author":1,"featured_media":30936,"comment_status":"open","ping_status":"open","sticky":false,"template":"","format":"standard","meta":{"footnotes":""},"categories":[40],"tags":[],"class_list":["post-30935","post","type-post","status-publish","format-standard","has-post-thumbnail","hentry","category-deportes"],"jetpack_featured_media_url":"https:\/\/radiorevelacionfm.cl\/wp-content\/uploads\/2023\/05\/basq-1_optimized.jpg","_links":{"self":[{"href":"https:\/\/radiorevelacionfm.cl\/index.php?rest_route=\/wp\/v2\/posts\/30935","targetHints":{"allow":["GET"]}}],"collection":[{"href":"https:\/\/radiorevelacionfm.cl\/index.php?rest_route=\/wp\/v2\/posts"}],"about":[{"href":"https:\/\/radiorevelacionfm.cl\/index.php?rest_route=\/wp\/v2\/types\/post"}],"author":[{"embeddable":true,"href":"https:\/\/radiorevelacionfm.cl\/index.php?rest_route=\/wp\/v2\/users\/1"}],"replies":[{"embeddable":true,"href":"https:\/\/radiorevelacionfm.cl\/index.php?rest_route=%2Fwp%2Fv2%2Fcomments&post=30935"}],"version-history":[{"count":1,"href":"https:\/\/radiorevelacionfm.cl\/index.php?rest_route=\/wp\/v2\/posts\/30935\/revisions"}],"predecessor-version":[{"id":30937,"href":"https:\/\/radiorevelacionfm.cl\/index.php?rest_route=\/wp\/v2\/posts\/30935\/revisions\/30937"}],"wp:featuredmedia":[{"embeddable":true,"href":"https:\/\/radiorevelacionfm.cl\/index.php?rest_route=\/wp\/v2\/media\/30936"}],"wp:attachment":[{"href":"https:\/\/radiorevelacionfm.cl\/index.php?rest_route=%2Fwp%2Fv2%2Fmedia&parent=30935"}],"wp:term":[{"taxonomy":"category","embeddable":true,"href":"https:\/\/radiorevelacionfm.cl\/index.php?rest_route=%2Fwp%2Fv2%2Fcategories&post=30935"},{"taxonomy":"post_tag","embeddable":true,"href":"https:\/\/radiorevelacionfm.cl\/index.php?rest_route=%2Fwp%2Fv2%2Ftags&post=30935"}],"curies":[{"name":"wp","href":"https:\/\/api.w.org\/{rel}","templated":true}]}}