{"id":30932,"date":"2023-05-12T15:50:43","date_gmt":"2023-05-12T18:50:43","guid":{"rendered":"https:\/\/radiorevelacionfm.cl\/?p=30932"},"modified":"2023-05-12T15:50:43","modified_gmt":"2023-05-12T18:50:43","slug":"aprueban-proyecto-que-reajusta-el-salario-minimo-a-500-mil-en-julio-de-2024-incluyendo-gradualidad-y-amplio-apoyo-a-las-micro-y-pequenas-empresas","status":"publish","type":"post","link":"https:\/\/radiorevelacionfm.cl\/?p=30932","title":{"rendered":"Aprueban proyecto que reajusta el salario m\u00ednimo a $500 mil en julio de 2024 incluyendo gradualidad y amplio apoyo a las micro y peque\u00f1as empresas"},"content":{"rendered":"<div class=\"flex_column av_one_full  flex_column_div av-zero-column-padding first  avia-builder-el-0  el_before_av_one_full  avia-builder-el-first  \" style='border-radius:0px; '><div  class='avia-image-container  av-styling-    avia-builder-el-1  avia-builder-el-no-sibling  avia-align-center '  itemprop=\"image\" itemscope=\"itemscope\" itemtype=\"https:\/\/schema.org\/ImageObject\"  ><div class='avia-image-container-inner'><div class='avia-image-overlay-wrap'><img decoding=\"async\" class='wp-image-30933 avia-img-lazy-loading-not-30933 avia_image' src=\"https:\/\/radiorevelacionfm.cl\/wp-content\/uploads\/2023\/05\/aprobacion-camara-diputados-2-1-1_optimized.jpg\" alt='' title='aprobacion-camara-diputados-2-(1)-(1)_optimized' height=\"600\" width=\"900\"  itemprop=\"thumbnailUrl\" srcset=\"https:\/\/radiorevelacionfm.cl\/wp-content\/uploads\/2023\/05\/aprobacion-camara-diputados-2-1-1_optimized.jpg 900w, https:\/\/radiorevelacionfm.cl\/wp-content\/uploads\/2023\/05\/aprobacion-camara-diputados-2-1-1_optimized-300x200.jpg 300w, https:\/\/radiorevelacionfm.cl\/wp-content\/uploads\/2023\/05\/aprobacion-camara-diputados-2-1-1_optimized-768x512.jpg 768w, https:\/\/radiorevelacionfm.cl\/wp-content\/uploads\/2023\/05\/aprobacion-camara-diputados-2-1-1_optimized-705x470.jpg 705w, https:\/\/radiorevelacionfm.cl\/wp-content\/uploads\/2023\/05\/aprobacion-camara-diputados-2-1-1_optimized-450x300.jpg 450w, https:\/\/radiorevelacionfm.cl\/wp-content\/uploads\/2023\/05\/aprobacion-camara-diputados-2-1-1_optimized-600x400.jpg 600w\" sizes=\"(max-width: 900px) 100vw, 900px\" \/><\/div><\/div><\/div><\/div><div class=\"flex_column av_one_full  flex_column_div av-zero-column-padding first  avia-builder-el-2  el_after_av_one_full  el_before_av_one_full  column-top-margin\" style='border-radius:0px; '><section class=\"av_textblock_section \"  itemscope=\"itemscope\" itemtype=\"https:\/\/schema.org\/BlogPosting\" itemprop=\"blogPost\" ><div class='avia_textblock  '   itemprop=\"text\" ><p style=\"text-align: center;\"><strong><span style=\"font-size: 18pt;\">Aprueban proyecto que reajusta el salario m\u00ednimo a $500 mil en julio de 2024 incluyendo gradualidad y amplio apoyo a las micro y peque\u00f1as empresas<\/span><\/strong><\/p>\n<div id=\"gtx-trans\" style=\"position: absolute; left: -50px; top: 4.31534px;\">\n<div class=\"gtx-trans-icon\"><\/div>\n<\/div>\n<\/div><\/section><\/div><div class=\"flex_column av_one_full  flex_column_div av-zero-column-padding first  avia-builder-el-4  el_after_av_one_full  el_before_av_hr  column-top-margin\" style='border-radius:0px; '><section class=\"av_textblock_section \"  itemscope=\"itemscope\" itemtype=\"https:\/\/schema.org\/BlogPosting\" itemprop=\"blogPost\" ><div class='avia_textblock  '   itemprop=\"text\" ><p class=\"v1MsoNormal\" style=\"text-align: justify;\"><span lang=\"ES-MX\">La C\u00e1mara de Diputados aprob\u00f3 el proyecto de ley que aumenta el salario m\u00ednimo de forma gradual hasta llegar a los $500.000 en julio del pr\u00f3ximo a\u00f1o, pasando ahora al Senado para continuar con su tr\u00e1mite legislativo, cuya discusi\u00f3n se espera que sea la pr\u00f3xima semana.<\/span><\/p>\n<p class=\"v1MsoNormal\" style=\"text-align: justify;\"><span lang=\"ES-MX\">El delegado regional presidencial, Rodrigo Araya Morales, calific\u00f3 este paso como alentador, se\u00f1alando que lo relevante es el di\u00e1logo tripartito que ha imperado en el proceso y que debiera mantenerse en las pr\u00f3ximas instancias legislativas. \u00abEn relaci\u00f3n a la aprobaci\u00f3n en la C\u00e1mara de Diputados, de la mejora que estamos proponiendo como Gobierno de llegar el a\u00f1o 2024 a $500 mil, nos parece una noticia tremendamente alentadora. Esta discusi\u00f3n se hace con di\u00e1logo y esperamos que eso se mantenga ahora en el Senado, no solamente en el Congreso sino tambi\u00e9n con los empleadores y los trabajadores\u00bb.<\/span><\/p>\n<p class=\"v1MsoNormal\" style=\"text-align: justify;\"><span lang=\"ES-MX\">En la misma l\u00ednea, el Seremi de Trabajo y Previsi\u00f3n Social, Rodrigo D\u00edaz Cordaro, mencion\u00f3, \u00abEste es un avance en la aprobaci\u00f3n del proyecto de ley para que el salario m\u00ednimo llegue a $500.000 en julio del 2024 para cerca de 10.000 trabajadores\/as de la Regi\u00f3n de Ays\u00e9n y quiero destacar que este incremento ser\u00e1 con gradualidad y con un gran apoyo a las micro, peque\u00f1as y medianas empresas del pa\u00eds y de la regi\u00f3n, donde se entregar\u00e1 un subsidio por cada trabajador que tengan. Queremos agradecer la disposici\u00f3n para que el debate fuera con altura de miras y a los diputados de la regi\u00f3n, que votaron a favor en el entendido que esto mejorar\u00e1 la vida de las familias y que se puede ampliar el apoyo a las Mipes en las pr\u00f3ximas instancias\u00bb.<\/span><\/p>\n<p class=\"v1MsoNormal\" style=\"text-align: justify;\"><span lang=\"ES-MX\">La iniciativa, que cont\u00f3 con 120 votos a favor, 24 en contra y 3 abstenciones, fue despachada al Senado en su segundo tr\u00e1mite constitucional.<\/span><\/p>\n<p class=\"v1MsoNormal\" style=\"text-align: justify;\"><span lang=\"ES-MX\">La Ministra de Trabajo y Previsi\u00f3n Social, Jeannette Jara destac\u00f3 la transversalidad en la aprobaci\u00f3n de la iniciativa, tanto con votos del oficialismo como de la oposici\u00f3n. \u00abAgradecemos a los parlamentarios\/as que hoy d\u00eda estuvieron dispuestos a apoyar este proyecto de ley: al oficialismo, a nuestros partidos de la alianza de Gobierno, a los parlamentarios de la oposici\u00f3n, a aquellos que no se negaron al debate y que estuvieron disponibles para conversar, al Partido de la Gente, a la Democracia Cristiana, a Renovaci\u00f3n Nacional, a Ev\u00f3poli, y a todos aquellos que se sumaron en esta discusi\u00f3n. As\u00ed crece Chile, incluyendo a todos y a todas\u00bb, dijo la titular.<\/span><\/p>\n<p class=\"v1MsoNormal\" style=\"text-align: justify;\"><span lang=\"ES-MX\">Como medida principal, el proyecto establece el alza del salario m\u00ednimo hasta alcanzar los $500.000 durante el pr\u00f3ximo a\u00f1o, a trav\u00e9s de la siguiente gradualidad: un incremento desde los actuales $410.000 a $440.000 el 1 de mayo de 2023; luego, a $460.000 el 1 de septiembre de 2023; y, posteriormente, a $500.000 el 1 de julio de 2024.<\/span><\/p>\n<p class=\"v1MsoNormal\" style=\"text-align: justify;\"><span lang=\"ES-MX\">Sobre el apoyo a las micro y peque\u00f1as empresas, el nuevo Seremi de Econom\u00eda, Fomento y Turismo, Felipe Rojas Pizarro, mencion\u00f3 que han estado en conversaciones con los gremios regionales,<\/span><\/p>\n<p class=\"v1MsoNormal\" style=\"text-align: justify;\"><span lang=\"ES-MX\">\u00abEl Gobierno del Presidente Gabriel Boric, a trav\u00e9s del Ministerio de Econom\u00eda ha establecido una serie de reuniones con distintos gremios, asociados a las micro y peque\u00f1as empresas del pa\u00eds, llegando a acuerdos acerca de una serie de medidas para fortalecer las micro y peque\u00f1as empresas, y particularmente, apoyar el incremento del salario m\u00ednimo. Muchas de ellas firmaron, son medidas bastante interesantes, algunas de ellas ya se realizaron el a\u00f1o anterior, como la subvenci\u00f3n escalonada a partir del salario m\u00ednimo. Estas conversaciones siguen abiertas, a nivel regional hemos realizado algunas conversaciones con algunos gremios, que est\u00e1n muy motivados sobre lo que se est\u00e1 planteando, pero tambi\u00e9n nos han invitado a conversar sobre alternativas regionales. Estamos de alguna manera abriendo esas conversaciones y siempre dispuestos al di\u00e1logo, tanto desde el ministerio como desde la Serem\u00eda de Econom\u00eda\u00bb, afirm\u00f3.<\/span><\/p>\n<p class=\"v1MsoNormal\" style=\"text-align: justify;\"><span lang=\"ES-MX\">Una nueva idea que permiti\u00f3 destrabar las inquietudes de los parlamentarios fue la propuesta que el ministro de Hacienda, Mario Marcel, dio a conocer en la Sala de la C\u00e1mara, minutos antes de la votaci\u00f3n. Plante\u00f3 que en el Senado se incorporar\u00e1 como indicaci\u00f3n que la tasa del Impuesto de Primera Categor\u00eda en el r\u00e9gimen Pyme ser\u00e1 de 12,5% en 2024, y no subir\u00e1 a 25% como se\u00f1ala la normativa. Esto se suma al art\u00edculo que mantiene en 10% el gravamen para este a\u00f1o.<\/span><\/p>\n<p class=\"v1MsoNormal\" style=\"text-align: justify;\"><b><u><span lang=\"ES-MX\">Detalles de la iniciativa<\/span><\/u><\/b><\/p>\n<p class=\"v1MsoNormal\" style=\"text-align: justify;\"><span lang=\"ES-MX\">Junto a la gradualidad mencionada anteriormente, en el caso que el IPC acumulado durante 2023 supere el 6%, se realizar\u00e1 un alza previa de $10.000 el 1 de enero de 2024, quedando el salario m\u00ednimo en $470.000 en dicha fecha, para luego continuar con la gradualidad anteriormente mencionada.<\/span><\/p>\n<p class=\"v1MsoNormal\" style=\"text-align: justify;\"><span lang=\"ES-MX\">Posterior a esa fecha, se acord\u00f3 efectuar a todo evento un reajuste autom\u00e1tico del ingreso m\u00ednimo mensual conforme el \u00cdndice de Precios al Consumidor (IPC) que se registre entre los meses de julio-diciembre de 2024 y que se concretar\u00e1 en enero del 2025.<\/span><\/p>\n<p class=\"v1MsoNormal\" style=\"text-align: justify;\"><span lang=\"ES-MX\">De este modo, y de aprobarse el proyecto, se cumplir\u00eda en torno a dos a\u00f1os uno de los compromisos del programa de Gobierno del Presidente Gabriel Boric: llegar a un salario m\u00ednimo mensual de $500.000 durante su mandato presidencial.<\/span><\/p>\n<p class=\"v1MsoNormal\" style=\"text-align: justify;\"><span lang=\"ES-MX\">Adem\u00e1s, el proyecto de ley presentado por el Ejecutivo, en acuerdo con la CUT, tambi\u00e9n contempla reajustar los tramos de la Asignaci\u00f3n Familiar a partir de mayo 2023, lo que aumentar\u00e1 la cobertura y los beneficios de los actuales afiliados, fij\u00e1ndose los siguientes tramos:<\/span><\/p>\n<p class=\"v1MsoNormal\" style=\"text-align: justify;\"><span lang=\"ES-MX\">\u00d8\u00a0\u00a0<\/span><span lang=\"ES-MX\">Primer tramo para beneficiarios cuyo ingreso mensual no exceda los $515.879.<\/span><\/p>\n<p class=\"v1MsoNormal\" style=\"text-align: justify;\"><span lang=\"ES-MX\">\u00d8\u00a0\u00a0<\/span><span lang=\"ES-MX\">Segundo tramo para beneficiarios que su ingreso mensual supere los $515.879 y no exceda $753.496.<\/span><\/p>\n<p class=\"v1MsoNormal\" style=\"text-align: justify;\"><span lang=\"ES-MX\">\u00d8\u00a0\u00a0<\/span><span lang=\"ES-MX\">Tercer tramo para beneficiarios cuyo ingreso mensual supere los $753.496 y no exceda $1.175.196.<\/span><\/p>\n<p class=\"v1MsoNormal\" style=\"text-align: justify;\"><span lang=\"ES-MX\">En tanto, respecto de los beneficiarios cuyo ingreso sea superior a $1.175.196, no tendr\u00e1n derecho a asignaci\u00f3n.<\/span><\/p>\n<p class=\"v1MsoNormal\" style=\"text-align: justify;\"><span lang=\"ES-MX\">En torno al Subsidio Mensual para alcanzar un Ingreso M\u00ednimo Garantizado que rige hasta el 31 de diciembre de 2023, seg\u00fan consta en la ley 21.218, se propone en el proyecto ajustar los par\u00e1metros para beneficiar a las y los trabajadores con ingresos mensuales de hasta $500.000, extendiendo as\u00ed su vigencia desde el 31 de diciembre de 2023 al 30 de junio de 2024. Esto, pues al 1 de julio del mismo a\u00f1o, el ingreso m\u00ednimo mensual ya alcanzar\u00e1 dicho monto.<\/span><\/p>\n<p class=\"v1MsoNormal\" style=\"text-align: justify;\"><b><u><span lang=\"ES-MX\">Apoyo a las MiPymes<\/span><\/u><\/b><\/p>\n<p class=\"v1MsoNormal\" style=\"text-align: justify;\"><span lang=\"ES-MX\">Por otro lado, y despu\u00e9s que el Ministerio de Econom\u00eda, Fomento y Turismo sell\u00f3 un acuerdo con varios gremios de las micro, peque\u00f1as y medianas empresas, el Gobierno ingres\u00f3 una serie de indicaciones al proyecto para apoyar a este tipo de compa\u00f1\u00edas a cumplir con el alza del salario m\u00ednimo.<\/span><\/p>\n<p class=\"v1MsoNormal\" style=\"text-align: justify;\"><span lang=\"ES-MX\">En concreto, se propone un subsidio que consiste en un esquema estable de montos para cada uno de los periodos de alza del salario m\u00ednimo, el cual var\u00eda seg\u00fan tama\u00f1o de empresa (micro, peque\u00f1a y mediana), a fin de entregar mayor cobertura y protecci\u00f3n a las microempresas.<\/span><\/p>\n<p class=\"v1MsoNormal\" style=\"text-align: justify;\"><span lang=\"ES-MX\">Adem\u00e1s, se contempla la aplicaci\u00f3n de un mecanismo de protecci\u00f3n que elevar\u00e1 los montos de este instrumento en cualquiera de los dos escenarios que se describen a continuaci\u00f3n:<\/span><\/p>\n<p class=\"v1MsoNormal\" style=\"text-align: justify;\"><span lang=\"ES-MX\">a) <\/span><span lang=\"ES-MX\">Cuando el nivel del empleo formal, entendido como la tasa de asalariados con cotizaci\u00f3n previsional pagadas por el empleador, que informar\u00e1 el Instituto Nacional de Estad\u00edsticas, sea inferior a 34,5%.<\/span><\/p>\n<p class=\"v1MsoNormal\" style=\"text-align: justify;\"><span lang=\"ES-MX\">b) <\/span><span lang=\"ES-MX\">Cuando exista una recesi\u00f3n t\u00e9cnica, esto es, cuando el nivel de crecimiento de la actividad econ\u00f3mica del pa\u00eds, entendida como el PIB real trimestral desestacionalizado que informar\u00e1 el Banco Central de Chile, sufra una variaci\u00f3n negativa por dos trimestres consecutivos.<\/span><\/p>\n<p class=\"v1MsoNormal\" style=\"text-align: justify;\"><span lang=\"ES-MX\">En virtud de lo anterior, para aquellas empresas de menor tama\u00f1o que ya fueron beneficiarias del subsidio 2022, los montos por trabajador o trabajadora ser\u00e1n los siguientes:<\/span><\/p>\n<p>Tabla Descripci\u00f3n generada autom\u00e1ticamente<\/p>\n<p class=\"v1MsoNormal\" style=\"text-align: justify;\"><span lang=\"ES-MX\">El subsidio se entregar\u00e1 autom\u00e1ticamente a las empresas que fueron beneficiarias de subsidio 2022 -2023 (ley N\u00ba21.456). Para el caso de las empresas que actualmente no son beneficiarias y quieran solicitar el subsidio 2023-2025, lo podr\u00e1n hacer en el sitio web del Servicio de Impuestos Internos (SII) con una \u00fanica solicitud para recibir el subsidio mes a mes. El \u00fanico elemento diferenciador respecto de este grupo de empresas y aquellas beneficiarias del subsidio anterior, es que durante el periodo de alza (entre mayo y agosto de 2023) el monto por trabajador o trabajadora ser\u00e1 $10 mil inferiores que las actuales beneficiarias.<\/span><\/p>\n<p class=\"v1MsoNormal\" style=\"text-align: justify;\"><b><u><span lang=\"ES-MX\">Medidas complementarias de apoyo a las PYME<\/span><\/u><\/b><\/p>\n<p class=\"v1MsoNormal\" style=\"text-align: justify;\"><span lang=\"ES-MX\">Por otra parte, se ingresaron indicaciones al proyecto de ley que extienden hasta diciembre de 2023 la tasa del impuesto de Primera Categor\u00eda en un 10% para aquellas empresas acogidas al R\u00e9gimen ProPyme general.<\/span><\/p>\n<p class=\"v1MsoNormal\" style=\"text-align: justify;\"><span lang=\"ES-MX\">Al mismo tiempo, se propone una modificaci\u00f3n legal para extender hasta el 31 de marzo de 2024 el beneficio de alivio deuda tributaria, cuya duraci\u00f3n estaba inicialmente contemplada hasta el 30 de abril del presente a\u00f1o.<\/span><\/p>\n<p class=\"v1MsoNormal\" style=\"text-align: justify;\"><span lang=\"ES-MX\">Adem\u00e1s, se propone garantizar la participaci\u00f3n de un miembro del Consejo Consultivo de Empresas del Menor Tama\u00f1o en el Consejo Superior Laboral (CSL), mediante la modificaci\u00f3n a la Ley N\u00b020.940, de manera que este representante deje de ser electo por los empleadores de mayor representatividad del pa\u00eds, manteniendo la proporcionalidad existente en la participaci\u00f3n del (CSL).<\/span><\/p>\n<p class=\"v1MsoNormal\" style=\"text-align: justify;\"><span lang=\"ES-MX\">Por otro lado, ayer martes el Ejecutivo ingres\u00f3 una indicaci\u00f3n para desvincular el no pago del pr\u00e9stamo solidario con la renovaci\u00f3n del permiso de circulaci\u00f3n durante este a\u00f1o.<\/span><\/p>\n<p class=\"v1MsoNormal\" style=\"text-align: justify;\"><b><u><span lang=\"ES-MX\">Costo fiscal<\/span><\/u><\/b><\/p>\n<p class=\"v1MsoNormal\" style=\"text-align: justify;\"><span lang=\"ES-MX\">Cabe se\u00f1alar que, ayer martes, el ministro de Hacienda, Mario Marcel, detall\u00f3 el costo fiscal de la iniciativa. \u00abEl proyecto tiene un costo fiscal de $169.000 millones en el primer a\u00f1o, de $311.000 millones en el 2024, y de $132.000 millones en 2025. A eso hay que agregarle, en el caso del 2023, el efecto fiscal de la postergaci\u00f3n del ajuste de la tasa del impuesto de Primera Categor\u00eda que alcanza a $498.340 millones\u00bb, explic\u00f3 el secretario de Estado.<\/span><\/p>\n<p class=\"v1MsoNormal\" style=\"text-align: justify;\"><span lang=\"ES-MX\">Adem\u00e1s, el ministro detall\u00f3 otros aspectos que han sido incorporados al proyecto, a instancias de las conversaciones con los parlamentarios; calificar con urgencia al proyecto de Compras P\u00fablicas que contempla mejoras en el acceso de las pymes como proveedores; estudiar el subsidio de apoyo a las pymes para la contrataci\u00f3n en zonas extremas; y evaluar la tributaci\u00f3n permanente de este segmento de empresas en la reformulaci\u00f3n de la Reforma Tributaria, para lo cual se ha convocado a distintos sectores econ\u00f3micos y sociales. Adem\u00e1s, se present\u00f3 una indicaci\u00f3n en la Comisi\u00f3n de Econom\u00eda para eliminar la condicionalidad de entrega del permiso de circulaci\u00f3n al pago de las deudas de cr\u00e9ditos a empresas de transporte pymes.<\/span><\/p>\n<p class=\"v1MsoNormal\" style=\"text-align: justify;\"><span lang=\"ES-MX\">\u00a0<\/span><\/p>\n<\/div><\/section><\/div><div  style='height:50px' class='hr hr-invisible   avia-builder-el-6  el_after_av_one_full  el_before_av_social_share '><span class='hr-inner ' ><span class='hr-inner-style'><\/span><\/span><\/div><\/p>\n<div  class='av-social-sharing-box  avia-builder-el-7  el_after_av_hr  el_before_av_hr  '><div class='av-share-box'><h5 class='av-share-link-description av-no-toc '>Compartir esta noticia<\/h5><ul class='av-share-box-list noLightbox'><li class='av-share-link av-social-link-facebook' ><a target=\"_blank\" aria-label=\"Compartir en Facebook\" href='https:\/\/www.facebook.com\/sharer.php?u=https:\/\/radiorevelacionfm.cl\/?p=30932&#038;t=Aprueban%20proyecto%20que%20reajusta%20el%20salario%20m%C3%ADnimo%20a%20%24500%20mil%20en%20julio%20de%202024%20incluyendo%20gradualidad%20y%20amplio%20apoyo%20a%20las%20micro%20y%20peque%C3%B1as%20empresas' aria-hidden='false' data-av_icon='\ue8f3' data-av_iconfont='entypo-fontello' title='' data-avia-related-tooltip='Compartir en Facebook' rel=\"noopener\"><span class='avia_hidden_link_text'>Compartir en Facebook<\/span><\/a><\/li><li class='av-share-link av-social-link-twitter' ><a target=\"_blank\" aria-label=\"Compartir en Twitter\" href='https:\/\/twitter.com\/share?text=Aprueban%20proyecto%20que%20reajusta%20el%20salario%20m%C3%ADnimo%20a%20%24500%20mil%20en%20julio%20de%202024%20incluyendo%20gradualidad%20y%20amplio%20apoyo%20a%20las%20micro%20y%20peque%C3%B1as%20empresas&#038;url=https:\/\/radiorevelacionfm.cl\/?p=30932' aria-hidden='false' data-av_icon='\ue8f1' data-av_iconfont='entypo-fontello' title='' data-avia-related-tooltip='Compartir en Twitter' rel=\"noopener\"><span class='avia_hidden_link_text'>Compartir en Twitter<\/span><\/a><\/li><li class='av-share-link av-social-link-whatsapp' ><a target=\"_blank\" aria-label=\"Compartir en Whatsapp\" href='https:\/\/api.whatsapp.com\/send?text=https:\/\/radiorevelacionfm.cl\/?p=30932' aria-hidden='false' data-av_icon='\uf232' data-av_iconfont='entypo-fontello' title='' data-avia-related-tooltip='Compartir en Whatsapp' rel=\"noopener\"><span class='avia_hidden_link_text'>Compartir en Whatsapp<\/span><\/a><\/li><li class='av-share-link av-social-link-linkedin' ><a target=\"_blank\" aria-label=\"Compartir en LinkedIn\" href='https:\/\/linkedin.com\/shareArticle?mini=true&#038;title=Aprueban%20proyecto%20que%20reajusta%20el%20salario%20m%C3%ADnimo%20a%20%24500%20mil%20en%20julio%20de%202024%20incluyendo%20gradualidad%20y%20amplio%20apoyo%20a%20las%20micro%20y%20peque%C3%B1as%20empresas&#038;url=https:\/\/radiorevelacionfm.cl\/?p=30932' aria-hidden='false' data-av_icon='\ue8fc' data-av_iconfont='entypo-fontello' title='' data-avia-related-tooltip='Compartir en LinkedIn' rel=\"noopener\"><span class='avia_hidden_link_text'>Compartir en LinkedIn<\/span><\/a><\/li><li class='av-share-link av-social-link-mail' ><a  aria-label=\"Compartir por correo\" href='mailto:?subject=Aprueban%20proyecto%20que%20reajusta%20el%20salario%20m%C3%ADnimo%20a%20%24500%20mil%20en%20julio%20de%202024%20incluyendo%20gradualidad%20y%20amplio%20apoyo%20a%20las%20micro%20y%20peque%C3%B1as%20empresas&#038;body=https:\/\/radiorevelacionfm.cl\/?p=30932' aria-hidden='false' data-av_icon='\ue805' data-av_iconfont='entypo-fontello' title='' data-avia-related-tooltip='Compartir por correo'><span class='avia_hidden_link_text'>Compartir por correo<\/span><\/a><\/li><\/ul><\/div><\/div>\n<div  style='height:50px' class='hr hr-invisible   avia-builder-el-8  el_after_av_social_share  el_before_av_comments_list '><span class='hr-inner ' ><span class='hr-inner-style'><\/span><\/span><\/div>\n<div  class='av-buildercomment  av-blog-meta-html-info-disabled av-blog-meta-tag-disabled  '><\/div>\n","protected":false},"excerpt":{"rendered":"","protected":false},"author":1,"featured_media":30933,"comment_status":"open","ping_status":"open","sticky":false,"template":"","format":"standard","meta":{"footnotes":""},"categories":[56],"tags":[],"class_list":["post-30932","post","type-post","status-publish","format-standard","has-post-thumbnail","hentry","category-trabajo"],"jetpack_featured_media_url":"https:\/\/radiorevelacionfm.cl\/wp-content\/uploads\/2023\/05\/aprobacion-camara-diputados-2-1-1_optimized.jpg","_links":{"self":[{"href":"https:\/\/radiorevelacionfm.cl\/index.php?rest_route=\/wp\/v2\/posts\/30932","targetHints":{"allow":["GET"]}}],"collection":[{"href":"https:\/\/radiorevelacionfm.cl\/index.php?rest_route=\/wp\/v2\/posts"}],"about":[{"href":"https:\/\/radiorevelacionfm.cl\/index.php?rest_route=\/wp\/v2\/types\/post"}],"author":[{"embeddable":true,"href":"https:\/\/radiorevelacionfm.cl\/index.php?rest_route=\/wp\/v2\/users\/1"}],"replies":[{"embeddable":true,"href":"https:\/\/radiorevelacionfm.cl\/index.php?rest_route=%2Fwp%2Fv2%2Fcomments&post=30932"}],"version-history":[{"count":1,"href":"https:\/\/radiorevelacionfm.cl\/index.php?rest_route=\/wp\/v2\/posts\/30932\/revisions"}],"predecessor-version":[{"id":30934,"href":"https:\/\/radiorevelacionfm.cl\/index.php?rest_route=\/wp\/v2\/posts\/30932\/revisions\/30934"}],"wp:featuredmedia":[{"embeddable":true,"href":"https:\/\/radiorevelacionfm.cl\/index.php?rest_route=\/wp\/v2\/media\/30933"}],"wp:attachment":[{"href":"https:\/\/radiorevelacionfm.cl\/index.php?rest_route=%2Fwp%2Fv2%2Fmedia&parent=30932"}],"wp:term":[{"taxonomy":"category","embeddable":true,"href":"https:\/\/radiorevelacionfm.cl\/index.php?rest_route=%2Fwp%2Fv2%2Fcategories&post=30932"},{"taxonomy":"post_tag","embeddable":true,"href":"https:\/\/radiorevelacionfm.cl\/index.php?rest_route=%2Fwp%2Fv2%2Ftags&post=30932"}],"curies":[{"name":"wp","href":"https:\/\/api.w.org\/{rel}","templated":true}]}}