{"id":30927,"date":"2023-05-12T10:43:40","date_gmt":"2023-05-12T13:43:40","guid":{"rendered":"https:\/\/radiorevelacionfm.cl\/?p=30927"},"modified":"2023-05-12T10:43:40","modified_gmt":"2023-05-12T13:43:40","slug":"corte-de-coyhaique-realizo-visita-guiada-a-agrupacion-de-voluntarias-del-sector-salud","status":"publish","type":"post","link":"https:\/\/radiorevelacionfm.cl\/?p=30927","title":{"rendered":"Corte de Coyhaique realiz\u00f3 visita guiada a agrupaci\u00f3n de voluntarias del sector salud"},"content":{"rendered":"<div class=\"flex_column av_one_full  flex_column_div av-zero-column-padding first  avia-builder-el-0  el_before_av_one_full  avia-builder-el-first  \" style='border-radius:0px; '><div  class='avia-image-container  av-styling-    avia-builder-el-1  avia-builder-el-no-sibling  avia-align-center '  itemprop=\"image\" itemscope=\"itemscope\" itemtype=\"https:\/\/schema.org\/ImageObject\"  ><div class='avia-image-container-inner'><div class='avia-image-overlay-wrap'><img decoding=\"async\" class='wp-image-30928 avia-img-lazy-loading-not-30928 avia_image' src=\"https:\/\/radiorevelacionfm.cl\/wp-content\/uploads\/2023\/05\/foto-03-1_optimized.jpg\" alt='' title='foto-03--(1)_optimized' height=\"600\" width=\"945\"  itemprop=\"thumbnailUrl\" srcset=\"https:\/\/radiorevelacionfm.cl\/wp-content\/uploads\/2023\/05\/foto-03-1_optimized.jpg 945w, https:\/\/radiorevelacionfm.cl\/wp-content\/uploads\/2023\/05\/foto-03-1_optimized-300x190.jpg 300w, https:\/\/radiorevelacionfm.cl\/wp-content\/uploads\/2023\/05\/foto-03-1_optimized-768x488.jpg 768w, https:\/\/radiorevelacionfm.cl\/wp-content\/uploads\/2023\/05\/foto-03-1_optimized-705x448.jpg 705w, https:\/\/radiorevelacionfm.cl\/wp-content\/uploads\/2023\/05\/foto-03-1_optimized-450x286.jpg 450w, https:\/\/radiorevelacionfm.cl\/wp-content\/uploads\/2023\/05\/foto-03-1_optimized-600x381.jpg 600w\" sizes=\"(max-width: 945px) 100vw, 945px\" \/><\/div><\/div><\/div><\/div><div class=\"flex_column av_one_full  flex_column_div av-zero-column-padding first  avia-builder-el-2  el_after_av_one_full  el_before_av_one_full  column-top-margin\" style='border-radius:0px; '><section class=\"av_textblock_section \"  itemscope=\"itemscope\" itemtype=\"https:\/\/schema.org\/BlogPosting\" itemprop=\"blogPost\" ><div class='avia_textblock  '   itemprop=\"text\" ><p style=\"text-align: center;\"><span style=\"font-size: 18pt;\"><b>Corte de Coyhaique realiz\u00f3 visita guiada a agrupaci\u00f3n de voluntarias del sector salud<\/b><\/span><\/p>\n<div id=\"gtx-trans\" style=\"position: absolute; left: -50px; top: 4.31534px;\">\n<div class=\"gtx-trans-icon\"><\/div>\n<\/div>\n<\/div><\/section><\/div><div class=\"flex_column av_one_full  flex_column_div av-zero-column-padding first  avia-builder-el-4  el_after_av_one_full  el_before_av_hr  column-top-margin\" style='border-radius:0px; '><section class=\"av_textblock_section \"  itemscope=\"itemscope\" itemtype=\"https:\/\/schema.org\/BlogPosting\" itemprop=\"blogPost\" ><div class='avia_textblock  '   itemprop=\"text\" ><p class=\"v1MsoNormal\" style=\"text-align: justify;\">Conocer la labor que cumplen los funcionarios y ministros de la Corte de Apelaciones de Coyhaique, fue el objetivo de la visita del voluntariado de salud mental \u00abArmon\u00eda, Luz y Vida\u00bb, dependiente del Centro Comunitario de Salud Familiar (CECOSF), de la ciudad.<\/p>\n<p class=\"v1MsoNormal\" style=\"text-align: justify;\">En la instancia, desarrollada la semana reci\u00e9n pasada, fueron recibidos por el propio presidente del tribunal de alzada, ministro Jos\u00e9 Ignacio Mora Trujillo, quien encabez\u00f3 el recorrido y respondi\u00f3 dudas y consultas de las asistentes.<\/p>\n<p class=\"v1MsoNormal\" style=\"text-align: justify;\">\u00abPara el Poder Judicial y espec\u00edficamente para esta Corte Apelaciones es fundamental mantener un v\u00ednculo con la comunidad. Y hemos tenido esta experiencia que result\u00f3 positiva, de mucha retroalimentaci\u00f3n. Desde luego, para nosotros es una oportunidad para comunicar todo nuestro trabajo interno y dar a conocer los mecanismos de acceso a la justicia\u00bb, sostuvo el ministro Mora Trujillo.<\/p>\n<p class=\"v1MsoNormal\" style=\"text-align: justify;\">Agreg\u00f3 que \u00aben esta actividad nosotros tambi\u00e9n hemos aprendido, ya que este grupo de voluntarios de salud mental realizan una hermosa labor para la comunidad y eso nos permite a nosotros sensibilizarnos frente a una realidad que hoy afecta a muchas personas, por lo que las felicitamos dada la gran ayuda que prestan\u00bb.<\/p>\n<p class=\"v1MsoNormal\" style=\"text-align: justify;\">Patricia Vargas, voluntaria de la agrupaci\u00f3n de salud mental \u00abArmon\u00eda, Luz y Vida\u00bb, indic\u00f3 que \u00aben esta visita a la Corte de Apelaciones nos vamos alucinadas porque nos encontramos con un edificio precioso y adem\u00e1s por la humanidad que se vive ac\u00e1, lo acogedores que son. Sin dudas fue un bonito acercamiento y nos vamos muy contentas\u00bb.<\/p>\n<p class=\"v1MsoNormal\" style=\"text-align: justify;\">Por su parte, Silvia \u00c1vila, coordinadora del Centro Comunitario de Salud Familiar, expres\u00f3 que \u00abconstatar en terreno el trabajo que realizan y el cambio que ha tenido la Justicia respecto de acercar de manera horizontal las relaciones entre los sectores o los distintos \u00e1mbitos, me parece s\u00faper interesante. Entonces, al acercarse ac\u00e1 se derrumba ese mito que existe en la comunidad de que tenemos una justicia lejana, y al contrario, debemos pensar que nos puede ayudar mucho como comunidad\u00bb.<\/p>\n<p class=\"v1MsoNormal\" style=\"text-align: justify;\">La visita guiada contempl\u00f3 un recorrido por las diversas unidades de la Corte de Apelaciones, entre ellas, la secretar\u00eda, oficinas de los relatores, sala de alegatos y de acuerdos, y adem\u00e1s una charla respecto a la estructura del Poder Judicial.<\/p>\n<\/div><\/section><\/div><div  style='height:50px' class='hr hr-invisible   avia-builder-el-6  el_after_av_one_full  el_before_av_social_share '><span class='hr-inner ' ><span class='hr-inner-style'><\/span><\/span><\/div><\/p>\n<div  class='av-social-sharing-box  avia-builder-el-7  el_after_av_hr  el_before_av_hr  '><div class='av-share-box'><h5 class='av-share-link-description av-no-toc '>Compartir esta noticia<\/h5><ul class='av-share-box-list noLightbox'><li class='av-share-link av-social-link-facebook' ><a target=\"_blank\" aria-label=\"Compartir en Facebook\" href='https:\/\/www.facebook.com\/sharer.php?u=https:\/\/radiorevelacionfm.cl\/?p=30927&#038;t=Corte%20de%20Coyhaique%20realiz%C3%B3%20visita%20guiada%20a%20agrupaci%C3%B3n%20de%20voluntarias%20del%20sector%20salud' aria-hidden='false' data-av_icon='\ue8f3' data-av_iconfont='entypo-fontello' title='' data-avia-related-tooltip='Compartir en Facebook' rel=\"noopener\"><span class='avia_hidden_link_text'>Compartir en Facebook<\/span><\/a><\/li><li class='av-share-link av-social-link-twitter' ><a target=\"_blank\" aria-label=\"Compartir en Twitter\" href='https:\/\/twitter.com\/share?text=Corte%20de%20Coyhaique%20realiz%C3%B3%20visita%20guiada%20a%20agrupaci%C3%B3n%20de%20voluntarias%20del%20sector%20salud&#038;url=https:\/\/radiorevelacionfm.cl\/?p=30927' aria-hidden='false' data-av_icon='\ue8f1' data-av_iconfont='entypo-fontello' title='' data-avia-related-tooltip='Compartir en Twitter' rel=\"noopener\"><span class='avia_hidden_link_text'>Compartir en Twitter<\/span><\/a><\/li><li class='av-share-link av-social-link-whatsapp' ><a target=\"_blank\" aria-label=\"Compartir en Whatsapp\" href='https:\/\/api.whatsapp.com\/send?text=https:\/\/radiorevelacionfm.cl\/?p=30927' aria-hidden='false' data-av_icon='\uf232' data-av_iconfont='entypo-fontello' title='' data-avia-related-tooltip='Compartir en Whatsapp' rel=\"noopener\"><span class='avia_hidden_link_text'>Compartir en Whatsapp<\/span><\/a><\/li><li class='av-share-link av-social-link-linkedin' ><a target=\"_blank\" aria-label=\"Compartir en LinkedIn\" href='https:\/\/linkedin.com\/shareArticle?mini=true&#038;title=Corte%20de%20Coyhaique%20realiz%C3%B3%20visita%20guiada%20a%20agrupaci%C3%B3n%20de%20voluntarias%20del%20sector%20salud&#038;url=https:\/\/radiorevelacionfm.cl\/?p=30927' aria-hidden='false' data-av_icon='\ue8fc' data-av_iconfont='entypo-fontello' title='' data-avia-related-tooltip='Compartir en LinkedIn' rel=\"noopener\"><span class='avia_hidden_link_text'>Compartir en LinkedIn<\/span><\/a><\/li><li class='av-share-link av-social-link-mail' ><a  aria-label=\"Compartir por correo\" href='mailto:?subject=Corte%20de%20Coyhaique%20realiz%C3%B3%20visita%20guiada%20a%20agrupaci%C3%B3n%20de%20voluntarias%20del%20sector%20salud&#038;body=https:\/\/radiorevelacionfm.cl\/?p=30927' aria-hidden='false' data-av_icon='\ue805' data-av_iconfont='entypo-fontello' title='' data-avia-related-tooltip='Compartir por correo'><span class='avia_hidden_link_text'>Compartir por correo<\/span><\/a><\/li><\/ul><\/div><\/div>\n<div  style='height:50px' class='hr hr-invisible   avia-builder-el-8  el_after_av_social_share  el_before_av_comments_list '><span class='hr-inner ' ><span class='hr-inner-style'><\/span><\/span><\/div>\n<div  class='av-buildercomment  av-blog-meta-html-info-disabled av-blog-meta-tag-disabled  '><\/div>\n","protected":false},"excerpt":{"rendered":"","protected":false},"author":1,"featured_media":30928,"comment_status":"open","ping_status":"open","sticky":false,"template":"","format":"standard","meta":{"footnotes":""},"categories":[55],"tags":[],"class_list":["post-30927","post","type-post","status-publish","format-standard","has-post-thumbnail","hentry","category-justicia"],"jetpack_featured_media_url":"https:\/\/radiorevelacionfm.cl\/wp-content\/uploads\/2023\/05\/foto-03-1_optimized.jpg","_links":{"self":[{"href":"https:\/\/radiorevelacionfm.cl\/index.php?rest_route=\/wp\/v2\/posts\/30927","targetHints":{"allow":["GET"]}}],"collection":[{"href":"https:\/\/radiorevelacionfm.cl\/index.php?rest_route=\/wp\/v2\/posts"}],"about":[{"href":"https:\/\/radiorevelacionfm.cl\/index.php?rest_route=\/wp\/v2\/types\/post"}],"author":[{"embeddable":true,"href":"https:\/\/radiorevelacionfm.cl\/index.php?rest_route=\/wp\/v2\/users\/1"}],"replies":[{"embeddable":true,"href":"https:\/\/radiorevelacionfm.cl\/index.php?rest_route=%2Fwp%2Fv2%2Fcomments&post=30927"}],"version-history":[{"count":1,"href":"https:\/\/radiorevelacionfm.cl\/index.php?rest_route=\/wp\/v2\/posts\/30927\/revisions"}],"predecessor-version":[{"id":30929,"href":"https:\/\/radiorevelacionfm.cl\/index.php?rest_route=\/wp\/v2\/posts\/30927\/revisions\/30929"}],"wp:featuredmedia":[{"embeddable":true,"href":"https:\/\/radiorevelacionfm.cl\/index.php?rest_route=\/wp\/v2\/media\/30928"}],"wp:attachment":[{"href":"https:\/\/radiorevelacionfm.cl\/index.php?rest_route=%2Fwp%2Fv2%2Fmedia&parent=30927"}],"wp:term":[{"taxonomy":"category","embeddable":true,"href":"https:\/\/radiorevelacionfm.cl\/index.php?rest_route=%2Fwp%2Fv2%2Fcategories&post=30927"},{"taxonomy":"post_tag","embeddable":true,"href":"https:\/\/radiorevelacionfm.cl\/index.php?rest_route=%2Fwp%2Fv2%2Ftags&post=30927"}],"curies":[{"name":"wp","href":"https:\/\/api.w.org\/{rel}","templated":true}]}}