{"id":30924,"date":"2023-05-11T21:14:59","date_gmt":"2023-05-12T00:14:59","guid":{"rendered":"https:\/\/radiorevelacionfm.cl\/?p=30924"},"modified":"2023-05-11T21:14:59","modified_gmt":"2023-05-12T00:14:59","slug":"diputada-raphael-expresa-su-preocupacion-por-la-falta-de-apoyo-a-la-actividad-silvoagropecuaria-en-aysen","status":"publish","type":"post","link":"https:\/\/radiorevelacionfm.cl\/?p=30924","title":{"rendered":"Diputada Raphael expresa su preocupaci\u00f3n por la falta de apoyo a la actividad silvoagropecuaria en Ays\u00e9n"},"content":{"rendered":"<div class=\"flex_column av_one_full  flex_column_div av-zero-column-padding first  avia-builder-el-0  el_before_av_one_full  avia-builder-el-first  \" style='border-radius:0px; '><div  class='avia-image-container  av-styling-    avia-builder-el-1  avia-builder-el-no-sibling  avia-align-center '  itemprop=\"image\" itemscope=\"itemscope\" itemtype=\"https:\/\/schema.org\/ImageObject\"  ><div class='avia-image-container-inner'><div class='avia-image-overlay-wrap'><img decoding=\"async\" class='wp-image-30925 avia-img-lazy-loading-not-30925 avia_image' src=\"https:\/\/radiorevelacionfm.cl\/wp-content\/uploads\/2023\/05\/Foto-mrm-nota-agricultura-1-1.jpeg\" alt='' title='Foto mrm nota agricultura (1) (1)' height=\"600\" width=\"901\"  itemprop=\"thumbnailUrl\" srcset=\"https:\/\/radiorevelacionfm.cl\/wp-content\/uploads\/2023\/05\/Foto-mrm-nota-agricultura-1-1.jpeg 901w, https:\/\/radiorevelacionfm.cl\/wp-content\/uploads\/2023\/05\/Foto-mrm-nota-agricultura-1-1-300x200.jpeg 300w, https:\/\/radiorevelacionfm.cl\/wp-content\/uploads\/2023\/05\/Foto-mrm-nota-agricultura-1-1-768x511.jpeg 768w, https:\/\/radiorevelacionfm.cl\/wp-content\/uploads\/2023\/05\/Foto-mrm-nota-agricultura-1-1-705x469.jpeg 705w, https:\/\/radiorevelacionfm.cl\/wp-content\/uploads\/2023\/05\/Foto-mrm-nota-agricultura-1-1-450x300.jpeg 450w, https:\/\/radiorevelacionfm.cl\/wp-content\/uploads\/2023\/05\/Foto-mrm-nota-agricultura-1-1-600x400.jpeg 600w\" sizes=\"(max-width: 901px) 100vw, 901px\" \/><\/div><\/div><\/div><\/div><div class=\"flex_column av_one_full  flex_column_div av-zero-column-padding first  avia-builder-el-2  el_after_av_one_full  el_before_av_one_full  column-top-margin\" style='border-radius:0px; '><section class=\"av_textblock_section \"  itemscope=\"itemscope\" itemtype=\"https:\/\/schema.org\/BlogPosting\" itemprop=\"blogPost\" ><div class='avia_textblock  '   itemprop=\"text\" ><p style=\"text-align: center;\"><span style=\"font-size: 18pt;\"><strong>Diputada Raphael expresa su preocupaci\u00f3n por la falta de apoyo a la actividad silvoagropecuaria en Ays\u00e9n<\/strong><\/span><\/p>\n<div id=\"gtx-trans\" style=\"position: absolute; left: -50px; top: 4.31534px;\">\n<div class=\"gtx-trans-icon\"><\/div>\n<\/div>\n<\/div><\/section><\/div><div class=\"flex_column av_one_full  flex_column_div av-zero-column-padding first  avia-builder-el-4  el_after_av_one_full  el_before_av_hr  column-top-margin\" style='border-radius:0px; '><section class=\"av_textblock_section \"  itemscope=\"itemscope\" itemtype=\"https:\/\/schema.org\/BlogPosting\" itemprop=\"blogPost\" ><div class='avia_textblock  '   itemprop=\"text\" ><p style=\"text-align: justify;\">La Diputada de Renovaci\u00f3n Nacional ha expresado su preocupaci\u00f3n debido a la falta de programas y de apoyo a la actividad silvoagropecuaria de la Regi\u00f3n de Ays\u00e9n, destacando la importancia de este rubro para la actividad econ\u00f3mica local y la fuerza laboral de la regi\u00f3n.<\/p>\n<p style=\"text-align: justify;\">Para la legisladora es relevante avanzar en la creaci\u00f3n y en la reactivaci\u00f3n de programas que apoyen dicha actividad, en un contexto en donde la actividad silvoagropecuaria representa m\u00e1s de un 11% de la ocupaci\u00f3n laboral en Ays\u00e9n, sobre el promedio del resto de Chile, en donde alcanza un 7%. La inversi\u00f3n privada en el territorio Aysenino es la m\u00e1s baja en comparaci\u00f3n a otras regiones, alcanzando en 2022 los $10.280.000.000, siendo esta la cifra m\u00e1s baja desde el Maule hacia el sur.<\/p>\n<p style=\"text-align: justify;\">La Diputada por la Regi\u00f3n de Ays\u00e9n, se\u00f1al\u00f3 que, debido a la baja inversi\u00f3n privada en el \u00e1rea, resulta indispensable el apoyo del Estado a trav\u00e9s del Ministerio de Agricultura, INDAP y del Gobierno Regional de Ays\u00e9n. \u201cEs relevante poder avanzar y darle continuidad a los programas a trav\u00e9s de distintas fuentes de financiamiento que permitan aquello, con el fin de apoyar a las familias ayseninas que se dedican a este rubro tan relevante, como lo es la actividad agr\u00edcola y silvoagropecuaria. Esto en un contexto de alza en las materias primas, fertilizantes, que terminan afectando la calidad de vida y los bolsillos de las familias de Ays\u00e9n\u201d, sentenci\u00f3 Raphael.<\/p>\n<p style=\"text-align: justify;\">Raphael se reuni\u00f3 con la Asociaci\u00f3n Gremial y Ganadera austral (OGANA) en donde trabajaron en conjunto una bater\u00eda de propuestas que van en la direcci\u00f3n de poder contribuir en apoyar a las familias que se dedican a dicha actividad. Entre las propuestas que se proponen se encuentran el aumento de la cobertura del Programa de Suelos Degradados, aumento de recursos del Programa de Desarrollo de Inversiones y otras iniciativas que se pueden llevar a cabo a trav\u00e9s de convenio con el Gobierno Regional de Ays\u00e9n, tal como un programa que ha aportado significativamente en otras oportunidades, como lo es seg\u00fan Raphael, el Programa de Caminos Intraprediales, que ha tenido una enorme contribuci\u00f3n y valoraci\u00f3n, se\u00f1al\u00f3 Raphael.<\/p>\n<p style=\"text-align: justify;\">\u201cEs indispensable poder trabajar iniciativas como estas, en conjunto con la sociedad civil, porque son ellos los que viven la falta de apoyo y de incentivos por parte del gobierno, por lo cual esperamos que el Ejecutivo, pueda apoyar estas propuestas, que vienen a mejorar el trabajo y la calidad de vida de cientos de familias que se dedican a las distintas actividades parte del rubro silvoagropecuario\u201d se\u00f1al\u00f3 Marcia Raphael.<\/p>\n<\/div><\/section><\/div><div  style='height:50px' class='hr hr-invisible   avia-builder-el-6  el_after_av_one_full  el_before_av_social_share '><span class='hr-inner ' ><span class='hr-inner-style'><\/span><\/span><\/div><\/p>\n<div  class='av-social-sharing-box  avia-builder-el-7  el_after_av_hr  el_before_av_hr  '><div class='av-share-box'><h5 class='av-share-link-description av-no-toc '>Compartir esta noticia<\/h5><ul class='av-share-box-list noLightbox'><li class='av-share-link av-social-link-facebook' ><a target=\"_blank\" aria-label=\"Compartir en Facebook\" href='https:\/\/www.facebook.com\/sharer.php?u=https:\/\/radiorevelacionfm.cl\/?p=30924&#038;t=Diputada%20Raphael%20expresa%20su%20preocupaci%C3%B3n%20por%20la%20falta%20de%20apoyo%20a%20la%20actividad%20silvoagropecuaria%20en%20Ays%C3%A9n' aria-hidden='false' data-av_icon='\ue8f3' data-av_iconfont='entypo-fontello' title='' data-avia-related-tooltip='Compartir en Facebook' rel=\"noopener\"><span class='avia_hidden_link_text'>Compartir en Facebook<\/span><\/a><\/li><li class='av-share-link av-social-link-twitter' ><a target=\"_blank\" aria-label=\"Compartir en Twitter\" href='https:\/\/twitter.com\/share?text=Diputada%20Raphael%20expresa%20su%20preocupaci%C3%B3n%20por%20la%20falta%20de%20apoyo%20a%20la%20actividad%20silvoagropecuaria%20en%20Ays%C3%A9n&#038;url=https:\/\/radiorevelacionfm.cl\/?p=30924' aria-hidden='false' data-av_icon='\ue8f1' data-av_iconfont='entypo-fontello' title='' data-avia-related-tooltip='Compartir en Twitter' rel=\"noopener\"><span class='avia_hidden_link_text'>Compartir en Twitter<\/span><\/a><\/li><li class='av-share-link av-social-link-whatsapp' ><a target=\"_blank\" aria-label=\"Compartir en Whatsapp\" href='https:\/\/api.whatsapp.com\/send?text=https:\/\/radiorevelacionfm.cl\/?p=30924' aria-hidden='false' data-av_icon='\uf232' data-av_iconfont='entypo-fontello' title='' data-avia-related-tooltip='Compartir en Whatsapp' rel=\"noopener\"><span class='avia_hidden_link_text'>Compartir en Whatsapp<\/span><\/a><\/li><li class='av-share-link av-social-link-linkedin' ><a target=\"_blank\" aria-label=\"Compartir en LinkedIn\" href='https:\/\/linkedin.com\/shareArticle?mini=true&#038;title=Diputada%20Raphael%20expresa%20su%20preocupaci%C3%B3n%20por%20la%20falta%20de%20apoyo%20a%20la%20actividad%20silvoagropecuaria%20en%20Ays%C3%A9n&#038;url=https:\/\/radiorevelacionfm.cl\/?p=30924' aria-hidden='false' data-av_icon='\ue8fc' data-av_iconfont='entypo-fontello' title='' data-avia-related-tooltip='Compartir en LinkedIn' rel=\"noopener\"><span class='avia_hidden_link_text'>Compartir en LinkedIn<\/span><\/a><\/li><li class='av-share-link av-social-link-mail' ><a  aria-label=\"Compartir por correo\" href='mailto:?subject=Diputada%20Raphael%20expresa%20su%20preocupaci%C3%B3n%20por%20la%20falta%20de%20apoyo%20a%20la%20actividad%20silvoagropecuaria%20en%20Ays%C3%A9n&#038;body=https:\/\/radiorevelacionfm.cl\/?p=30924' aria-hidden='false' data-av_icon='\ue805' data-av_iconfont='entypo-fontello' title='' data-avia-related-tooltip='Compartir por correo'><span class='avia_hidden_link_text'>Compartir por correo<\/span><\/a><\/li><\/ul><\/div><\/div>\n<div  style='height:50px' class='hr hr-invisible   avia-builder-el-8  el_after_av_social_share  el_before_av_comments_list '><span class='hr-inner ' ><span class='hr-inner-style'><\/span><\/span><\/div>\n<div  class='av-buildercomment  av-blog-meta-html-info-disabled av-blog-meta-tag-disabled  '><\/div>\n","protected":false},"excerpt":{"rendered":"","protected":false},"author":1,"featured_media":30925,"comment_status":"open","ping_status":"open","sticky":false,"template":"","format":"standard","meta":{"footnotes":""},"categories":[35],"tags":[],"class_list":["post-30924","post","type-post","status-publish","format-standard","has-post-thumbnail","hentry","category-politica"],"jetpack_featured_media_url":"https:\/\/radiorevelacionfm.cl\/wp-content\/uploads\/2023\/05\/Foto-mrm-nota-agricultura-1-1.jpeg","_links":{"self":[{"href":"https:\/\/radiorevelacionfm.cl\/index.php?rest_route=\/wp\/v2\/posts\/30924","targetHints":{"allow":["GET"]}}],"collection":[{"href":"https:\/\/radiorevelacionfm.cl\/index.php?rest_route=\/wp\/v2\/posts"}],"about":[{"href":"https:\/\/radiorevelacionfm.cl\/index.php?rest_route=\/wp\/v2\/types\/post"}],"author":[{"embeddable":true,"href":"https:\/\/radiorevelacionfm.cl\/index.php?rest_route=\/wp\/v2\/users\/1"}],"replies":[{"embeddable":true,"href":"https:\/\/radiorevelacionfm.cl\/index.php?rest_route=%2Fwp%2Fv2%2Fcomments&post=30924"}],"version-history":[{"count":1,"href":"https:\/\/radiorevelacionfm.cl\/index.php?rest_route=\/wp\/v2\/posts\/30924\/revisions"}],"predecessor-version":[{"id":30926,"href":"https:\/\/radiorevelacionfm.cl\/index.php?rest_route=\/wp\/v2\/posts\/30924\/revisions\/30926"}],"wp:featuredmedia":[{"embeddable":true,"href":"https:\/\/radiorevelacionfm.cl\/index.php?rest_route=\/wp\/v2\/media\/30925"}],"wp:attachment":[{"href":"https:\/\/radiorevelacionfm.cl\/index.php?rest_route=%2Fwp%2Fv2%2Fmedia&parent=30924"}],"wp:term":[{"taxonomy":"category","embeddable":true,"href":"https:\/\/radiorevelacionfm.cl\/index.php?rest_route=%2Fwp%2Fv2%2Fcategories&post=30924"},{"taxonomy":"post_tag","embeddable":true,"href":"https:\/\/radiorevelacionfm.cl\/index.php?rest_route=%2Fwp%2Fv2%2Ftags&post=30924"}],"curies":[{"name":"wp","href":"https:\/\/api.w.org\/{rel}","templated":true}]}}