{"id":30921,"date":"2023-05-11T18:54:05","date_gmt":"2023-05-11T21:54:05","guid":{"rendered":"https:\/\/radiorevelacionfm.cl\/?p=30921"},"modified":"2023-05-11T18:54:05","modified_gmt":"2023-05-11T21:54:05","slug":"invitan-a-organizaciones-sociales-a-informarse-y-postular-al-fondo-presidente-de-la-republica","status":"publish","type":"post","link":"https:\/\/radiorevelacionfm.cl\/?p=30921","title":{"rendered":"Invitan a organizaciones sociales a informarse y postular al Fondo Presidente de la Rep\u00fablica"},"content":{"rendered":"<div class=\"flex_column av_one_full  flex_column_div av-zero-column-padding first  avia-builder-el-0  el_before_av_one_full  avia-builder-el-first  \" style='border-radius:0px; '><div  class='avia-image-container  av-styling-    avia-builder-el-1  avia-builder-el-no-sibling  avia-align-center '  itemprop=\"image\" itemscope=\"itemscope\" itemtype=\"https:\/\/schema.org\/ImageObject\"  ><div class='avia-image-container-inner'><div class='avia-image-overlay-wrap'><img decoding=\"async\" class='wp-image-30922 avia-img-lazy-loading-not-30922 avia_image' src=\"https:\/\/radiorevelacionfm.cl\/wp-content\/uploads\/2023\/05\/WhatsApp-Image-2023-01-05-at-12.29.04-5-1-1.jpeg\" alt='' title='WhatsApp Image 2023-01-05 at 12.29.04 (5) (1) (1)' height=\"600\" width=\"1151\"  itemprop=\"thumbnailUrl\" srcset=\"https:\/\/radiorevelacionfm.cl\/wp-content\/uploads\/2023\/05\/WhatsApp-Image-2023-01-05-at-12.29.04-5-1-1.jpeg 1151w, https:\/\/radiorevelacionfm.cl\/wp-content\/uploads\/2023\/05\/WhatsApp-Image-2023-01-05-at-12.29.04-5-1-1-300x156.jpeg 300w, https:\/\/radiorevelacionfm.cl\/wp-content\/uploads\/2023\/05\/WhatsApp-Image-2023-01-05-at-12.29.04-5-1-1-1030x537.jpeg 1030w, https:\/\/radiorevelacionfm.cl\/wp-content\/uploads\/2023\/05\/WhatsApp-Image-2023-01-05-at-12.29.04-5-1-1-768x400.jpeg 768w, https:\/\/radiorevelacionfm.cl\/wp-content\/uploads\/2023\/05\/WhatsApp-Image-2023-01-05-at-12.29.04-5-1-1-705x368.jpeg 705w, https:\/\/radiorevelacionfm.cl\/wp-content\/uploads\/2023\/05\/WhatsApp-Image-2023-01-05-at-12.29.04-5-1-1-450x235.jpeg 450w, https:\/\/radiorevelacionfm.cl\/wp-content\/uploads\/2023\/05\/WhatsApp-Image-2023-01-05-at-12.29.04-5-1-1-600x313.jpeg 600w\" sizes=\"(max-width: 1151px) 100vw, 1151px\" \/><\/div><\/div><\/div><\/div><div class=\"flex_column av_one_full  flex_column_div av-zero-column-padding first  avia-builder-el-2  el_after_av_one_full  el_before_av_one_full  column-top-margin\" style='border-radius:0px; '><section class=\"av_textblock_section \"  itemscope=\"itemscope\" itemtype=\"https:\/\/schema.org\/BlogPosting\" itemprop=\"blogPost\" ><div class='avia_textblock  '   itemprop=\"text\" ><p style=\"text-align: center;\"><strong><span style=\"font-size: 18pt;\">Invitan a organizaciones sociales a informarse y postular al Fondo Presidente de la Rep\u00fablica<\/span><\/strong><\/p>\n<div id=\"gtx-trans\" style=\"position: absolute; left: -50px; top: 4.31534px;\">\n<div class=\"gtx-trans-icon\"><\/div>\n<\/div>\n<\/div><\/section><\/div><div class=\"flex_column av_one_full  flex_column_div av-zero-column-padding first  avia-builder-el-4  el_after_av_one_full  el_before_av_hr  column-top-margin\" style='border-radius:0px; '><section class=\"av_textblock_section \"  itemscope=\"itemscope\" itemtype=\"https:\/\/schema.org\/BlogPosting\" itemprop=\"blogPost\" ><div class='avia_textblock  '   itemprop=\"text\" ><p style=\"font-weight: 400; text-align: justify;\">El delegado presidencial regional de Ays\u00e9n, Rodrigo Araya, realiz\u00f3 un llamado a participar de las postulaciones para el fondo Presidente de la Rep\u00fablica, destinado a potenciar organizaciones sociales territoriales, a trav\u00e9s del financiamiento de sus proyectos.<\/p>\n<p style=\"font-weight: 400; text-align: justify;\">\u201cQueremos recordarles a todas las organizaciones sociales, tales como juntas de vecinos, clubes deportivos u organizaciones culturales, que ya est\u00e1 abierto el periodo de postulaciones para los fondos sociales Presidente de la Rep\u00fablica. Estos fondos tienen dos modalidades, una regional y tambi\u00e9n una a nivel nacional\u201d, invit\u00f3 la autoridad.<\/p>\n<p style=\"font-weight: 400; text-align: justify;\">Adem\u00e1s, record\u00f3 a los interesados que los plazos se extienden hasta el 26 de mayo para postular a los Fondos Desconcentrados (FONDES) y hasta el 30 de mayo para el Fondo Nacional, informaci\u00f3n a la cual pueden acceder desde la p\u00e1gina web\u00a0<a href=\"https:\/\/fondos.gob.cl\/\" data-saferedirecturl=\"https:\/\/www.google.com\/url?q=https:\/\/fondos.gob.cl&amp;source=gmail&amp;ust=1683922306029000&amp;usg=AOvVaw3EH6YbTUknWQ1RIf7HfKAR\">https:\/\/fondos.gob.cl<\/a>, ingresando con su Clave \u00danica o acerc\u00e1ndose a las delegaciones.<\/p>\n<p style=\"font-weight: 400; text-align: justify;\">\u201cEl per\u00edodo de postulaci\u00f3n termina este mes de mayo, por lo que les invito a acercarse a las delegaciones presidenciales provinciales y tambi\u00e9n a la regional, donde podr\u00e1n obtener informaci\u00f3n respecto a los plazos y las caracter\u00edsticas. Los funcionarios van a estar disponibles para poder ayudarlos con sus dudas en este proceso\u201d, inst\u00f3 el delegado.<\/p>\n<p style=\"font-weight: 400; text-align: justify;\">En el marco del proceso se realizaron convocatorias para capacitar a las organizaciones y brindarles apoyo e informaci\u00f3n sobre el proceso de postulaci\u00f3n, la documentaci\u00f3n necesaria, los requisitos y tambi\u00e9n las fechas. Patricia Pastene, asistente a la segunda capacitaci\u00f3n, realizada en la Escuela V\u00edctor Domingo Silva y representante del Centro General de Padres del mismo establecimiento, asegur\u00f3 que la organizaci\u00f3n a la cual representa est\u00e1 muy interesada en obtener estos recursos con la intenci\u00f3n de generar un espacio de recreaci\u00f3n deportiva para los estudiantes.<\/p>\n<p style=\"font-weight: 400; text-align: justify;\">\u201cNos enteramos a trav\u00e9s de otras instituciones que han sido ya beneficiarias de este proyecto, como tambi\u00e9n por el Fondo Nacional. Tenemos las mejores expectativas de concretar esta idea por el beneficio de nuestros estudiantes. Por supuesto, tambi\u00e9n esperamos que estos fondos puedan llegar a muchas organizaciones que hoy d\u00eda necesitan de este apoyo\u201d, se\u00f1al\u00f3. \u201cDentro de la capacitaci\u00f3n nos damos cuenta de que tambi\u00e9n es muy amable en su desarrollo, en la implementaci\u00f3n y en la ejecuci\u00f3n\u201d, coment\u00f3.<\/p>\n<p style=\"font-weight: 400; text-align: justify;\">Por su parte, Celmira Gallardo, secretaria de la Junta de Vecinos Cerro Negro, se\u00f1al\u00f3 que junto a sus vecinos intentar\u00e1n repostular. \u201cCreo que es muy bueno el proyecto Presidente de la Rep\u00fablica y ojal\u00e1 que sigan haciendo estos proyectos para las organizaciones. Nosotros postulamos hace mucho tiempo y ahora volvemos a internarlo porque las organizaciones vecinales siempre necesitan apoyos, puede que falten mesas, sillas, pintar sus sedes u otras cosas\u201d, se\u00f1al\u00f3 la representante.<\/p>\n<p style=\"font-weight: 400; text-align: justify;\">Es importante tener en cuenta que aquellas organizaciones que hayan sido beneficiadas durante el proceso inmediatamente anterior no podr\u00e1n repostular, pero en el caso de aquellas que postularon hace a\u00f1os, s\u00ed pudiesen verse nuevamente beneficiados.<\/p>\n<\/div><\/section><\/div><div  style='height:50px' class='hr hr-invisible   avia-builder-el-6  el_after_av_one_full  el_before_av_social_share '><span class='hr-inner ' ><span class='hr-inner-style'><\/span><\/span><\/div><\/p>\n<div  class='av-social-sharing-box  avia-builder-el-7  el_after_av_hr  el_before_av_hr  '><div class='av-share-box'><h5 class='av-share-link-description av-no-toc '>Compartir esta noticia<\/h5><ul class='av-share-box-list noLightbox'><li class='av-share-link av-social-link-facebook' ><a target=\"_blank\" aria-label=\"Compartir en Facebook\" href='https:\/\/www.facebook.com\/sharer.php?u=https:\/\/radiorevelacionfm.cl\/?p=30921&#038;t=Invitan%20a%20organizaciones%20sociales%20a%20informarse%20y%20postular%20al%20Fondo%20Presidente%20de%20la%20Rep%C3%BAblica' aria-hidden='false' data-av_icon='\ue8f3' data-av_iconfont='entypo-fontello' title='' data-avia-related-tooltip='Compartir en Facebook' rel=\"noopener\"><span class='avia_hidden_link_text'>Compartir en Facebook<\/span><\/a><\/li><li class='av-share-link av-social-link-twitter' ><a target=\"_blank\" aria-label=\"Compartir en Twitter\" href='https:\/\/twitter.com\/share?text=Invitan%20a%20organizaciones%20sociales%20a%20informarse%20y%20postular%20al%20Fondo%20Presidente%20de%20la%20Rep%C3%BAblica&#038;url=https:\/\/radiorevelacionfm.cl\/?p=30921' aria-hidden='false' data-av_icon='\ue8f1' data-av_iconfont='entypo-fontello' title='' data-avia-related-tooltip='Compartir en Twitter' rel=\"noopener\"><span class='avia_hidden_link_text'>Compartir en Twitter<\/span><\/a><\/li><li class='av-share-link av-social-link-whatsapp' ><a target=\"_blank\" aria-label=\"Compartir en Whatsapp\" href='https:\/\/api.whatsapp.com\/send?text=https:\/\/radiorevelacionfm.cl\/?p=30921' aria-hidden='false' data-av_icon='\uf232' data-av_iconfont='entypo-fontello' title='' data-avia-related-tooltip='Compartir en Whatsapp' rel=\"noopener\"><span class='avia_hidden_link_text'>Compartir en Whatsapp<\/span><\/a><\/li><li class='av-share-link av-social-link-linkedin' ><a target=\"_blank\" aria-label=\"Compartir en LinkedIn\" href='https:\/\/linkedin.com\/shareArticle?mini=true&#038;title=Invitan%20a%20organizaciones%20sociales%20a%20informarse%20y%20postular%20al%20Fondo%20Presidente%20de%20la%20Rep%C3%BAblica&#038;url=https:\/\/radiorevelacionfm.cl\/?p=30921' aria-hidden='false' data-av_icon='\ue8fc' data-av_iconfont='entypo-fontello' title='' data-avia-related-tooltip='Compartir en LinkedIn' rel=\"noopener\"><span class='avia_hidden_link_text'>Compartir en LinkedIn<\/span><\/a><\/li><li class='av-share-link av-social-link-mail' ><a  aria-label=\"Compartir por correo\" href='mailto:?subject=Invitan%20a%20organizaciones%20sociales%20a%20informarse%20y%20postular%20al%20Fondo%20Presidente%20de%20la%20Rep%C3%BAblica&#038;body=https:\/\/radiorevelacionfm.cl\/?p=30921' aria-hidden='false' data-av_icon='\ue805' data-av_iconfont='entypo-fontello' title='' data-avia-related-tooltip='Compartir por correo'><span class='avia_hidden_link_text'>Compartir por correo<\/span><\/a><\/li><\/ul><\/div><\/div>\n<div  style='height:50px' class='hr hr-invisible   avia-builder-el-8  el_after_av_social_share  el_before_av_comments_list '><span class='hr-inner ' ><span class='hr-inner-style'><\/span><\/span><\/div>\n<div  class='av-buildercomment  av-blog-meta-html-info-disabled av-blog-meta-tag-disabled  '><\/div>\n","protected":false},"excerpt":{"rendered":"","protected":false},"author":1,"featured_media":30922,"comment_status":"open","ping_status":"open","sticky":false,"template":"","format":"standard","meta":{"footnotes":""},"categories":[38],"tags":[],"class_list":["post-30921","post","type-post","status-publish","format-standard","has-post-thumbnail","hentry","category-regional"],"jetpack_featured_media_url":"https:\/\/radiorevelacionfm.cl\/wp-content\/uploads\/2023\/05\/WhatsApp-Image-2023-01-05-at-12.29.04-5-1-1.jpeg","_links":{"self":[{"href":"https:\/\/radiorevelacionfm.cl\/index.php?rest_route=\/wp\/v2\/posts\/30921","targetHints":{"allow":["GET"]}}],"collection":[{"href":"https:\/\/radiorevelacionfm.cl\/index.php?rest_route=\/wp\/v2\/posts"}],"about":[{"href":"https:\/\/radiorevelacionfm.cl\/index.php?rest_route=\/wp\/v2\/types\/post"}],"author":[{"embeddable":true,"href":"https:\/\/radiorevelacionfm.cl\/index.php?rest_route=\/wp\/v2\/users\/1"}],"replies":[{"embeddable":true,"href":"https:\/\/radiorevelacionfm.cl\/index.php?rest_route=%2Fwp%2Fv2%2Fcomments&post=30921"}],"version-history":[{"count":1,"href":"https:\/\/radiorevelacionfm.cl\/index.php?rest_route=\/wp\/v2\/posts\/30921\/revisions"}],"predecessor-version":[{"id":30923,"href":"https:\/\/radiorevelacionfm.cl\/index.php?rest_route=\/wp\/v2\/posts\/30921\/revisions\/30923"}],"wp:featuredmedia":[{"embeddable":true,"href":"https:\/\/radiorevelacionfm.cl\/index.php?rest_route=\/wp\/v2\/media\/30922"}],"wp:attachment":[{"href":"https:\/\/radiorevelacionfm.cl\/index.php?rest_route=%2Fwp%2Fv2%2Fmedia&parent=30921"}],"wp:term":[{"taxonomy":"category","embeddable":true,"href":"https:\/\/radiorevelacionfm.cl\/index.php?rest_route=%2Fwp%2Fv2%2Fcategories&post=30921"},{"taxonomy":"post_tag","embeddable":true,"href":"https:\/\/radiorevelacionfm.cl\/index.php?rest_route=%2Fwp%2Fv2%2Ftags&post=30921"}],"curies":[{"name":"wp","href":"https:\/\/api.w.org\/{rel}","templated":true}]}}