{"id":30912,"date":"2023-05-12T12:30:04","date_gmt":"2023-05-12T15:30:04","guid":{"rendered":"https:\/\/radiorevelacionfm.cl\/?p=30912"},"modified":"2023-05-12T12:30:04","modified_gmt":"2023-05-12T15:30:04","slug":"uaysen-realiza-semana-de-la-docencia-para-fortalecer-procesos-de-ensenanza-aprendizaje","status":"publish","type":"post","link":"https:\/\/radiorevelacionfm.cl\/?p=30912","title":{"rendered":"UAys\u00e9n realiza Semana de la Docencia para fortalecer procesos de ense\u00f1anza-aprendizaje"},"content":{"rendered":"<div class=\"flex_column av_one_full  flex_column_div av-zero-column-padding first  avia-builder-el-0  el_before_av_one_full  avia-builder-el-first  \" style='border-radius:0px; '><div  class='avia-image-container  av-styling-    avia-builder-el-1  avia-builder-el-no-sibling  avia-align-center '  itemprop=\"image\" itemscope=\"itemscope\" itemtype=\"https:\/\/schema.org\/ImageObject\"  ><div class='avia-image-container-inner'><div class='avia-image-overlay-wrap'><img decoding=\"async\" class='wp-image-30913 avia-img-lazy-loading-not-30913 avia_image' src=\"https:\/\/radiorevelacionfm.cl\/wp-content\/uploads\/2023\/05\/semanadocencia3-1_optimized.jpeg\" alt='' title='semanadocencia3-(1)_optimized' height=\"600\" width=\"899\"  itemprop=\"thumbnailUrl\" srcset=\"https:\/\/radiorevelacionfm.cl\/wp-content\/uploads\/2023\/05\/semanadocencia3-1_optimized.jpeg 899w, https:\/\/radiorevelacionfm.cl\/wp-content\/uploads\/2023\/05\/semanadocencia3-1_optimized-300x200.jpeg 300w, https:\/\/radiorevelacionfm.cl\/wp-content\/uploads\/2023\/05\/semanadocencia3-1_optimized-768x513.jpeg 768w, https:\/\/radiorevelacionfm.cl\/wp-content\/uploads\/2023\/05\/semanadocencia3-1_optimized-705x471.jpeg 705w, https:\/\/radiorevelacionfm.cl\/wp-content\/uploads\/2023\/05\/semanadocencia3-1_optimized-450x300.jpeg 450w, https:\/\/radiorevelacionfm.cl\/wp-content\/uploads\/2023\/05\/semanadocencia3-1_optimized-600x400.jpeg 600w\" sizes=\"(max-width: 899px) 100vw, 899px\" \/><\/div><\/div><\/div><\/div><div class=\"flex_column av_one_full  flex_column_div av-zero-column-padding first  avia-builder-el-2  el_after_av_one_full  el_before_av_one_full  column-top-margin\" style='border-radius:0px; '><section class=\"av_textblock_section \"  itemscope=\"itemscope\" itemtype=\"https:\/\/schema.org\/BlogPosting\" itemprop=\"blogPost\" ><div class='avia_textblock  '   itemprop=\"text\" ><p style=\"text-align: center;\"><strong><span style=\"font-size: 18pt;\">UAys\u00e9n realiza Semana de la Docencia para fortalecer procesos de ense\u00f1anza-aprendizaje<\/span><\/strong><\/p>\n<div id=\"gtx-trans\" style=\"position: absolute; left: -50px; top: 4.31534px;\">\n<div class=\"gtx-trans-icon\"><\/div>\n<\/div>\n<\/div><\/section><\/div><div class=\"flex_column av_one_full  flex_column_div av-zero-column-padding first  avia-builder-el-4  el_after_av_one_full  el_before_av_hr  column-top-margin\" style='border-radius:0px; '><section class=\"av_textblock_section \"  itemscope=\"itemscope\" itemtype=\"https:\/\/schema.org\/BlogPosting\" itemprop=\"blogPost\" ><div class='avia_textblock  '   itemprop=\"text\" ><div>\n<p class=\"v1MsoNormal\" style=\"text-align: justify;\"><span lang=\"ES\">Con la finalidad de socializar entre pares las diferentes experiencias docentes del pregrado de la Universidad de Ays\u00e9n y as\u00ed contribuir al desarrollo de una identidad docente innovadora y reflexiva, centrada en el an\u00e1lisis de los procesos de ense\u00f1anza aprendizaje y las pr\u00e1cticas pedag\u00f3gicas para la mejora continua, la casa de estudios regional realiz\u00f3 la \u00abSemana de la Docencia\u00bb, dirigida a acad\u00e9micos\/as, docentes colaboradores\/as y personal de colaboraci\u00f3n.<\/span><\/p>\n<p class=\"v1MsoNormal\" style=\"text-align: justify;\"><span lang=\"ES\">La actividad, ejecutada dentro de las estrategias del Plan de Acompa\u00f1amiento a la Docencia (PAD) de la Direcci\u00f3n Acad\u00e9mica de la UAys\u00e9n, se desarroll\u00f3 intensivamente durante cuatro d\u00edas en los que se desarrollaron diferentes acciones vinculadas al fortalecimiento del quehacer pedag\u00f3gico y las pr\u00e1cticas metodol\u00f3gicas que permiten al cuerpo acad\u00e9mico de la casa de estudios implementar el modelo educativo declarado por la instituci\u00f3n. Para ello, el foco de esta primera semana de docencia estuvo en la inclusi\u00f3n educativa, lo cual incluye aspectos de alfabetizaci\u00f3n y formaci\u00f3n en neurodivergencia para la implementaci\u00f3n de adecuaciones curriculares no significativas, aspectos vinculantes a la implementaci\u00f3n curricular con enfoque de g\u00e9nero y no sexista. Por otra parte, microformaciones en tecnolog\u00eda educativa con foco en el dise\u00f1o de objetos virtuales para el aprendizaje y discusi\u00f3n en torno a los nuevos desaf\u00edos del desarrollo tecnol\u00f3gico en la educaci\u00f3n superior.<\/span><\/p>\n<p class=\"v1MsoNormal\" style=\"text-align: justify;\"><span lang=\"ES\">Adem\u00e1s, se socializaron las experiencias exitosas en innovaci\u00f3n docente, lo cual se relaciona con los fondos de adjudicados en el periodo acad\u00e9mico 2022; desde la Escuela de Pregrado se busca instalar en el cuerpo acad\u00e9mico el inter\u00e9s por desarrollar nuevas estrategias de innovaci\u00f3n, por ello en esta semana se realizar\u00e1 el lanzamiento de los nuevos fondos de Innovaci\u00f3n 2023.<\/span><\/p>\n<p class=\"v1MsoNormal\" style=\"text-align: justify;\"><span lang=\"ES\">Al respecto, Daniela San Juan, Coordinadora del Plan de Acompa\u00f1amiento a la Docencia, expres\u00f3 que los talleres realizados durante la Semana tuvieron un foco fundamentalmente dirigido hacia la innovaci\u00f3n. \u00abSobre todo, tratamos de cruzar esto con el tema de inclusi\u00f3n en educaci\u00f3n superior. Trabajamos la inclusi\u00f3n desde distintas aristas, tanto desde la perspectiva de g\u00e9nero como tambi\u00e9n aquellas cosas que dicen relaci\u00f3n con tecnolog\u00eda educativa y, sobre todo, aspectos de adecuaciones curriculares no significativas para estudiantes en situaciones de neurodivergencia. Esos tres elementos fueron los m\u00e1s relevantes en el proceso formativo para los grupos de acad\u00e9micos y creemos que va a tener una implementaci\u00f3n interesante durante lo que queda del primer semestre y por supuesto, el segundo semestre de este a\u00f1o 2023.<\/span><\/p>\n<p class=\"v1MsoNormal\" style=\"text-align: justify;\"><span lang=\"ES\">Asimismo, la profesional agreg\u00f3 que \u00abla semana de la docencia tuvo realmente una excelente convocatoria y fue muy bien recibida por todos los grupos de acad\u00e9micos. El objetivo fundamental era poder socializar experiencias pedag\u00f3gicas innovadoras y nos centramos en algunos talleres de reflexi\u00f3n pedag\u00f3gica y, sobre todo, algunas estrategias formativas que nos van a permitir sacar adelante la implementaci\u00f3n de nuestro modelo educativo\u00bb, enfatiz\u00f3 Daniela San Juan.<\/span><\/p>\n<p class=\"v1MsoNormal\" style=\"text-align: justify;\"><span lang=\"ES\">Por su parte, el acad\u00e9mico Jhonny Valencia, Director de Vinculaci\u00f3n con el Medio de la Universidad de Ays\u00e9n, expres\u00f3 la relevancia que tienen estas instancias. \u00abLa Semana de la Docencia es sumamente importante para todos en la Universidad de Ays\u00e9n, el poder abrir esos espacios de conversaci\u00f3n en donde t\u00e9cnicas, herramientas y nuevos mecanismos nos permiten trabajar en docencia de calidad con herramientas de inteligencia artificial, procesamiento de texto. Es posible pensar en nuevos mecanismos y cuestionarnos tambi\u00e9n como por ejemplo la docencia es hoy d\u00eda y el trabajo que hacen nuestros estudiantes tiene que ser abordado, as\u00ed que esperamos continuar con este tipo de espacios para que podamos seguir aprendiendo de lo que la tecnolog\u00eda y la inteligencia artificial tienen para abordar una formaci\u00f3n y una educaci\u00f3n de calidad en el futuro\u00bb, se\u00f1al\u00f3.<\/span><\/p>\n<p class=\"v1MsoNormal\" style=\"text-align: justify;\"><span lang=\"ES\">\u00a0<\/span>A su vez, Rodrigo Ojeda, jefe de carrera de Agronom\u00eda UAys\u00e9n, tambi\u00e9n valor\u00f3 las actividades para su quehacer acad\u00e9mico. \u00abBueno, la semana de la docencia es muy importante para nosotros porque ayuda a fortalecer los conocimientos del cuerpo acad\u00e9mico y as\u00ed poder entregar una docencia de mejor calidad a nuestros y nuestras estudiantes. Han sido varias actividades en torno a objetivos virtuales de aprendizaje, participaci\u00f3n colaborativa con organismos internacionales y ahora charlas informativas y talleres sobre inteligencia artificial, as\u00ed que son temas de la contingencia, de la vanguardia y es importante que se siga manteniendo este tipo de actividades es excelente.<\/p>\n<p class=\"v1MsoNormal\" style=\"text-align: justify;\"><span lang=\"ES\">Finalmente, cabe se\u00f1alar que la Semana de la Docencia UAys\u00e9n cont\u00f3 con actividades como una charla liderada por la Unidad de Equidad de G\u00e9nero llamada \u00abConceptualizaciones de g\u00e9nero para la implementaci\u00f3n curricular\u00bb; tambi\u00e9n se realizaron los talleres \u00abInnovaci\u00f3n docente a trav\u00e9s del uso de Objetos Virtuales de Aprendizaje (OVA)\u00bb y \u00abAprendizaje Colaborativo Internacional en l\u00ednea (COIL) y uso de Salas H\u00edbridas\u00bb, ambos dictados por Mg., Patricia Pino, de la Universidad de La Frontera (UFRO); el Taller de inducci\u00f3n de estudiantes en preingreso, a cargo del Equipo PIE Altos del Mackay de Coyhaique; el Seminario inclusi\u00f3n en la educaci\u00f3n superior, la importancia de las adecuaciones curriculares dictado por la \u00a0Gestora de Inclusi\u00f3n y Discapacidad del Centro de Apoyo al Aprendizaje de la Universidad Cat\u00f3lica del Maule; el Taller Edici\u00f3n de Material Educativo Inclusivo, dictado por Jessica Aguilar, Coordinadora Inclusi\u00f3n y Paola P\u00e9rez Coordinadora TICE UAys\u00e9n; el taller Motivar la Participaci\u00f3n y Aprendizaje a trav\u00e9s del juego serio (Gamificaci\u00f3n con H5P), dictado por Paola P\u00e9rez Coordinadora TICE, y el Taller informativo sobre chat GPT en la Educaci\u00f3n Superior, dictado por el Dr. Cristian Vald\u00e9s y Paola P\u00e9rez, Coordinadora TICE de la Universidad de Ays\u00e9n.<\/span><\/p>\n<\/div>\n<div style=\"text-align: justify;\"><\/div>\n<\/div><\/section><\/div><div  style='height:50px' class='hr hr-invisible   avia-builder-el-6  el_after_av_one_full  el_before_av_social_share '><span class='hr-inner ' ><span class='hr-inner-style'><\/span><\/span><\/div><\/p>\n<div  class='av-social-sharing-box  avia-builder-el-7  el_after_av_hr  el_before_av_hr  '><div class='av-share-box'><h5 class='av-share-link-description av-no-toc '>Compartir esta noticia<\/h5><ul class='av-share-box-list noLightbox'><li class='av-share-link av-social-link-facebook' ><a target=\"_blank\" aria-label=\"Compartir en Facebook\" href='https:\/\/www.facebook.com\/sharer.php?u=https:\/\/radiorevelacionfm.cl\/?p=30912&#038;t=UAys%C3%A9n%20realiza%20Semana%20de%20la%20Docencia%20para%20fortalecer%20procesos%20de%20ense%C3%B1anza-aprendizaje' aria-hidden='false' data-av_icon='\ue8f3' data-av_iconfont='entypo-fontello' title='' data-avia-related-tooltip='Compartir en Facebook' rel=\"noopener\"><span class='avia_hidden_link_text'>Compartir en Facebook<\/span><\/a><\/li><li class='av-share-link av-social-link-twitter' ><a target=\"_blank\" aria-label=\"Compartir en Twitter\" href='https:\/\/twitter.com\/share?text=UAys%C3%A9n%20realiza%20Semana%20de%20la%20Docencia%20para%20fortalecer%20procesos%20de%20ense%C3%B1anza-aprendizaje&#038;url=https:\/\/radiorevelacionfm.cl\/?p=30912' aria-hidden='false' data-av_icon='\ue8f1' data-av_iconfont='entypo-fontello' title='' data-avia-related-tooltip='Compartir en Twitter' rel=\"noopener\"><span class='avia_hidden_link_text'>Compartir en Twitter<\/span><\/a><\/li><li class='av-share-link av-social-link-whatsapp' ><a target=\"_blank\" aria-label=\"Compartir en Whatsapp\" href='https:\/\/api.whatsapp.com\/send?text=https:\/\/radiorevelacionfm.cl\/?p=30912' aria-hidden='false' data-av_icon='\uf232' data-av_iconfont='entypo-fontello' title='' data-avia-related-tooltip='Compartir en Whatsapp' rel=\"noopener\"><span class='avia_hidden_link_text'>Compartir en Whatsapp<\/span><\/a><\/li><li class='av-share-link av-social-link-linkedin' ><a target=\"_blank\" aria-label=\"Compartir en LinkedIn\" href='https:\/\/linkedin.com\/shareArticle?mini=true&#038;title=UAys%C3%A9n%20realiza%20Semana%20de%20la%20Docencia%20para%20fortalecer%20procesos%20de%20ense%C3%B1anza-aprendizaje&#038;url=https:\/\/radiorevelacionfm.cl\/?p=30912' aria-hidden='false' data-av_icon='\ue8fc' data-av_iconfont='entypo-fontello' title='' data-avia-related-tooltip='Compartir en LinkedIn' rel=\"noopener\"><span class='avia_hidden_link_text'>Compartir en LinkedIn<\/span><\/a><\/li><li class='av-share-link av-social-link-mail' ><a  aria-label=\"Compartir por correo\" href='mailto:?subject=UAys%C3%A9n%20realiza%20Semana%20de%20la%20Docencia%20para%20fortalecer%20procesos%20de%20ense%C3%B1anza-aprendizaje&#038;body=https:\/\/radiorevelacionfm.cl\/?p=30912' aria-hidden='false' data-av_icon='\ue805' data-av_iconfont='entypo-fontello' title='' data-avia-related-tooltip='Compartir por correo'><span class='avia_hidden_link_text'>Compartir por correo<\/span><\/a><\/li><\/ul><\/div><\/div>\n<div  style='height:50px' class='hr hr-invisible   avia-builder-el-8  el_after_av_social_share  el_before_av_comments_list '><span class='hr-inner ' ><span class='hr-inner-style'><\/span><\/span><\/div>\n<div  class='av-buildercomment  av-blog-meta-html-info-disabled av-blog-meta-tag-disabled  '><\/div>\n","protected":false},"excerpt":{"rendered":"","protected":false},"author":1,"featured_media":30913,"comment_status":"open","ping_status":"open","sticky":false,"template":"","format":"standard","meta":{"footnotes":""},"categories":[49],"tags":[],"class_list":["post-30912","post","type-post","status-publish","format-standard","has-post-thumbnail","hentry","category-educacion"],"jetpack_featured_media_url":"https:\/\/radiorevelacionfm.cl\/wp-content\/uploads\/2023\/05\/semanadocencia3-1_optimized.jpeg","_links":{"self":[{"href":"https:\/\/radiorevelacionfm.cl\/index.php?rest_route=\/wp\/v2\/posts\/30912","targetHints":{"allow":["GET"]}}],"collection":[{"href":"https:\/\/radiorevelacionfm.cl\/index.php?rest_route=\/wp\/v2\/posts"}],"about":[{"href":"https:\/\/radiorevelacionfm.cl\/index.php?rest_route=\/wp\/v2\/types\/post"}],"author":[{"embeddable":true,"href":"https:\/\/radiorevelacionfm.cl\/index.php?rest_route=\/wp\/v2\/users\/1"}],"replies":[{"embeddable":true,"href":"https:\/\/radiorevelacionfm.cl\/index.php?rest_route=%2Fwp%2Fv2%2Fcomments&post=30912"}],"version-history":[{"count":1,"href":"https:\/\/radiorevelacionfm.cl\/index.php?rest_route=\/wp\/v2\/posts\/30912\/revisions"}],"predecessor-version":[{"id":30914,"href":"https:\/\/radiorevelacionfm.cl\/index.php?rest_route=\/wp\/v2\/posts\/30912\/revisions\/30914"}],"wp:featuredmedia":[{"embeddable":true,"href":"https:\/\/radiorevelacionfm.cl\/index.php?rest_route=\/wp\/v2\/media\/30913"}],"wp:attachment":[{"href":"https:\/\/radiorevelacionfm.cl\/index.php?rest_route=%2Fwp%2Fv2%2Fmedia&parent=30912"}],"wp:term":[{"taxonomy":"category","embeddable":true,"href":"https:\/\/radiorevelacionfm.cl\/index.php?rest_route=%2Fwp%2Fv2%2Fcategories&post=30912"},{"taxonomy":"post_tag","embeddable":true,"href":"https:\/\/radiorevelacionfm.cl\/index.php?rest_route=%2Fwp%2Fv2%2Ftags&post=30912"}],"curies":[{"name":"wp","href":"https:\/\/api.w.org\/{rel}","templated":true}]}}