{"id":30910,"date":"2023-05-11T23:31:10","date_gmt":"2023-05-12T02:31:10","guid":{"rendered":"https:\/\/radiorevelacionfm.cl\/?p=30910"},"modified":"2023-05-11T23:31:10","modified_gmt":"2023-05-12T02:31:10","slug":"mas-de-2-800-millones-ingresaran-a-municipios-de-aysen-gracias-a-proyecto-que-establece-un-royalty-minero","status":"publish","type":"post","link":"https:\/\/radiorevelacionfm.cl\/?p=30910","title":{"rendered":"M\u00e1s de $2.800 millones ingresar\u00e1n a municipios de Ays\u00e9n gracias a proyecto que establece un Royalty Minero"},"content":{"rendered":"<div class=\"flex_column av_one_full  flex_column_div av-zero-column-padding first  avia-builder-el-0  el_before_av_one_full  avia-builder-el-first  \" style='border-radius:0px; '><div  class='avia-image-container  av-styling-    avia-builder-el-1  avia-builder-el-no-sibling  avia-align-center '  itemprop=\"image\" itemscope=\"itemscope\" itemtype=\"https:\/\/schema.org\/ImageObject\"  ><div class='avia-image-container-inner'><div class='avia-image-overlay-wrap'><img decoding=\"async\" class='wp-image-21512 avia-img-lazy-loading-not-21512 avia_image' src=\"https:\/\/radiorevelacionfm.cl\/wp-content\/uploads\/2022\/09\/senador-sandoval-12-1-1.jpg\" alt='' title='senador sandoval (12) (1) (1)' height=\"600\" width=\"940\"  itemprop=\"thumbnailUrl\" srcset=\"https:\/\/radiorevelacionfm.cl\/wp-content\/uploads\/2022\/09\/senador-sandoval-12-1-1.jpg 940w, https:\/\/radiorevelacionfm.cl\/wp-content\/uploads\/2022\/09\/senador-sandoval-12-1-1-300x191.jpg 300w, https:\/\/radiorevelacionfm.cl\/wp-content\/uploads\/2022\/09\/senador-sandoval-12-1-1-768x490.jpg 768w, https:\/\/radiorevelacionfm.cl\/wp-content\/uploads\/2022\/09\/senador-sandoval-12-1-1-705x450.jpg 705w, https:\/\/radiorevelacionfm.cl\/wp-content\/uploads\/2022\/09\/senador-sandoval-12-1-1-600x383.jpg 600w\" sizes=\"(max-width: 940px) 100vw, 940px\" \/><\/div><\/div><\/div><\/div>\n<div class=\"flex_column av_one_full  flex_column_div av-zero-column-padding first  avia-builder-el-2  el_after_av_one_full  el_before_av_one_full  column-top-margin\" style='border-radius:0px; '><section class=\"av_textblock_section \"  itemscope=\"itemscope\" itemtype=\"https:\/\/schema.org\/BlogPosting\" itemprop=\"blogPost\" ><div class='avia_textblock  '   itemprop=\"text\" ><p style=\"text-align: center;\"><strong><span style=\"font-size: 18pt;\">M\u00e1s de $2.800 millones ingresar\u00e1n a municipios de Ays\u00e9n gracias a proyecto que establece un Royalty Minero<\/span><\/strong><\/p>\n<div id=\"gtx-trans\" style=\"position: absolute; left: -50px; top: 4.31534px;\">\n<div class=\"gtx-trans-icon\"><\/div>\n<\/div>\n<\/div><\/section><\/div><div class=\"flex_column av_one_full  flex_column_div av-zero-column-padding first  avia-builder-el-4  el_after_av_one_full  el_before_av_hr  column-top-margin\" style='border-radius:0px; '><section class=\"av_textblock_section \"  itemscope=\"itemscope\" itemtype=\"https:\/\/schema.org\/BlogPosting\" itemprop=\"blogPost\" ><div class='avia_textblock  '   itemprop=\"text\" ><p style=\"text-align: justify;\">El Parlamentario indic\u00f3 que ser\u00e1n aproximadamente $2.834 millones los que se distribuir\u00e1n entre las 10 comunas de la regi\u00f3n, a partir del pr\u00f3ximo a\u00f1o.<\/p>\n<p style=\"text-align: justify;\">\u201cEs una situaci\u00f3n que involucra un cambio significativo\u201d. De esta manera, el senador David Sandoval se refiri\u00f3 a la relevancia que tiene la aprobaci\u00f3n en particular en la Sala del Senado, del proyecto de ley que establece un Royalty Minero, iniciativa que continuar\u00e1 con su tercer tr\u00e1mite en la C\u00e1mara de Diputados.<\/p>\n<p style=\"text-align: justify;\">En concreto, la propuesta legislativa contempla la creaci\u00f3n de tres fondos destinados a los gobiernos regionales y uno espec\u00edficamente para las comunas mineras, por un total de 450 millones de d\u00f3lares (Fondo a Comunas Mineras, Fondo de Apoyo de Equidad Territorial, y Fondo Regional de Producci\u00f3n y Desarrollo). Para las comunas mineras se desglosan un total de 55 millones de d\u00f3lares que se distribuir\u00e1 entre los gobiernos regionales y municipios del pa\u00eds.<\/p>\n<p style=\"text-align: justify;\">Sobre el Fondo de Apoyo para la Equidad Territorial, el parlamentario precis\u00f3 que, a nivel regional, \u00e9ste contempla una suma no menor para cada una de las diez comunas de Ays\u00e9n, con un ingreso anual de m\u00e1s de $2.800 millones, que se mantendr\u00e1 por los pr\u00f3ximos diez a\u00f1os. \u201cLos alcaldes de Ib\u00e1\u00f1ez, de Chile Chico, de Coyhaique, entre otros, me se\u00f1alaban el enorme inter\u00e9s que esto genera\u201d, indic\u00f3.<\/p>\n<p style=\"text-align: justify;\">Sandoval resalt\u00f3 que estos recursos van a ingresar a partir del a\u00f1o 2024 a los municipios, lo que a su juicio significa \u201cuna inyecci\u00f3n significativa para atender numerosas iniciativas\u201d, precisando que, en el caso de Coyhaique, ingresar\u00e1n alrededor de 410 millones de pesos; en Ays\u00e9n, $344 millones y as\u00ed, sucesivamente.<\/p>\n<p style=\"text-align: justify;\">Durante la discusi\u00f3n del proyecto, el legislador tambi\u00e9n enfatiz\u00f3 en que lo que requiere Chile en estos momentos \u201ces el encuentro de la diversidad de opiniones y la unidad para enfrentar los problemas de fondo que realmente tiene el pa\u00eds\u201d, siendo esta iniciativa relevante en ese contexto. \u201cSi nosotros queremos abrir di\u00e1logos, es un mal ejemplo empezar a tratarnos de ultraizquierda o ultraderecha\u201d, recalc\u00f3.<\/p>\n<p style=\"text-align: justify;\"><strong>Otros elementos del proyecto<\/strong><\/p>\n<p style=\"text-align: justify;\">La iniciativa contempla una carga tributaria potencial m\u00e1xima de 46,5% a la gran miner\u00eda con ventas anuales de m\u00e1s de 80 mil toneladas m\u00e9tricas y de 45,5% para aquellas operaciones con ventas anuales entre 50 mil y 80 mil toneladas m\u00e9tricas de cobre fino (TMCF). En ambos casos, dicho l\u00edmite se calcular\u00e1 sobre la renta imponible operacional minera ajustada (RIOMA).<\/p>\n<p style=\"text-align: justify;\">Tambi\u00e9n se dispone un impuesto ad valorem de un 1% a aquellos productores de m\u00e1s de 50 mil toneladas m\u00e9tricas de cobre fino al a\u00f1o. En tanto, la recaudaci\u00f3n total estimada equivale a 0,45% del PIB.<\/p>\n<\/div><\/section><\/div><\/p>\n<div  style='height:50px' class='hr hr-invisible   avia-builder-el-6  el_after_av_one_full  el_before_av_social_share '><span class='hr-inner ' ><span class='hr-inner-style'><\/span><\/span><\/div>\n<div  class='av-social-sharing-box  avia-builder-el-7  el_after_av_hr  el_before_av_hr  '><div class='av-share-box'><h5 class='av-share-link-description av-no-toc '>Compartir esta noticia<\/h5><ul class='av-share-box-list noLightbox'><li class='av-share-link av-social-link-facebook' ><a target=\"_blank\" aria-label=\"Compartir en Facebook\" href='https:\/\/www.facebook.com\/sharer.php?u=https:\/\/radiorevelacionfm.cl\/?p=30910&#038;t=M%C3%A1s%20de%20%242.800%20millones%20ingresar%C3%A1n%20a%20municipios%20de%20Ays%C3%A9n%20gracias%20a%20proyecto%20que%20establece%20un%20Royalty%20Minero' aria-hidden='false' data-av_icon='\ue8f3' data-av_iconfont='entypo-fontello' title='' data-avia-related-tooltip='Compartir en Facebook' rel=\"noopener\"><span class='avia_hidden_link_text'>Compartir en Facebook<\/span><\/a><\/li><li class='av-share-link av-social-link-twitter' ><a target=\"_blank\" aria-label=\"Compartir en Twitter\" href='https:\/\/twitter.com\/share?text=M%C3%A1s%20de%20%242.800%20millones%20ingresar%C3%A1n%20a%20municipios%20de%20Ays%C3%A9n%20gracias%20a%20proyecto%20que%20establece%20un%20Royalty%20Minero&#038;url=https:\/\/radiorevelacionfm.cl\/?p=30910' aria-hidden='false' data-av_icon='\ue8f1' data-av_iconfont='entypo-fontello' title='' data-avia-related-tooltip='Compartir en Twitter' rel=\"noopener\"><span class='avia_hidden_link_text'>Compartir en Twitter<\/span><\/a><\/li><li class='av-share-link av-social-link-whatsapp' ><a target=\"_blank\" aria-label=\"Compartir en Whatsapp\" href='https:\/\/api.whatsapp.com\/send?text=https:\/\/radiorevelacionfm.cl\/?p=30910' aria-hidden='false' data-av_icon='\uf232' data-av_iconfont='entypo-fontello' title='' data-avia-related-tooltip='Compartir en Whatsapp' rel=\"noopener\"><span class='avia_hidden_link_text'>Compartir en Whatsapp<\/span><\/a><\/li><li class='av-share-link av-social-link-linkedin' ><a target=\"_blank\" aria-label=\"Compartir en LinkedIn\" href='https:\/\/linkedin.com\/shareArticle?mini=true&#038;title=M%C3%A1s%20de%20%242.800%20millones%20ingresar%C3%A1n%20a%20municipios%20de%20Ays%C3%A9n%20gracias%20a%20proyecto%20que%20establece%20un%20Royalty%20Minero&#038;url=https:\/\/radiorevelacionfm.cl\/?p=30910' aria-hidden='false' data-av_icon='\ue8fc' data-av_iconfont='entypo-fontello' title='' data-avia-related-tooltip='Compartir en LinkedIn' rel=\"noopener\"><span class='avia_hidden_link_text'>Compartir en LinkedIn<\/span><\/a><\/li><li class='av-share-link av-social-link-mail' ><a  aria-label=\"Compartir por correo\" href='mailto:?subject=M%C3%A1s%20de%20%242.800%20millones%20ingresar%C3%A1n%20a%20municipios%20de%20Ays%C3%A9n%20gracias%20a%20proyecto%20que%20establece%20un%20Royalty%20Minero&#038;body=https:\/\/radiorevelacionfm.cl\/?p=30910' aria-hidden='false' data-av_icon='\ue805' data-av_iconfont='entypo-fontello' title='' data-avia-related-tooltip='Compartir por correo'><span class='avia_hidden_link_text'>Compartir por correo<\/span><\/a><\/li><\/ul><\/div><\/div>\n<div  style='height:50px' class='hr hr-invisible   avia-builder-el-8  el_after_av_social_share  el_before_av_comments_list '><span class='hr-inner ' ><span class='hr-inner-style'><\/span><\/span><\/div>\n<div  class='av-buildercomment  av-blog-meta-html-info-disabled av-blog-meta-tag-disabled  '><\/div>\n","protected":false},"excerpt":{"rendered":"","protected":false},"author":1,"featured_media":21512,"comment_status":"open","ping_status":"open","sticky":false,"template":"","format":"standard","meta":{"footnotes":""},"categories":[35],"tags":[],"class_list":["post-30910","post","type-post","status-publish","format-standard","has-post-thumbnail","hentry","category-politica"],"jetpack_featured_media_url":"https:\/\/radiorevelacionfm.cl\/wp-content\/uploads\/2022\/09\/senador-sandoval-12-1-1.jpg","_links":{"self":[{"href":"https:\/\/radiorevelacionfm.cl\/index.php?rest_route=\/wp\/v2\/posts\/30910","targetHints":{"allow":["GET"]}}],"collection":[{"href":"https:\/\/radiorevelacionfm.cl\/index.php?rest_route=\/wp\/v2\/posts"}],"about":[{"href":"https:\/\/radiorevelacionfm.cl\/index.php?rest_route=\/wp\/v2\/types\/post"}],"author":[{"embeddable":true,"href":"https:\/\/radiorevelacionfm.cl\/index.php?rest_route=\/wp\/v2\/users\/1"}],"replies":[{"embeddable":true,"href":"https:\/\/radiorevelacionfm.cl\/index.php?rest_route=%2Fwp%2Fv2%2Fcomments&post=30910"}],"version-history":[{"count":2,"href":"https:\/\/radiorevelacionfm.cl\/index.php?rest_route=\/wp\/v2\/posts\/30910\/revisions"}],"predecessor-version":[{"id":30942,"href":"https:\/\/radiorevelacionfm.cl\/index.php?rest_route=\/wp\/v2\/posts\/30910\/revisions\/30942"}],"wp:featuredmedia":[{"embeddable":true,"href":"https:\/\/radiorevelacionfm.cl\/index.php?rest_route=\/wp\/v2\/media\/21512"}],"wp:attachment":[{"href":"https:\/\/radiorevelacionfm.cl\/index.php?rest_route=%2Fwp%2Fv2%2Fmedia&parent=30910"}],"wp:term":[{"taxonomy":"category","embeddable":true,"href":"https:\/\/radiorevelacionfm.cl\/index.php?rest_route=%2Fwp%2Fv2%2Fcategories&post=30910"},{"taxonomy":"post_tag","embeddable":true,"href":"https:\/\/radiorevelacionfm.cl\/index.php?rest_route=%2Fwp%2Fv2%2Ftags&post=30910"}],"curies":[{"name":"wp","href":"https:\/\/api.w.org\/{rel}","templated":true}]}}