{"id":30905,"date":"2023-05-12T11:59:29","date_gmt":"2023-05-12T14:59:29","guid":{"rendered":"https:\/\/radiorevelacionfm.cl\/?p=30905"},"modified":"2023-05-12T11:59:29","modified_gmt":"2023-05-12T14:59:29","slug":"fiscalia-y-pdi-organizan-sexta-version-del-simposio-sobre-el-futuro-de-la-investigacion-criminal","status":"publish","type":"post","link":"https:\/\/radiorevelacionfm.cl\/?p=30905","title":{"rendered":"Fiscal\u00eda y PDI organizan sexta versi\u00f3n del Simposio sobre \u201cEl futuro de la investigaci\u00f3n criminal\u201d"},"content":{"rendered":"<div class=\"flex_column av_one_full  flex_column_div av-zero-column-padding first  avia-builder-el-0  el_before_av_one_full  avia-builder-el-first  \" style='border-radius:0px; '><div  class='avia-image-container  av-styling-    avia-builder-el-1  avia-builder-el-no-sibling  avia-align-center '  itemprop=\"image\" itemscope=\"itemscope\" itemtype=\"https:\/\/schema.org\/ImageObject\"  ><div class='avia-image-container-inner'><div class='avia-image-overlay-wrap'><img decoding=\"async\" class='wp-image-30908 avia-img-lazy-loading-not-30908 avia_image' src=\"https:\/\/radiorevelacionfm.cl\/wp-content\/uploads\/2023\/05\/image-2023-05-11T122624.886-1-1.jpg\" alt='' title='image - 2023-05-11T122624.886 (1) (1)' height=\"600\" width=\"830\"  itemprop=\"thumbnailUrl\" srcset=\"https:\/\/radiorevelacionfm.cl\/wp-content\/uploads\/2023\/05\/image-2023-05-11T122624.886-1-1.jpg 830w, https:\/\/radiorevelacionfm.cl\/wp-content\/uploads\/2023\/05\/image-2023-05-11T122624.886-1-1-300x217.jpg 300w, https:\/\/radiorevelacionfm.cl\/wp-content\/uploads\/2023\/05\/image-2023-05-11T122624.886-1-1-768x555.jpg 768w, https:\/\/radiorevelacionfm.cl\/wp-content\/uploads\/2023\/05\/image-2023-05-11T122624.886-1-1-705x510.jpg 705w, https:\/\/radiorevelacionfm.cl\/wp-content\/uploads\/2023\/05\/image-2023-05-11T122624.886-1-1-450x325.jpg 450w, https:\/\/radiorevelacionfm.cl\/wp-content\/uploads\/2023\/05\/image-2023-05-11T122624.886-1-1-600x434.jpg 600w\" sizes=\"(max-width: 830px) 100vw, 830px\" \/><\/div><\/div><\/div><\/div><div class=\"flex_column av_one_full  flex_column_div av-zero-column-padding first  avia-builder-el-2  el_after_av_one_full  el_before_av_one_full  column-top-margin\" style='border-radius:0px; '><section class=\"av_textblock_section \"  itemscope=\"itemscope\" itemtype=\"https:\/\/schema.org\/BlogPosting\" itemprop=\"blogPost\" ><div class='avia_textblock  '   itemprop=\"text\" ><p style=\"text-align: center;\"><span style=\"font-size: 18pt;\"><b>Fiscal\u00eda y PDI organizan sexta versi\u00f3n del Simposio sobre \u201cEl futuro de la investigaci\u00f3n criminal\u201d<\/b><\/span><\/p>\n<div id=\"gtx-trans\" style=\"position: absolute; left: -50px; top: 4.31534px;\">\n<div class=\"gtx-trans-icon\"><\/div>\n<\/div>\n<\/div><\/section><\/div><\/p>\n<div class=\"flex_column av_one_full  flex_column_div av-zero-column-padding first  avia-builder-el-4  el_after_av_one_full  el_before_av_hr  column-top-margin\" style='border-radius:0px; '><section class=\"av_textblock_section \"  itemscope=\"itemscope\" itemtype=\"https:\/\/schema.org\/BlogPosting\" itemprop=\"blogPost\" ><div class='avia_textblock  '   itemprop=\"text\" ><p style=\"font-weight: 400; text-align: justify;\">Profesionales, polic\u00edas y peritos expondr\u00e1n el jueves 18 y viernes 19 de mayo en Coyhaique, como parte del sexto simposio sobre \u201cEl futuro de la investigaci\u00f3n criminal\u201d, que organiza la Fiscal\u00eda Regional de Ays\u00e9n y que cuenta con la colaboraci\u00f3n de la Polic\u00eda de Investigaciones de la Regi\u00f3n.<\/p>\n<p style=\"font-weight: 400; text-align: justify;\">Esta actividad de extensi\u00f3n acad\u00e9mica se efectuar\u00e1 este a\u00f1o de forma presencial, con cupos limitados, en el auditorio de la Polic\u00eda de Investigaciones en Coyhaique y adem\u00e1s contar\u00e1 con una transmisi\u00f3n online a trav\u00e9s del canal de Youtube \u201cFiscal\u00eda Ays\u00e9n\u201d.<\/p>\n<p style=\"font-weight: 400; text-align: justify;\"><strong>TEMAS<\/strong><\/p>\n<p style=\"font-weight: 400; text-align: justify;\">Seg\u00fan explic\u00f3 el Fiscal Regional, Carlos Palma, los temas de este sexto simposio sobre tendencias digitales en el \u00e1mbito de la persecuci\u00f3n penal, que coordina la Unidad de Comunicaciones de la Fiscal\u00eda, incluyen las nuevas herramientas para el an\u00e1lisis criminal: El uso de inteligencia artificial para detectar estructuras criminales, manejo de datos para la sustanciaci\u00f3n de la investigaci\u00f3n, tratados internacionales vigentes para la investigaci\u00f3n de delitos transnacionales, lecciones y aprendizajes en la investigaci\u00f3n del delito de almacenamiento de pornograf\u00eda infantil, tecnolog\u00eda de punta para el an\u00e1lisis forense del siglo XXI y an\u00e1lisis criminal para la investigaci\u00f3n del crimen organizado.<\/p>\n<p style=\"font-weight: 400; text-align: justify;\">En la ocasi\u00f3n, expondr\u00e1n profesionales de la Fiscal\u00eda Nacional, Carabineros y jefaturas nacionales de la Polic\u00eda de Investigaciones.<\/p>\n<p style=\"font-weight: 400; text-align: justify;\"><strong>INVITACI\u00d3N GRATUITA<\/strong><\/p>\n<p style=\"font-weight: 400; text-align: justify;\">El Fiscal Regional, Carlos Palma, explic\u00f3 que a este evento asistir\u00e1n polic\u00edas, fiscales y profesionales ligados al \u00e1mbito de la justicia penal, aunque tambi\u00e9n el simposio est\u00e1 abierto a aquellas personas interesadas en aprender sobre ciberseguridad y temas conexos.<\/p>\n<p style=\"font-weight: 400; text-align: justify;\">La inscripci\u00f3n es gratuita y para participar del simposio v\u00eda online, a trav\u00e9s del canal de YouTube \u201cFiscal\u00eda Ays\u00e9n\u201d, es necesario registrarse en el link:\u00a0<a href=\"https:\/\/bit.ly\/42nAZCR\" data-saferedirecturl=\"https:\/\/www.google.com\/url?q=https:\/\/bit.ly\/42nAZCR&amp;source=gmail&amp;ust=1683907997206000&amp;usg=AOvVaw3LZTFDl5ohghF6MTWX636P\">https:\/\/bit.ly\/42nAZCR<\/a><\/p>\n<p style=\"font-weight: 400; text-align: justify;\">Para el jefe de la Regi\u00f3n Policial Ays\u00e9n de la PDI,\u00a0prefecto Luis Torralba, \u00abestos eventos son plataformas ideales para discutir sobre el mundo criminal y c\u00f3mo la tecnolog\u00eda elimina los l\u00edmites fronterizos para los delincuentes. C\u00f3mo combatimos este fen\u00f3meno mundial es una de las prioridades que tenemos como PDI\u201d.<\/p>\n<p style=\"font-weight: 400; text-align: justify;\">La principal autoridad de la Polic\u00eda de Investigaciones de Chile en la regi\u00f3n, a\u00f1adi\u00f3 que \u201cel crimen organizado se aprovecha de esto para atacar a sus v\u00edctimas, es por esto que creamos la Jefatura Nacional de Cibercrimen, la que busca perseguir todos los delitos que ocurren en el ciberespacio, cubriendo un flanco que cada vez tiene m\u00e1s fuerza: el mundo digital. Este tipo de instancias, son claves para el relacionamiento estrat\u00e9gico, afianzando cada vez m\u00e1s el trabajo conjunto con otras instituciones, lo que nos permite garantizar investigaciones m\u00e1s precisas, justas y eficaces en la lucha contra el crimen\u201d, coment\u00f3 el prefecto Luis Torralba, jefe de la Regi\u00f3n Policial Ays\u00e9n.<\/p>\n<\/div><\/section><\/div>\n<div  style='height:50px' class='hr hr-invisible   avia-builder-el-6  el_after_av_one_full  el_before_av_social_share '><span class='hr-inner ' ><span class='hr-inner-style'><\/span><\/span><\/div>\n<div  class='av-social-sharing-box  avia-builder-el-7  el_after_av_hr  el_before_av_hr  '><div class='av-share-box'><h5 class='av-share-link-description av-no-toc '>Compartir esta noticia<\/h5><ul class='av-share-box-list noLightbox'><li class='av-share-link av-social-link-facebook' ><a target=\"_blank\" aria-label=\"Compartir en Facebook\" href='https:\/\/www.facebook.com\/sharer.php?u=https:\/\/radiorevelacionfm.cl\/?p=30905&#038;t=Fiscal%C3%ADa%20y%20PDI%20organizan%20sexta%20versi%C3%B3n%20del%20Simposio%20sobre%20%E2%80%9CEl%20futuro%20de%20la%20investigaci%C3%B3n%20criminal%E2%80%9D' aria-hidden='false' data-av_icon='\ue8f3' data-av_iconfont='entypo-fontello' title='' data-avia-related-tooltip='Compartir en Facebook' rel=\"noopener\"><span class='avia_hidden_link_text'>Compartir en Facebook<\/span><\/a><\/li><li class='av-share-link av-social-link-twitter' ><a target=\"_blank\" aria-label=\"Compartir en Twitter\" href='https:\/\/twitter.com\/share?text=Fiscal%C3%ADa%20y%20PDI%20organizan%20sexta%20versi%C3%B3n%20del%20Simposio%20sobre%20%E2%80%9CEl%20futuro%20de%20la%20investigaci%C3%B3n%20criminal%E2%80%9D&#038;url=https:\/\/radiorevelacionfm.cl\/?p=30905' aria-hidden='false' data-av_icon='\ue8f1' data-av_iconfont='entypo-fontello' title='' data-avia-related-tooltip='Compartir en Twitter' rel=\"noopener\"><span class='avia_hidden_link_text'>Compartir en Twitter<\/span><\/a><\/li><li class='av-share-link av-social-link-whatsapp' ><a target=\"_blank\" aria-label=\"Compartir en Whatsapp\" href='https:\/\/api.whatsapp.com\/send?text=https:\/\/radiorevelacionfm.cl\/?p=30905' aria-hidden='false' data-av_icon='\uf232' data-av_iconfont='entypo-fontello' title='' data-avia-related-tooltip='Compartir en Whatsapp' rel=\"noopener\"><span class='avia_hidden_link_text'>Compartir en Whatsapp<\/span><\/a><\/li><li class='av-share-link av-social-link-linkedin' ><a target=\"_blank\" aria-label=\"Compartir en LinkedIn\" href='https:\/\/linkedin.com\/shareArticle?mini=true&#038;title=Fiscal%C3%ADa%20y%20PDI%20organizan%20sexta%20versi%C3%B3n%20del%20Simposio%20sobre%20%E2%80%9CEl%20futuro%20de%20la%20investigaci%C3%B3n%20criminal%E2%80%9D&#038;url=https:\/\/radiorevelacionfm.cl\/?p=30905' aria-hidden='false' data-av_icon='\ue8fc' data-av_iconfont='entypo-fontello' title='' data-avia-related-tooltip='Compartir en LinkedIn' rel=\"noopener\"><span class='avia_hidden_link_text'>Compartir en LinkedIn<\/span><\/a><\/li><li class='av-share-link av-social-link-mail' ><a  aria-label=\"Compartir por correo\" href='mailto:?subject=Fiscal%C3%ADa%20y%20PDI%20organizan%20sexta%20versi%C3%B3n%20del%20Simposio%20sobre%20%E2%80%9CEl%20futuro%20de%20la%20investigaci%C3%B3n%20criminal%E2%80%9D&#038;body=https:\/\/radiorevelacionfm.cl\/?p=30905' aria-hidden='false' data-av_icon='\ue805' data-av_iconfont='entypo-fontello' title='' data-avia-related-tooltip='Compartir por correo'><span class='avia_hidden_link_text'>Compartir por correo<\/span><\/a><\/li><\/ul><\/div><\/div>\n<div  style='height:50px' class='hr hr-invisible   avia-builder-el-8  el_after_av_social_share  el_before_av_comments_list '><span class='hr-inner ' ><span class='hr-inner-style'><\/span><\/span><\/div>\n<div  class='av-buildercomment  av-blog-meta-html-info-disabled av-blog-meta-tag-disabled  '><\/div>\n","protected":false},"excerpt":{"rendered":"","protected":false},"author":1,"featured_media":30908,"comment_status":"open","ping_status":"open","sticky":false,"template":"","format":"standard","meta":{"footnotes":""},"categories":[55],"tags":[],"class_list":["post-30905","post","type-post","status-publish","format-standard","has-post-thumbnail","hentry","category-justicia"],"jetpack_featured_media_url":"https:\/\/radiorevelacionfm.cl\/wp-content\/uploads\/2023\/05\/image-2023-05-11T122624.886-1-1.jpg","_links":{"self":[{"href":"https:\/\/radiorevelacionfm.cl\/index.php?rest_route=\/wp\/v2\/posts\/30905","targetHints":{"allow":["GET"]}}],"collection":[{"href":"https:\/\/radiorevelacionfm.cl\/index.php?rest_route=\/wp\/v2\/posts"}],"about":[{"href":"https:\/\/radiorevelacionfm.cl\/index.php?rest_route=\/wp\/v2\/types\/post"}],"author":[{"embeddable":true,"href":"https:\/\/radiorevelacionfm.cl\/index.php?rest_route=\/wp\/v2\/users\/1"}],"replies":[{"embeddable":true,"href":"https:\/\/radiorevelacionfm.cl\/index.php?rest_route=%2Fwp%2Fv2%2Fcomments&post=30905"}],"version-history":[{"count":2,"href":"https:\/\/radiorevelacionfm.cl\/index.php?rest_route=\/wp\/v2\/posts\/30905\/revisions"}],"predecessor-version":[{"id":30909,"href":"https:\/\/radiorevelacionfm.cl\/index.php?rest_route=\/wp\/v2\/posts\/30905\/revisions\/30909"}],"wp:featuredmedia":[{"embeddable":true,"href":"https:\/\/radiorevelacionfm.cl\/index.php?rest_route=\/wp\/v2\/media\/30908"}],"wp:attachment":[{"href":"https:\/\/radiorevelacionfm.cl\/index.php?rest_route=%2Fwp%2Fv2%2Fmedia&parent=30905"}],"wp:term":[{"taxonomy":"category","embeddable":true,"href":"https:\/\/radiorevelacionfm.cl\/index.php?rest_route=%2Fwp%2Fv2%2Fcategories&post=30905"},{"taxonomy":"post_tag","embeddable":true,"href":"https:\/\/radiorevelacionfm.cl\/index.php?rest_route=%2Fwp%2Fv2%2Ftags&post=30905"}],"curies":[{"name":"wp","href":"https:\/\/api.w.org\/{rel}","templated":true}]}}