{"id":30901,"date":"2023-05-11T13:31:23","date_gmt":"2023-05-11T16:31:23","guid":{"rendered":"https:\/\/radiorevelacionfm.cl\/?p=30901"},"modified":"2023-05-11T13:31:23","modified_gmt":"2023-05-11T16:31:23","slug":"cultura-y-familia-municipio-de-aysen-conmemora-a-las-madres-con-actividades-informativas-y-recreativas","status":"publish","type":"post","link":"https:\/\/radiorevelacionfm.cl\/?p=30901","title":{"rendered":"Cultura y familia: municipio de Ays\u00e9n conmemora a las madres con actividades informativas y recreativas"},"content":{"rendered":"<div class=\"flex_column av_one_full  flex_column_div av-zero-column-padding first  avia-builder-el-0  el_before_av_one_full  avia-builder-el-first  \" style='border-radius:0px; '><div  class='avia-image-container  av-styling-    avia-builder-el-1  avia-builder-el-no-sibling  avia-align-center '  itemprop=\"image\" itemscope=\"itemscope\" itemtype=\"https:\/\/schema.org\/ImageObject\"  ><div class='avia-image-container-inner'><div class='avia-image-overlay-wrap'><img decoding=\"async\" class='wp-image-30902 avia-img-lazy-loading-not-30902 avia_image' src=\"https:\/\/radiorevelacionfm.cl\/wp-content\/uploads\/2023\/05\/Fotografia-6-1-1.jpeg\" alt='' title='Fotograf\u00eda (6) (1) (1)' height=\"600\" width=\"800\"  itemprop=\"thumbnailUrl\" srcset=\"https:\/\/radiorevelacionfm.cl\/wp-content\/uploads\/2023\/05\/Fotografia-6-1-1.jpeg 800w, https:\/\/radiorevelacionfm.cl\/wp-content\/uploads\/2023\/05\/Fotografia-6-1-1-300x225.jpeg 300w, https:\/\/radiorevelacionfm.cl\/wp-content\/uploads\/2023\/05\/Fotografia-6-1-1-768x576.jpeg 768w, https:\/\/radiorevelacionfm.cl\/wp-content\/uploads\/2023\/05\/Fotografia-6-1-1-705x529.jpeg 705w, https:\/\/radiorevelacionfm.cl\/wp-content\/uploads\/2023\/05\/Fotografia-6-1-1-450x338.jpeg 450w, https:\/\/radiorevelacionfm.cl\/wp-content\/uploads\/2023\/05\/Fotografia-6-1-1-600x450.jpeg 600w\" sizes=\"(max-width: 800px) 100vw, 800px\" \/><\/div><\/div><\/div><\/div>\n<div class=\"flex_column av_one_full  flex_column_div av-zero-column-padding first  avia-builder-el-2  el_after_av_one_full  el_before_av_one_full  column-top-margin\" style='border-radius:0px; '><section class=\"av_textblock_section \"  itemscope=\"itemscope\" itemtype=\"https:\/\/schema.org\/BlogPosting\" itemprop=\"blogPost\" ><div class='avia_textblock  '   itemprop=\"text\" ><p style=\"text-align: center;\"><strong><span style=\"font-size: 18pt;\">Cultura y familia: municipio de Ays\u00e9n conmemora a las madres con actividades informativas y recreativas<\/span><\/strong><\/p>\n<div id=\"gtx-trans\" style=\"position: absolute; left: -50px; top: 4.31534px;\">\n<div class=\"gtx-trans-icon\"><\/div>\n<\/div>\n<\/div><\/section><\/div><div class=\"flex_column av_one_full  flex_column_div av-zero-column-padding first  avia-builder-el-4  el_after_av_one_full  el_before_av_hr  column-top-margin\" style='border-radius:0px; '><section class=\"av_textblock_section \"  itemscope=\"itemscope\" itemtype=\"https:\/\/schema.org\/BlogPosting\" itemprop=\"blogPost\" ><div class='avia_textblock  '   itemprop=\"text\" ><p style=\"text-align: justify;\">La conmemoraci\u00f3n del D\u00eda de la Madre es una fecha especial que nos invita a reflexionar sobre el valor y la importancia de la figura materna en nuestras vidas. Por lo mismo, desde la Direcci\u00f3n de Desarrollo Comunitario, con las unidades de Cultura, Biblioteca P\u00fablica y Patrimonio Hist\u00f3rico, armaron una serie de actividades para brindar un merecido homenaje a todas las madres, reconociendo su amor incondicional y su importante labor en la formaci\u00f3n de nuestras familias y comunidades.<\/p>\n<p style=\"text-align: justify;\">Durante el mi\u00e9rcoles 10 de mayo se llev\u00f3 a cabo el taller \u201cConciliaci\u00f3n entre el trabajo y la maternidad\u201d, el cual estuvo orientado a mam\u00e1s con hijos de edad preescolar, \u201cya que socialmente como mujeres y madres tenemos esta doble responsabilidad de responder en el trabajo y tambi\u00e9n ser buenas madres. As\u00ed que se hizo una invitaci\u00f3n a la dupla psicosocial, psic\u00f3loga y trabajadora social del sector rojo del CESFAM, a fin de realizar este taller\u201d, coment\u00f3 Yasna Jara, encargada de Biblioteca P\u00fablica de Ays\u00e9n. En la oportunidad Jara destac\u00f3 estas instancias que permiten mantener conversaciones e integrar informaci\u00f3n a fin de permitir una crianza plena en nuestras ni\u00f1as y ni\u00f1os.<\/p>\n<p style=\"text-align: justify;\">Asimismo, este viernes 12 de mayo desde las 16:30 horas se dar\u00e1n inicio a actividades informativas y recreativas en torno a la conmemoraci\u00f3n de la madre y el mes de la familia. Tanto la Unidad de Cultura como la Biblioteca P\u00fablica y Patrimonio Hist\u00f3rico se encuentran trabajando en las diferentes actividades que se desarrollar\u00e1n en la Casa de la Cultura de Puerto Ays\u00e9n, y que consiste en stands informativos y la presentaci\u00f3n de la Banda Benem\u00e9rita de Carabineros de Chile y el doble de Juan Gabriel. Estas actividades pretenden brindar un espacio de recreaci\u00f3n familiar a fin de conmemorar a las madres de la comuna.<\/p>\n<\/div><\/section><\/div><\/p>\n<div  style='height:50px' class='hr hr-invisible   avia-builder-el-6  el_after_av_one_full  el_before_av_social_share '><span class='hr-inner ' ><span class='hr-inner-style'><\/span><\/span><\/div>\n<div  class='av-social-sharing-box  avia-builder-el-7  el_after_av_hr  el_before_av_hr  '><div class='av-share-box'><h5 class='av-share-link-description av-no-toc '>Compartir esta noticia<\/h5><ul class='av-share-box-list noLightbox'><li class='av-share-link av-social-link-facebook' ><a target=\"_blank\" aria-label=\"Compartir en Facebook\" href='https:\/\/www.facebook.com\/sharer.php?u=https:\/\/radiorevelacionfm.cl\/?p=30901&#038;t=Cultura%20y%20familia%3A%20municipio%20de%20Ays%C3%A9n%20conmemora%20a%20las%20madres%20con%20actividades%20informativas%20y%20recreativas' aria-hidden='false' data-av_icon='\ue8f3' data-av_iconfont='entypo-fontello' title='' data-avia-related-tooltip='Compartir en Facebook' rel=\"noopener\"><span class='avia_hidden_link_text'>Compartir en Facebook<\/span><\/a><\/li><li class='av-share-link av-social-link-twitter' ><a target=\"_blank\" aria-label=\"Compartir en Twitter\" href='https:\/\/twitter.com\/share?text=Cultura%20y%20familia%3A%20municipio%20de%20Ays%C3%A9n%20conmemora%20a%20las%20madres%20con%20actividades%20informativas%20y%20recreativas&#038;url=https:\/\/radiorevelacionfm.cl\/?p=30901' aria-hidden='false' data-av_icon='\ue8f1' data-av_iconfont='entypo-fontello' title='' data-avia-related-tooltip='Compartir en Twitter' rel=\"noopener\"><span class='avia_hidden_link_text'>Compartir en Twitter<\/span><\/a><\/li><li class='av-share-link av-social-link-whatsapp' ><a target=\"_blank\" aria-label=\"Compartir en Whatsapp\" href='https:\/\/api.whatsapp.com\/send?text=https:\/\/radiorevelacionfm.cl\/?p=30901' aria-hidden='false' data-av_icon='\uf232' data-av_iconfont='entypo-fontello' title='' data-avia-related-tooltip='Compartir en Whatsapp' rel=\"noopener\"><span class='avia_hidden_link_text'>Compartir en Whatsapp<\/span><\/a><\/li><li class='av-share-link av-social-link-linkedin' ><a target=\"_blank\" aria-label=\"Compartir en LinkedIn\" href='https:\/\/linkedin.com\/shareArticle?mini=true&#038;title=Cultura%20y%20familia%3A%20municipio%20de%20Ays%C3%A9n%20conmemora%20a%20las%20madres%20con%20actividades%20informativas%20y%20recreativas&#038;url=https:\/\/radiorevelacionfm.cl\/?p=30901' aria-hidden='false' data-av_icon='\ue8fc' data-av_iconfont='entypo-fontello' title='' data-avia-related-tooltip='Compartir en LinkedIn' rel=\"noopener\"><span class='avia_hidden_link_text'>Compartir en LinkedIn<\/span><\/a><\/li><li class='av-share-link av-social-link-mail' ><a  aria-label=\"Compartir por correo\" href='mailto:?subject=Cultura%20y%20familia%3A%20municipio%20de%20Ays%C3%A9n%20conmemora%20a%20las%20madres%20con%20actividades%20informativas%20y%20recreativas&#038;body=https:\/\/radiorevelacionfm.cl\/?p=30901' aria-hidden='false' data-av_icon='\ue805' data-av_iconfont='entypo-fontello' title='' data-avia-related-tooltip='Compartir por correo'><span class='avia_hidden_link_text'>Compartir por correo<\/span><\/a><\/li><\/ul><\/div><\/div>\n<div  style='height:50px' class='hr hr-invisible   avia-builder-el-8  el_after_av_social_share  el_before_av_comments_list '><span class='hr-inner ' ><span class='hr-inner-style'><\/span><\/span><\/div>\n<div  class='av-buildercomment  av-blog-meta-html-info-disabled av-blog-meta-tag-disabled  '><\/div>\n","protected":false},"excerpt":{"rendered":"","protected":false},"author":1,"featured_media":30902,"comment_status":"open","ping_status":"open","sticky":false,"template":"","format":"standard","meta":{"footnotes":""},"categories":[38],"tags":[],"class_list":["post-30901","post","type-post","status-publish","format-standard","has-post-thumbnail","hentry","category-regional"],"jetpack_featured_media_url":"https:\/\/radiorevelacionfm.cl\/wp-content\/uploads\/2023\/05\/Fotografia-6-1-1.jpeg","_links":{"self":[{"href":"https:\/\/radiorevelacionfm.cl\/index.php?rest_route=\/wp\/v2\/posts\/30901","targetHints":{"allow":["GET"]}}],"collection":[{"href":"https:\/\/radiorevelacionfm.cl\/index.php?rest_route=\/wp\/v2\/posts"}],"about":[{"href":"https:\/\/radiorevelacionfm.cl\/index.php?rest_route=\/wp\/v2\/types\/post"}],"author":[{"embeddable":true,"href":"https:\/\/radiorevelacionfm.cl\/index.php?rest_route=\/wp\/v2\/users\/1"}],"replies":[{"embeddable":true,"href":"https:\/\/radiorevelacionfm.cl\/index.php?rest_route=%2Fwp%2Fv2%2Fcomments&post=30901"}],"version-history":[{"count":2,"href":"https:\/\/radiorevelacionfm.cl\/index.php?rest_route=\/wp\/v2\/posts\/30901\/revisions"}],"predecessor-version":[{"id":30904,"href":"https:\/\/radiorevelacionfm.cl\/index.php?rest_route=\/wp\/v2\/posts\/30901\/revisions\/30904"}],"wp:featuredmedia":[{"embeddable":true,"href":"https:\/\/radiorevelacionfm.cl\/index.php?rest_route=\/wp\/v2\/media\/30902"}],"wp:attachment":[{"href":"https:\/\/radiorevelacionfm.cl\/index.php?rest_route=%2Fwp%2Fv2%2Fmedia&parent=30901"}],"wp:term":[{"taxonomy":"category","embeddable":true,"href":"https:\/\/radiorevelacionfm.cl\/index.php?rest_route=%2Fwp%2Fv2%2Fcategories&post=30901"},{"taxonomy":"post_tag","embeddable":true,"href":"https:\/\/radiorevelacionfm.cl\/index.php?rest_route=%2Fwp%2Fv2%2Ftags&post=30901"}],"curies":[{"name":"wp","href":"https:\/\/api.w.org\/{rel}","templated":true}]}}