{"id":30898,"date":"2023-05-11T16:09:15","date_gmt":"2023-05-11T19:09:15","guid":{"rendered":"https:\/\/radiorevelacionfm.cl\/?p=30898"},"modified":"2023-05-11T16:09:15","modified_gmt":"2023-05-11T19:09:15","slug":"injuv-aysen-realiza-jornada-de-fortalecimiento-institucional-con-jovenes-de-la-region","status":"publish","type":"post","link":"https:\/\/radiorevelacionfm.cl\/?p=30898","title":{"rendered":"INJUV Ays\u00e9n realiza jornada de fortalecimiento institucional con j\u00f3venes de la regi\u00f3n"},"content":{"rendered":"<div class=\"flex_column av_one_full  flex_column_div av-zero-column-padding first  avia-builder-el-0  el_before_av_one_full  avia-builder-el-first  \" style='border-radius:0px; '><div  class='avia-image-container  av-styling-    avia-builder-el-1  avia-builder-el-no-sibling  avia-align-center '  itemprop=\"image\" itemscope=\"itemscope\" itemtype=\"https:\/\/schema.org\/ImageObject\"  ><div class='avia-image-container-inner'><div class='avia-image-overlay-wrap'><img decoding=\"async\" class='wp-image-30899 avia-img-lazy-loading-not-30899 avia_image' src=\"https:\/\/radiorevelacionfm.cl\/wp-content\/uploads\/2023\/05\/foto-1-13-1_optimized.jpg\" alt='' title='foto-1-(13)-(1)_optimized' height=\"600\" width=\"827\"  itemprop=\"thumbnailUrl\" srcset=\"https:\/\/radiorevelacionfm.cl\/wp-content\/uploads\/2023\/05\/foto-1-13-1_optimized.jpg 827w, https:\/\/radiorevelacionfm.cl\/wp-content\/uploads\/2023\/05\/foto-1-13-1_optimized-300x218.jpg 300w, https:\/\/radiorevelacionfm.cl\/wp-content\/uploads\/2023\/05\/foto-1-13-1_optimized-768x557.jpg 768w, https:\/\/radiorevelacionfm.cl\/wp-content\/uploads\/2023\/05\/foto-1-13-1_optimized-705x511.jpg 705w, https:\/\/radiorevelacionfm.cl\/wp-content\/uploads\/2023\/05\/foto-1-13-1_optimized-450x326.jpg 450w, https:\/\/radiorevelacionfm.cl\/wp-content\/uploads\/2023\/05\/foto-1-13-1_optimized-600x435.jpg 600w\" sizes=\"(max-width: 827px) 100vw, 827px\" \/><\/div><\/div><\/div><\/div><div class=\"flex_column av_one_full  flex_column_div av-zero-column-padding first  avia-builder-el-2  el_after_av_one_full  el_before_av_one_full  column-top-margin\" style='border-radius:0px; '><section class=\"av_textblock_section \"  itemscope=\"itemscope\" itemtype=\"https:\/\/schema.org\/BlogPosting\" itemprop=\"blogPost\" ><div class='avia_textblock  '   itemprop=\"text\" ><p style=\"text-align: center;\"><strong><span style=\"font-size: 18pt;\">INJUV Ays\u00e9n realiza jornada de fortalecimiento institucional con j\u00f3venes de la regi\u00f3n<\/span><\/strong><\/p>\n<div id=\"gtx-trans\" style=\"position: absolute; left: -50px; top: 4.31534px;\">\n<div class=\"gtx-trans-icon\"><\/div>\n<\/div>\n<\/div><\/section><\/div><div class=\"flex_column av_one_full  flex_column_div av-zero-column-padding first  avia-builder-el-4  el_after_av_one_full  el_before_av_hr  column-top-margin\" style='border-radius:0px; '><section class=\"av_textblock_section \"  itemscope=\"itemscope\" itemtype=\"https:\/\/schema.org\/BlogPosting\" itemprop=\"blogPost\" ><div class='avia_textblock  '   itemprop=\"text\" ><p style=\"text-align: justify;\">Con el objetivo de generar un espacio de di\u00e1logo respecto a los temas de inter\u00e9s para las juventudes de la regi\u00f3n y pa\u00eds, el Instituto Nacional de la Juventud (INJUV) de la regi\u00f3n de Ays\u00e9n realiz\u00f3 una jornada de fortalecimiento institucional con representantes de la juventud regional.<\/p>\n<p style=\"text-align: justify;\">En la actividad participaron j\u00f3venes representantes de diferentes \u00e1reas de la sociedad civil, entre los que destacan estudiantes secundarios y de educaci\u00f3n superior, deportistas, artistas culturales, emprendedoras, representantes de agrupaciones sociales, entre otros.<\/p>\n<p style=\"text-align: justify;\">\u201cEsta jornada es un paso muy importante en la elaboraci\u00f3n del Plan de Fortalecimiento Institucional que estamos desarrollando en todo el territorio nacional, ya que para INJUV es fundamental conocer los temas que realmente les interesan a nuestras juventudes, agradecemos y destacamos el inter\u00e9s y la participaci\u00f3n de las y los j\u00f3venes en esta importante jornada\u201d, explic\u00f3 la directora regional (s) de INJUV Ays\u00e9n, G\u00e9nesis Arias Fuentes.<\/p>\n<p style=\"text-align: justify;\">Durante la jornada las y los j\u00f3venes presentes debatieron y priorizaron los que a su juicio son los temas m\u00e1s relevantes para la poblaci\u00f3n juvenil, as\u00ed como tambi\u00e9n abordaron los problemas sociales prioritarios para trabajar desde una institucionalidad de juventud.<\/p>\n<p style=\"text-align: justify;\">Carolina C\u00e1ceres, joven participante destaco la jornada y sostuvo que \u201cfue una instancia bastante activa,\u00a0 se nota el trabajo sistem\u00e1tico del equipo de INJUV. C\u00f3mo particip\u00e9 en los procesos anteriores de diagn\u00f3stico he podido ver el avance en la discusi\u00f3n y como la opini\u00f3n de les j\u00f3venes ayseninas en distintos temas se va concretando. Es agradable el formato de encuentro con j\u00f3venes de liceos, emprendedoras, artistas etc. Muy diverso y cada une tiene algo importante que decir y reflexionar. Es algo de aprendizaje colectivo, comunitario. En un ambiente l\u00fadico, seguro y respetuoso\u201d.<\/p>\n<p style=\"text-align: justify;\">En tanto Tom\u00e1s Orellana, se\u00f1al\u00f3 que \u201cme pareci\u00f3 una muy buena actividad, en general fue muy entretenida y did\u00e1ctica, nos sirvi\u00f3 para conocer a m\u00e1s personas de nuestras edades y entornos. Pienso que se deber\u00edan hacer m\u00e1s actividades de este estilo, en lo personal me sirvi\u00f3 para darme cuenta de varias problem\u00e1ticas que no sab\u00eda que hab\u00edan, de igual forma ampli\u00e9 mi conocimiento propio\u201d.<\/p>\n<p style=\"text-align: justify;\">Cabe destacar que el proceso para la elaboraci\u00f3n del programa de Fortalecimiento Institucional se contin\u00faa desarrollando de forma paralela en las distintas regiones del pa\u00eds y posteriormente contempla la participaci\u00f3n de autoridades locales y nacionales.<\/p>\n<\/div><\/section><\/div><div  style='height:50px' class='hr hr-invisible   avia-builder-el-6  el_after_av_one_full  el_before_av_social_share '><span class='hr-inner ' ><span class='hr-inner-style'><\/span><\/span><\/div><\/p>\n<div  class='av-social-sharing-box  avia-builder-el-7  el_after_av_hr  el_before_av_hr  '><div class='av-share-box'><h5 class='av-share-link-description av-no-toc '>Compartir esta noticia<\/h5><ul class='av-share-box-list noLightbox'><li class='av-share-link av-social-link-facebook' ><a target=\"_blank\" aria-label=\"Compartir en Facebook\" href='https:\/\/www.facebook.com\/sharer.php?u=https:\/\/radiorevelacionfm.cl\/?p=30898&#038;t=INJUV%20Ays%C3%A9n%20realiza%20jornada%20de%20fortalecimiento%20institucional%20con%20j%C3%B3venes%20de%20la%20regi%C3%B3n' aria-hidden='false' data-av_icon='\ue8f3' data-av_iconfont='entypo-fontello' title='' data-avia-related-tooltip='Compartir en Facebook' rel=\"noopener\"><span class='avia_hidden_link_text'>Compartir en Facebook<\/span><\/a><\/li><li class='av-share-link av-social-link-twitter' ><a target=\"_blank\" aria-label=\"Compartir en Twitter\" href='https:\/\/twitter.com\/share?text=INJUV%20Ays%C3%A9n%20realiza%20jornada%20de%20fortalecimiento%20institucional%20con%20j%C3%B3venes%20de%20la%20regi%C3%B3n&#038;url=https:\/\/radiorevelacionfm.cl\/?p=30898' aria-hidden='false' data-av_icon='\ue8f1' data-av_iconfont='entypo-fontello' title='' data-avia-related-tooltip='Compartir en Twitter' rel=\"noopener\"><span class='avia_hidden_link_text'>Compartir en Twitter<\/span><\/a><\/li><li class='av-share-link av-social-link-whatsapp' ><a target=\"_blank\" aria-label=\"Compartir en Whatsapp\" href='https:\/\/api.whatsapp.com\/send?text=https:\/\/radiorevelacionfm.cl\/?p=30898' aria-hidden='false' data-av_icon='\uf232' data-av_iconfont='entypo-fontello' title='' data-avia-related-tooltip='Compartir en Whatsapp' rel=\"noopener\"><span class='avia_hidden_link_text'>Compartir en Whatsapp<\/span><\/a><\/li><li class='av-share-link av-social-link-linkedin' ><a target=\"_blank\" aria-label=\"Compartir en LinkedIn\" href='https:\/\/linkedin.com\/shareArticle?mini=true&#038;title=INJUV%20Ays%C3%A9n%20realiza%20jornada%20de%20fortalecimiento%20institucional%20con%20j%C3%B3venes%20de%20la%20regi%C3%B3n&#038;url=https:\/\/radiorevelacionfm.cl\/?p=30898' aria-hidden='false' data-av_icon='\ue8fc' data-av_iconfont='entypo-fontello' title='' data-avia-related-tooltip='Compartir en LinkedIn' rel=\"noopener\"><span class='avia_hidden_link_text'>Compartir en LinkedIn<\/span><\/a><\/li><li class='av-share-link av-social-link-mail' ><a  aria-label=\"Compartir por correo\" href='mailto:?subject=INJUV%20Ays%C3%A9n%20realiza%20jornada%20de%20fortalecimiento%20institucional%20con%20j%C3%B3venes%20de%20la%20regi%C3%B3n&#038;body=https:\/\/radiorevelacionfm.cl\/?p=30898' aria-hidden='false' data-av_icon='\ue805' data-av_iconfont='entypo-fontello' title='' data-avia-related-tooltip='Compartir por correo'><span class='avia_hidden_link_text'>Compartir por correo<\/span><\/a><\/li><\/ul><\/div><\/div>\n<div  style='height:50px' class='hr hr-invisible   avia-builder-el-8  el_after_av_social_share  el_before_av_comments_list '><span class='hr-inner ' ><span class='hr-inner-style'><\/span><\/span><\/div>\n<div  class='av-buildercomment  av-blog-meta-html-info-disabled av-blog-meta-tag-disabled  '><\/div>\n","protected":false},"excerpt":{"rendered":"","protected":false},"author":1,"featured_media":30899,"comment_status":"open","ping_status":"open","sticky":false,"template":"","format":"standard","meta":{"footnotes":""},"categories":[38],"tags":[],"class_list":["post-30898","post","type-post","status-publish","format-standard","has-post-thumbnail","hentry","category-regional"],"jetpack_featured_media_url":"https:\/\/radiorevelacionfm.cl\/wp-content\/uploads\/2023\/05\/foto-1-13-1_optimized.jpg","_links":{"self":[{"href":"https:\/\/radiorevelacionfm.cl\/index.php?rest_route=\/wp\/v2\/posts\/30898","targetHints":{"allow":["GET"]}}],"collection":[{"href":"https:\/\/radiorevelacionfm.cl\/index.php?rest_route=\/wp\/v2\/posts"}],"about":[{"href":"https:\/\/radiorevelacionfm.cl\/index.php?rest_route=\/wp\/v2\/types\/post"}],"author":[{"embeddable":true,"href":"https:\/\/radiorevelacionfm.cl\/index.php?rest_route=\/wp\/v2\/users\/1"}],"replies":[{"embeddable":true,"href":"https:\/\/radiorevelacionfm.cl\/index.php?rest_route=%2Fwp%2Fv2%2Fcomments&post=30898"}],"version-history":[{"count":1,"href":"https:\/\/radiorevelacionfm.cl\/index.php?rest_route=\/wp\/v2\/posts\/30898\/revisions"}],"predecessor-version":[{"id":30900,"href":"https:\/\/radiorevelacionfm.cl\/index.php?rest_route=\/wp\/v2\/posts\/30898\/revisions\/30900"}],"wp:featuredmedia":[{"embeddable":true,"href":"https:\/\/radiorevelacionfm.cl\/index.php?rest_route=\/wp\/v2\/media\/30899"}],"wp:attachment":[{"href":"https:\/\/radiorevelacionfm.cl\/index.php?rest_route=%2Fwp%2Fv2%2Fmedia&parent=30898"}],"wp:term":[{"taxonomy":"category","embeddable":true,"href":"https:\/\/radiorevelacionfm.cl\/index.php?rest_route=%2Fwp%2Fv2%2Fcategories&post=30898"},{"taxonomy":"post_tag","embeddable":true,"href":"https:\/\/radiorevelacionfm.cl\/index.php?rest_route=%2Fwp%2Fv2%2Ftags&post=30898"}],"curies":[{"name":"wp","href":"https:\/\/api.w.org\/{rel}","templated":true}]}}