{"id":30895,"date":"2023-05-11T12:33:44","date_gmt":"2023-05-11T15:33:44","guid":{"rendered":"https:\/\/radiorevelacionfm.cl\/?p=30895"},"modified":"2023-05-11T12:33:44","modified_gmt":"2023-05-11T15:33:44","slug":"constituyen-agrupacion-prais-arnoldo-gonzalez-vargas-en-puerto-aysen","status":"publish","type":"post","link":"https:\/\/radiorevelacionfm.cl\/?p=30895","title":{"rendered":"Constituyen Agrupaci\u00f3n PRAIS Arnoldo Gonz\u00e1lez Vargas en Puerto Ays\u00e9n"},"content":{"rendered":"<div class=\"flex_column av_one_full  flex_column_div av-zero-column-padding first  avia-builder-el-0  el_before_av_one_full  avia-builder-el-first  \" style='border-radius:0px; '><div  class='avia-image-container  av-styling-    avia-builder-el-1  avia-builder-el-no-sibling  avia-align-center '  itemprop=\"image\" itemscope=\"itemscope\" itemtype=\"https:\/\/schema.org\/ImageObject\"  ><div class='avia-image-container-inner'><div class='avia-image-overlay-wrap'><img decoding=\"async\" class='wp-image-30896 avia-img-lazy-loading-not-30896 avia_image' src=\"https:\/\/radiorevelacionfm.cl\/wp-content\/uploads\/2023\/05\/img-prais-cesfam3-1_optimized.jpeg\" alt='' title='img-prais-cesfam3-(1)_optimized' height=\"600\" width=\"1109\"  itemprop=\"thumbnailUrl\" srcset=\"https:\/\/radiorevelacionfm.cl\/wp-content\/uploads\/2023\/05\/img-prais-cesfam3-1_optimized.jpeg 1109w, https:\/\/radiorevelacionfm.cl\/wp-content\/uploads\/2023\/05\/img-prais-cesfam3-1_optimized-300x162.jpeg 300w, https:\/\/radiorevelacionfm.cl\/wp-content\/uploads\/2023\/05\/img-prais-cesfam3-1_optimized-1030x557.jpeg 1030w, https:\/\/radiorevelacionfm.cl\/wp-content\/uploads\/2023\/05\/img-prais-cesfam3-1_optimized-768x416.jpeg 768w, https:\/\/radiorevelacionfm.cl\/wp-content\/uploads\/2023\/05\/img-prais-cesfam3-1_optimized-705x381.jpeg 705w, https:\/\/radiorevelacionfm.cl\/wp-content\/uploads\/2023\/05\/img-prais-cesfam3-1_optimized-450x243.jpeg 450w, https:\/\/radiorevelacionfm.cl\/wp-content\/uploads\/2023\/05\/img-prais-cesfam3-1_optimized-600x325.jpeg 600w\" sizes=\"(max-width: 1109px) 100vw, 1109px\" \/><\/div><\/div><\/div><\/div><div class=\"flex_column av_one_full  flex_column_div av-zero-column-padding first  avia-builder-el-2  el_after_av_one_full  el_before_av_one_full  column-top-margin\" style='border-radius:0px; '><section class=\"av_textblock_section \"  itemscope=\"itemscope\" itemtype=\"https:\/\/schema.org\/BlogPosting\" itemprop=\"blogPost\" ><div class='avia_textblock  '   itemprop=\"text\" ><p style=\"text-align: center;\"><strong><span style=\"font-size: 18pt;\">Constituyen Agrupaci\u00f3n PRAIS Arnoldo Gonz\u00e1lez Vargas en Puerto Ays\u00e9n<\/span><\/strong><\/p>\n<div id=\"gtx-trans\" style=\"position: absolute; left: -50px; top: 4.31534px;\">\n<div class=\"gtx-trans-icon\"><\/div>\n<\/div>\n<\/div><\/section><\/div><div class=\"flex_column av_one_full  flex_column_div av-zero-column-padding first  avia-builder-el-4  el_after_av_one_full  el_before_av_hr  column-top-margin\" style='border-radius:0px; '><section class=\"av_textblock_section \"  itemscope=\"itemscope\" itemtype=\"https:\/\/schema.org\/BlogPosting\" itemprop=\"blogPost\" ><div class='avia_textblock  '   itemprop=\"text\" ><p style=\"text-align: justify;\">Con mucha alegr\u00eda y desde la Sala de Uso M\u00faltiple del Barrio Ribera Sur Costanera, un grupo de vecinos y vecinas de Puerto Ays\u00e9n se unieron para constituir legalmente una nueva agrupaci\u00f3n que permitir\u00e1 trabajar en los derechos de Salud contenidos para la reparaci\u00f3n integral de las v\u00edctimas de la dictadura c\u00edvico \u2013 militar acaecida entre 1973 y 1990 (PRAIS). Esta organizaci\u00f3n fue bautizada con el nombre de un reconocido aysenino defensor de los Derechos Humanos. La materializaci\u00f3n de este hito se remonta a un reclamo efectuado en marzo ante el CESFAM porte\u00f1o por el retraso en una atenci\u00f3n de salud oral.<\/p>\n<p style=\"text-align: justify;\">La nueva agrupaci\u00f3n fue denominada \u201cArnoldo Gonz\u00e1lez Vargas \u201cYoto\u2019\u201d en honor a quien fuera una persona clave para la elaboraci\u00f3n de los informes Valech y Retting desde la Patagonia \u2013 Ays\u00e9n. Dos de sus hijos se integraron a la agrupaci\u00f3n y expresaron sus palabras de agradecimiento y gratitud en la constituci\u00f3n legal ante la encargada de Organizaciones Comunitarias del Municipio de Ays\u00e9n.<\/p>\n<p style=\"text-align: justify;\">Al respecto, la directora del CESFAM de Puerto Ays\u00e9n, Dra. Milenka Adofacci Zamora, destac\u00f3 que \u201ca m\u00ed me enorgullece gratamente que a trav\u00e9s de los reclamos de OIRS hayamos trabajado sobre una materia que era muy sentida en una poblaci\u00f3n y que no es menor en nuestra comuna, que es la poblaci\u00f3n PRAIS. Por eso que la intenci\u00f3n de la comunidad de organizarse, encontrarse tambi\u00e9n en un a\u00f1o que es conmemorativo, es tremendamente significativo. Me enorgullece mucho poder decir con propiedad que somos el primer CESFAM que puede reconocer y ejercer el derecho efectivo de que la comunidad PRAIS sea un grupo preferente y prioritario en donde realmente exista una reparaci\u00f3n efectiva desde los dispositivos del Estado hacia esta comunidad\u201d, enfatiz\u00f3.<\/p>\n<p style=\"text-align: justify;\">Por su parte, la presidenta de la nueva agrupaci\u00f3n, Mar\u00eda Luisa Figueroa, relat\u00f3 la experiencia usuaria que la llev\u00f3 a estampar el reclamo en la Oficina de Informaciones, Reclamos y Sugerencias (OIRS) y unir voluntades a trav\u00e9s de convocatorias masivas, para finalmente generar una agrupaci\u00f3n que permita visualizar la problem\u00e1tica actual que posee la comunidad registrada en el PRAIS. \u201cNosotros no necesitamos que vengan dos personas una vez al mes. Nosotros tenemos el derecho, como tienen todos, de tener una casa PRAIS o de estar funcionando en un lugar en el hospital\u201d, sentenci\u00f3 la dirigente.<\/p>\n<p style=\"text-align: justify;\">Finalmente, Tamara Gonz\u00e1lez, quien es hija de \u201cYoto\u201d Gonz\u00e1lez, explic\u00f3 que para ellos como familia al conocer que la agrupaci\u00f3n buscaba honrar a su padre con el nombre fue \u201cun orgullo\u201d. \u201cEs la representaci\u00f3n propia de \u00e9l, desde el primer momento \u00e9l siempre estuvo trabajando por los derechos humanos, por la Comisi\u00f3n Valech, exonerados pol\u00edticos, siempre por la comunidad de Ays\u00e9n. Entonces, para nosotros fue un orgullo, m\u00e1s que pedir una autorizaci\u00f3n, nosotros est\u00e1bamos muy agradecidos\u201d, puntualiz\u00f3 la integrante de la nueva agrupaci\u00f3n aysenina.<\/p>\n<\/div><\/section><\/div><div  style='height:50px' class='hr hr-invisible   avia-builder-el-6  el_after_av_one_full  el_before_av_social_share '><span class='hr-inner ' ><span class='hr-inner-style'><\/span><\/span><\/div><\/p>\n<div  class='av-social-sharing-box  avia-builder-el-7  el_after_av_hr  el_before_av_hr  '><div class='av-share-box'><h5 class='av-share-link-description av-no-toc '>Compartir esta noticia<\/h5><ul class='av-share-box-list noLightbox'><li class='av-share-link av-social-link-facebook' ><a target=\"_blank\" aria-label=\"Compartir en Facebook\" href='https:\/\/www.facebook.com\/sharer.php?u=https:\/\/radiorevelacionfm.cl\/?p=30895&#038;t=Constituyen%20Agrupaci%C3%B3n%20PRAIS%20Arnoldo%20Gonz%C3%A1lez%20Vargas%20en%20Puerto%20Ays%C3%A9n' aria-hidden='false' data-av_icon='\ue8f3' data-av_iconfont='entypo-fontello' title='' data-avia-related-tooltip='Compartir en Facebook' rel=\"noopener\"><span class='avia_hidden_link_text'>Compartir en Facebook<\/span><\/a><\/li><li class='av-share-link av-social-link-twitter' ><a target=\"_blank\" aria-label=\"Compartir en Twitter\" href='https:\/\/twitter.com\/share?text=Constituyen%20Agrupaci%C3%B3n%20PRAIS%20Arnoldo%20Gonz%C3%A1lez%20Vargas%20en%20Puerto%20Ays%C3%A9n&#038;url=https:\/\/radiorevelacionfm.cl\/?p=30895' aria-hidden='false' data-av_icon='\ue8f1' data-av_iconfont='entypo-fontello' title='' data-avia-related-tooltip='Compartir en Twitter' rel=\"noopener\"><span class='avia_hidden_link_text'>Compartir en Twitter<\/span><\/a><\/li><li class='av-share-link av-social-link-whatsapp' ><a target=\"_blank\" aria-label=\"Compartir en Whatsapp\" href='https:\/\/api.whatsapp.com\/send?text=https:\/\/radiorevelacionfm.cl\/?p=30895' aria-hidden='false' data-av_icon='\uf232' data-av_iconfont='entypo-fontello' title='' data-avia-related-tooltip='Compartir en Whatsapp' rel=\"noopener\"><span class='avia_hidden_link_text'>Compartir en Whatsapp<\/span><\/a><\/li><li class='av-share-link av-social-link-linkedin' ><a target=\"_blank\" aria-label=\"Compartir en LinkedIn\" href='https:\/\/linkedin.com\/shareArticle?mini=true&#038;title=Constituyen%20Agrupaci%C3%B3n%20PRAIS%20Arnoldo%20Gonz%C3%A1lez%20Vargas%20en%20Puerto%20Ays%C3%A9n&#038;url=https:\/\/radiorevelacionfm.cl\/?p=30895' aria-hidden='false' data-av_icon='\ue8fc' data-av_iconfont='entypo-fontello' title='' data-avia-related-tooltip='Compartir en LinkedIn' rel=\"noopener\"><span class='avia_hidden_link_text'>Compartir en LinkedIn<\/span><\/a><\/li><li class='av-share-link av-social-link-mail' ><a  aria-label=\"Compartir por correo\" href='mailto:?subject=Constituyen%20Agrupaci%C3%B3n%20PRAIS%20Arnoldo%20Gonz%C3%A1lez%20Vargas%20en%20Puerto%20Ays%C3%A9n&#038;body=https:\/\/radiorevelacionfm.cl\/?p=30895' aria-hidden='false' data-av_icon='\ue805' data-av_iconfont='entypo-fontello' title='' data-avia-related-tooltip='Compartir por correo'><span class='avia_hidden_link_text'>Compartir por correo<\/span><\/a><\/li><\/ul><\/div><\/div>\n<div  style='height:50px' class='hr hr-invisible   avia-builder-el-8  el_after_av_social_share  el_before_av_comments_list '><span class='hr-inner ' ><span class='hr-inner-style'><\/span><\/span><\/div>\n<div  class='av-buildercomment  av-blog-meta-html-info-disabled av-blog-meta-tag-disabled  '><\/div>\n","protected":false},"excerpt":{"rendered":"","protected":false},"author":1,"featured_media":30896,"comment_status":"open","ping_status":"open","sticky":false,"template":"","format":"standard","meta":{"footnotes":""},"categories":[38],"tags":[],"class_list":["post-30895","post","type-post","status-publish","format-standard","has-post-thumbnail","hentry","category-regional"],"jetpack_featured_media_url":"https:\/\/radiorevelacionfm.cl\/wp-content\/uploads\/2023\/05\/img-prais-cesfam3-1_optimized.jpeg","_links":{"self":[{"href":"https:\/\/radiorevelacionfm.cl\/index.php?rest_route=\/wp\/v2\/posts\/30895","targetHints":{"allow":["GET"]}}],"collection":[{"href":"https:\/\/radiorevelacionfm.cl\/index.php?rest_route=\/wp\/v2\/posts"}],"about":[{"href":"https:\/\/radiorevelacionfm.cl\/index.php?rest_route=\/wp\/v2\/types\/post"}],"author":[{"embeddable":true,"href":"https:\/\/radiorevelacionfm.cl\/index.php?rest_route=\/wp\/v2\/users\/1"}],"replies":[{"embeddable":true,"href":"https:\/\/radiorevelacionfm.cl\/index.php?rest_route=%2Fwp%2Fv2%2Fcomments&post=30895"}],"version-history":[{"count":1,"href":"https:\/\/radiorevelacionfm.cl\/index.php?rest_route=\/wp\/v2\/posts\/30895\/revisions"}],"predecessor-version":[{"id":30897,"href":"https:\/\/radiorevelacionfm.cl\/index.php?rest_route=\/wp\/v2\/posts\/30895\/revisions\/30897"}],"wp:featuredmedia":[{"embeddable":true,"href":"https:\/\/radiorevelacionfm.cl\/index.php?rest_route=\/wp\/v2\/media\/30896"}],"wp:attachment":[{"href":"https:\/\/radiorevelacionfm.cl\/index.php?rest_route=%2Fwp%2Fv2%2Fmedia&parent=30895"}],"wp:term":[{"taxonomy":"category","embeddable":true,"href":"https:\/\/radiorevelacionfm.cl\/index.php?rest_route=%2Fwp%2Fv2%2Fcategories&post=30895"},{"taxonomy":"post_tag","embeddable":true,"href":"https:\/\/radiorevelacionfm.cl\/index.php?rest_route=%2Fwp%2Fv2%2Ftags&post=30895"}],"curies":[{"name":"wp","href":"https:\/\/api.w.org\/{rel}","templated":true}]}}