{"id":30892,"date":"2023-05-11T11:58:20","date_gmt":"2023-05-11T14:58:20","guid":{"rendered":"https:\/\/radiorevelacionfm.cl\/?p=30892"},"modified":"2023-05-11T11:58:20","modified_gmt":"2023-05-11T14:58:20","slug":"en-la-junta-asociacion-gremial-de-mujeres-campesinas-consolida-apuesta-organizacional-para-proyectar-productividad","status":"publish","type":"post","link":"https:\/\/radiorevelacionfm.cl\/?p=30892","title":{"rendered":"En La Junta Asociaci\u00f3n Gremial de Mujeres Campesinas consolida apuesta organizacional para proyectar productividad"},"content":{"rendered":"<div class=\"flex_column av_one_full  flex_column_div av-zero-column-padding first  avia-builder-el-0  el_before_av_one_full  avia-builder-el-first  \" style='border-radius:0px; '><div  class='avia-image-container  av-styling-    avia-builder-el-1  avia-builder-el-no-sibling  avia-align-center '  itemprop=\"image\" itemscope=\"itemscope\" itemtype=\"https:\/\/schema.org\/ImageObject\"  ><div class='avia-image-container-inner'><div class='avia-image-overlay-wrap'><img decoding=\"async\" class='wp-image-30893 avia-img-lazy-loading-not-30893 avia_image' src=\"https:\/\/radiorevelacionfm.cl\/wp-content\/uploads\/2023\/05\/z9a0099-1_optimized-1.jpg\" alt='' title='_z9a0099-(1)_optimized (1)' height=\"600\" width=\"966\"  itemprop=\"thumbnailUrl\" srcset=\"https:\/\/radiorevelacionfm.cl\/wp-content\/uploads\/2023\/05\/z9a0099-1_optimized-1.jpg 966w, https:\/\/radiorevelacionfm.cl\/wp-content\/uploads\/2023\/05\/z9a0099-1_optimized-1-300x186.jpg 300w, https:\/\/radiorevelacionfm.cl\/wp-content\/uploads\/2023\/05\/z9a0099-1_optimized-1-768x477.jpg 768w, https:\/\/radiorevelacionfm.cl\/wp-content\/uploads\/2023\/05\/z9a0099-1_optimized-1-705x438.jpg 705w, https:\/\/radiorevelacionfm.cl\/wp-content\/uploads\/2023\/05\/z9a0099-1_optimized-1-450x280.jpg 450w, https:\/\/radiorevelacionfm.cl\/wp-content\/uploads\/2023\/05\/z9a0099-1_optimized-1-600x373.jpg 600w\" sizes=\"(max-width: 966px) 100vw, 966px\" \/><\/div><\/div><\/div><\/div><div class=\"flex_column av_one_full  flex_column_div av-zero-column-padding first  avia-builder-el-2  el_after_av_one_full  el_before_av_one_full  column-top-margin\" style='border-radius:0px; '><section class=\"av_textblock_section \"  itemscope=\"itemscope\" itemtype=\"https:\/\/schema.org\/BlogPosting\" itemprop=\"blogPost\" ><div class='avia_textblock  '   itemprop=\"text\" ><p style=\"text-align: center;\"><strong><span style=\"font-size: 18pt;\">En La Junta Asociaci\u00f3n Gremial de Mujeres Campesinas consolida apuesta organizacional para proyectar productividad <\/span><\/strong><\/p>\n<div id=\"gtx-trans\" style=\"position: absolute; left: -50px; top: 4.31534px;\">\n<div class=\"gtx-trans-icon\"><\/div>\n<\/div>\n<\/div><\/section><\/div><div class=\"flex_column av_one_full  flex_column_div av-zero-column-padding first  avia-builder-el-4  el_after_av_one_full  el_before_av_hr  column-top-margin\" style='border-radius:0px; '><section class=\"av_textblock_section \"  itemscope=\"itemscope\" itemtype=\"https:\/\/schema.org\/BlogPosting\" itemprop=\"blogPost\" ><div class='avia_textblock  '   itemprop=\"text\" ><p class=\"v1MsoNormal\" style=\"text-align: justify;\"><span class=\"v1ContentPasted0\" lang=\"ES\">Con la firma ante el Notario de Puerto Cisnes este mi\u00e9rcoles se dio vida a la Asociaci\u00f3n Gremial de Mujeres Campesinas de La Junta. Organizaci\u00f3n que re\u00fane a productoras ap\u00edcolas, ganaderas, hort\u00edcolas y forestales (entre otros rubros) del sector norte de la regi\u00f3n.\u00a0\u00a0<\/span><\/p>\n<p class=\"v1MsoNormal\" style=\"text-align: justify;\"><span class=\"v1ContentPasted0\" lang=\"ES\">Hito de conformaci\u00f3n cont\u00f3 con la presencia del Seremi de Agricultura, jefa de \u00c1rea de INDAP y representantes de la Municipalidad de Cisnes.\u00a0<\/span><\/p>\n<p class=\"v1MsoNormal\" style=\"text-align: justify;\"><span class=\"v1ContentPasted0\">En el proceso de constituci\u00f3n se reunieron 28 mujeres campesinas quienes, en asamblea, donde adem\u00e1s de aprobar\u00a0los estatutos, procedieron a\u00a0elegir la directiva; integrada por Loreto Catrilef como presidenta; Estela Rosas Delgado como vicepresidenta,\u00a0<\/span><span class=\"v1ContentPasted0\" lang=\"ES\">Iris Diocare Gallardo como secretaria y Sandra C\u00e1rdenas Rogel, como tesorera y Mar\u00eda Rosas Vilches como directora <\/span><span class=\"v1ContentPasted0\" lang=\"ES\">Loreto Catrilef Espejo, presidenta de la naciente organizaci\u00f3n, resalt\u00f3 la importancia de concretar esta asociaci\u00f3n como forma de proyectar la agricultura familiar campesina.\u00a0<\/span><\/p>\n<p class=\"v1MsoNormal\" style=\"text-align: justify;\"><span class=\"v1ContentPasted0\" lang=\"ES\">\u00abSe estableci\u00f3 eso ac\u00e1 que hoy en d\u00eda existen distintos rubros; el ap\u00edcola, hort\u00edcola el tema forestal al que me dedico. As\u00ed que ese es como la idea de conformar esto y que nos ocupemos y nos fortalezcamos tambi\u00e9n, cada una con esta conformaci\u00f3n\u00bb, indic\u00f3.\u00a0<\/span><\/p>\n<p class=\"v1MsoNormal\" style=\"text-align: justify;\"><span class=\"v1ContentPasted0\" lang=\"ES\">Por su parte, el secretario regional ministerial de agricultura destac\u00f3 el trabajo conjunto con la Municipalidad de Cisnes para impulsar la conformaci\u00f3n de la organizaci\u00f3n campesina y as\u00ed generar un trabajo con las productoras.\u00a0<\/span><\/p>\n<p class=\"v1MsoNormal\" style=\"text-align: justify;\"><span class=\"v1ContentPasted0\" lang=\"ES\">\u00abAs\u00ed que hoy d\u00eda es un hecho relevante y queremos destacar la conformaci\u00f3n de la Asociaci\u00f3n Gremial de Mujeres de La Junta que va a estar trabajando durante mucho tiempo, esperamos que muchos a\u00f1os, en seguir mejorando nuestra productividad, seguir fortaleciendo nuestro distinto rubro agr\u00edcolas, pero tambi\u00e9n trabajando en algo tan importante como la seguridad y seguridad alimentaria. As\u00ed que en conjunto con esta nueva asociaci\u00f3n que se est\u00e1 formando queremos seguir trabajando para una mejor agricultura para nuestra regi\u00f3n\u00bb, resalt\u00f3 Alan Espinoza Ortiz.\u00a0<\/span><\/p>\n<p class=\"v1MsoNormal\" style=\"text-align: justify;\"><span class=\"v1ContentPasted0\" lang=\"ES\">En este mismo sentido el alcalde de la comuna, Francisco Roncagliolo Lepio, destac\u00f3 la importancia de la organizaci\u00f3n para el desarrollo comunal.\u00a0<\/span><\/p>\n<p class=\"v1MsoNormal\" style=\"text-align: justify;\"><span class=\"v1ContentPasted0\" lang=\"ES\">\u00abA trav\u00e9s del apoyo de la Constituci\u00f3n de esta Asociaci\u00f3n Gremial de Mujeres Campesinas, reafirmamos nuestro compromiso con nuestra gente de campo. Hoy d\u00eda apoyamos con la log\u00edstica para el notario, tambi\u00e9n con las gestiones necesarias para la conformaci\u00f3n en conjunto con la Seremi de Agricultura de la regi\u00f3n. Reafirmamos nuestro compromiso de apoyarlas, de acompa\u00f1arlas y que obviamente podamos lograr en conjunto lo mejor para sus familias, pero tambi\u00e9n para el desarrollo de nuestra comuna de Cisnes\u00bb, expres\u00f3.\u00a0<\/span><\/p>\n<p class=\"v1MsoNormal\" style=\"text-align: justify;\"><span class=\"v1ContentPasted0\" lang=\"ES\">A su vez, la tesorera de la organizaci\u00f3n resalt\u00f3 la importancia de la organizaci\u00f3n para impulsar la actividad productiva en el territorio.\u00a0<\/span><\/p>\n<p class=\"v1MsoNormal\" style=\"text-align: justify;\"><span class=\"v1ContentPasted0\" lang=\"ES\">\u00abUna vez que estemos constituida y a empezar a trabajar con el INDAP, con el Seremi de agricultura, con los que nos compete que es el agro.<span class=\"v1ContentPasted0\">\u00a0\u00a0<\/span>Y la idea es poder avanzar en temas de proyectos que est\u00e1n un poquito al debe. Todas tenemos un peque\u00f1o emprendimiento, pero todas queremos crecer. Esa es la idea\u00bb, expres\u00f3 Sandra C\u00e1rdenas nueva tesorera de la entidad.\u00a0\u00a0<\/span><\/p>\n<p class=\"v1MsoNormal\" style=\"text-align: justify;\"><span class=\"v1ContentPasted0\" lang=\"ES\">Las asociaciones gremiales son organizaciones que re\u00fanen personas naturales, jur\u00eddicas, o ambas, con el objeto de promover la racionalizaci\u00f3n, desarrollo y protecci\u00f3n de las actividades. Se trata de una agrupaci\u00f3n de car\u00e1cter sectorial, cuyo fin es la protecci\u00f3n y desarrollo de una determinada actividad o sector econ\u00f3mico.\u00a0<\/span><\/p>\n<p class=\"v1MsoNormal\" style=\"text-align: justify;\"><span class=\"v1ContentPasted0\" lang=\"ES\">En Ays\u00e9n existen registradas 101 Asociaciones gremiales en el Ministerio de Econom\u00eda, Fomento y Turismo, siendo el principal rubro el agr\u00edcola con 27 organizaciones, seguido del sector turismo con (18) y del comercio con 17 entidades.\u00a0<\/span><\/p>\n<\/div><\/section><\/div><div  style='height:50px' class='hr hr-invisible   avia-builder-el-6  el_after_av_one_full  el_before_av_social_share '><span class='hr-inner ' ><span class='hr-inner-style'><\/span><\/span><\/div><\/p>\n<div  class='av-social-sharing-box  avia-builder-el-7  el_after_av_hr  el_before_av_hr  '><div class='av-share-box'><h5 class='av-share-link-description av-no-toc '>Compartir esta noticia<\/h5><ul class='av-share-box-list noLightbox'><li class='av-share-link av-social-link-facebook' ><a target=\"_blank\" aria-label=\"Compartir en Facebook\" href='https:\/\/www.facebook.com\/sharer.php?u=https:\/\/radiorevelacionfm.cl\/?p=30892&#038;t=En%20La%20Junta%20Asociaci%C3%B3n%20Gremial%20de%20Mujeres%20Campesinas%20consolida%20apuesta%20organizacional%20para%20proyectar%20productividad' aria-hidden='false' data-av_icon='\ue8f3' data-av_iconfont='entypo-fontello' title='' data-avia-related-tooltip='Compartir en Facebook' rel=\"noopener\"><span class='avia_hidden_link_text'>Compartir en Facebook<\/span><\/a><\/li><li class='av-share-link av-social-link-twitter' ><a target=\"_blank\" aria-label=\"Compartir en Twitter\" href='https:\/\/twitter.com\/share?text=En%20La%20Junta%20Asociaci%C3%B3n%20Gremial%20de%20Mujeres%20Campesinas%20consolida%20apuesta%20organizacional%20para%20proyectar%20productividad&#038;url=https:\/\/radiorevelacionfm.cl\/?p=30892' aria-hidden='false' data-av_icon='\ue8f1' data-av_iconfont='entypo-fontello' title='' data-avia-related-tooltip='Compartir en Twitter' rel=\"noopener\"><span class='avia_hidden_link_text'>Compartir en Twitter<\/span><\/a><\/li><li class='av-share-link av-social-link-whatsapp' ><a target=\"_blank\" aria-label=\"Compartir en Whatsapp\" href='https:\/\/api.whatsapp.com\/send?text=https:\/\/radiorevelacionfm.cl\/?p=30892' aria-hidden='false' data-av_icon='\uf232' data-av_iconfont='entypo-fontello' title='' data-avia-related-tooltip='Compartir en Whatsapp' rel=\"noopener\"><span class='avia_hidden_link_text'>Compartir en Whatsapp<\/span><\/a><\/li><li class='av-share-link av-social-link-linkedin' ><a target=\"_blank\" aria-label=\"Compartir en LinkedIn\" href='https:\/\/linkedin.com\/shareArticle?mini=true&#038;title=En%20La%20Junta%20Asociaci%C3%B3n%20Gremial%20de%20Mujeres%20Campesinas%20consolida%20apuesta%20organizacional%20para%20proyectar%20productividad&#038;url=https:\/\/radiorevelacionfm.cl\/?p=30892' aria-hidden='false' data-av_icon='\ue8fc' data-av_iconfont='entypo-fontello' title='' data-avia-related-tooltip='Compartir en LinkedIn' rel=\"noopener\"><span class='avia_hidden_link_text'>Compartir en LinkedIn<\/span><\/a><\/li><li class='av-share-link av-social-link-mail' ><a  aria-label=\"Compartir por correo\" href='mailto:?subject=En%20La%20Junta%20Asociaci%C3%B3n%20Gremial%20de%20Mujeres%20Campesinas%20consolida%20apuesta%20organizacional%20para%20proyectar%20productividad&#038;body=https:\/\/radiorevelacionfm.cl\/?p=30892' aria-hidden='false' data-av_icon='\ue805' data-av_iconfont='entypo-fontello' title='' data-avia-related-tooltip='Compartir por correo'><span class='avia_hidden_link_text'>Compartir por correo<\/span><\/a><\/li><\/ul><\/div><\/div>\n<div  style='height:50px' class='hr hr-invisible   avia-builder-el-8  el_after_av_social_share  el_before_av_comments_list '><span class='hr-inner ' ><span class='hr-inner-style'><\/span><\/span><\/div>\n<div  class='av-buildercomment  av-blog-meta-html-info-disabled av-blog-meta-tag-disabled  '><\/div>\n","protected":false},"excerpt":{"rendered":"","protected":false},"author":1,"featured_media":30893,"comment_status":"open","ping_status":"open","sticky":false,"template":"","format":"standard","meta":{"footnotes":""},"categories":[58],"tags":[],"class_list":["post-30892","post","type-post","status-publish","format-standard","has-post-thumbnail","hentry","category-agricultura"],"jetpack_featured_media_url":"https:\/\/radiorevelacionfm.cl\/wp-content\/uploads\/2023\/05\/z9a0099-1_optimized-1.jpg","_links":{"self":[{"href":"https:\/\/radiorevelacionfm.cl\/index.php?rest_route=\/wp\/v2\/posts\/30892","targetHints":{"allow":["GET"]}}],"collection":[{"href":"https:\/\/radiorevelacionfm.cl\/index.php?rest_route=\/wp\/v2\/posts"}],"about":[{"href":"https:\/\/radiorevelacionfm.cl\/index.php?rest_route=\/wp\/v2\/types\/post"}],"author":[{"embeddable":true,"href":"https:\/\/radiorevelacionfm.cl\/index.php?rest_route=\/wp\/v2\/users\/1"}],"replies":[{"embeddable":true,"href":"https:\/\/radiorevelacionfm.cl\/index.php?rest_route=%2Fwp%2Fv2%2Fcomments&post=30892"}],"version-history":[{"count":1,"href":"https:\/\/radiorevelacionfm.cl\/index.php?rest_route=\/wp\/v2\/posts\/30892\/revisions"}],"predecessor-version":[{"id":30894,"href":"https:\/\/radiorevelacionfm.cl\/index.php?rest_route=\/wp\/v2\/posts\/30892\/revisions\/30894"}],"wp:featuredmedia":[{"embeddable":true,"href":"https:\/\/radiorevelacionfm.cl\/index.php?rest_route=\/wp\/v2\/media\/30893"}],"wp:attachment":[{"href":"https:\/\/radiorevelacionfm.cl\/index.php?rest_route=%2Fwp%2Fv2%2Fmedia&parent=30892"}],"wp:term":[{"taxonomy":"category","embeddable":true,"href":"https:\/\/radiorevelacionfm.cl\/index.php?rest_route=%2Fwp%2Fv2%2Fcategories&post=30892"},{"taxonomy":"post_tag","embeddable":true,"href":"https:\/\/radiorevelacionfm.cl\/index.php?rest_route=%2Fwp%2Fv2%2Ftags&post=30892"}],"curies":[{"name":"wp","href":"https:\/\/api.w.org\/{rel}","templated":true}]}}