{"id":30880,"date":"2023-05-11T10:31:58","date_gmt":"2023-05-11T13:31:58","guid":{"rendered":"https:\/\/radiorevelacionfm.cl\/?p=30880"},"modified":"2023-05-11T10:31:58","modified_gmt":"2023-05-11T13:31:58","slug":"comunidad-de-puerto-aysen-contara-con-el-primer-jardin-infantil-intercultural-de-la-region","status":"publish","type":"post","link":"https:\/\/radiorevelacionfm.cl\/?p=30880","title":{"rendered":"Comunidad de Puerto Ays\u00e9n contar\u00e1 con el primer jard\u00edn infantil intercultural de la regi\u00f3n"},"content":{"rendered":"<div class=\"flex_column av_one_full  flex_column_div av-zero-column-padding first  avia-builder-el-0  el_before_av_one_full  avia-builder-el-first  \" style='border-radius:0px; '><div  class='avia-image-container  av-styling-    avia-builder-el-1  avia-builder-el-no-sibling  avia-align-center '  itemprop=\"image\" itemscope=\"itemscope\" itemtype=\"https:\/\/schema.org\/ImageObject\"  ><div class='avia-image-container-inner'><div class='avia-image-overlay-wrap'><img decoding=\"async\" class='wp-image-30881 avia-img-lazy-loading-not-30881 avia_image' src=\"https:\/\/radiorevelacionfm.cl\/wp-content\/uploads\/2023\/05\/jardin-infantil-1-1.jpeg\" alt='' title='jardin infantil (1) (1)' height=\"600\" width=\"901\"  itemprop=\"thumbnailUrl\" srcset=\"https:\/\/radiorevelacionfm.cl\/wp-content\/uploads\/2023\/05\/jardin-infantil-1-1.jpeg 901w, https:\/\/radiorevelacionfm.cl\/wp-content\/uploads\/2023\/05\/jardin-infantil-1-1-300x200.jpeg 300w, https:\/\/radiorevelacionfm.cl\/wp-content\/uploads\/2023\/05\/jardin-infantil-1-1-768x511.jpeg 768w, https:\/\/radiorevelacionfm.cl\/wp-content\/uploads\/2023\/05\/jardin-infantil-1-1-705x469.jpeg 705w, https:\/\/radiorevelacionfm.cl\/wp-content\/uploads\/2023\/05\/jardin-infantil-1-1-450x300.jpeg 450w, https:\/\/radiorevelacionfm.cl\/wp-content\/uploads\/2023\/05\/jardin-infantil-1-1-600x400.jpeg 600w\" sizes=\"(max-width: 901px) 100vw, 901px\" \/><\/div><\/div><\/div><\/div><div class=\"flex_column av_one_full  flex_column_div av-zero-column-padding first  avia-builder-el-2  el_after_av_one_full  el_before_av_one_full  column-top-margin\" style='border-radius:0px; '><section class=\"av_textblock_section \"  itemscope=\"itemscope\" itemtype=\"https:\/\/schema.org\/BlogPosting\" itemprop=\"blogPost\" ><div class='avia_textblock  '   itemprop=\"text\" ><p style=\"text-align: center;\"><strong><span style=\"font-size: 18pt;\">Comunidad de Puerto Ays\u00e9n contar\u00e1 con el primer jard\u00edn infantil intercultural de la regi\u00f3n<\/span><\/strong><\/p>\n<div id=\"gtx-trans\" style=\"position: absolute; left: -50px; top: 4.31534px;\">\n<div class=\"gtx-trans-icon\"><\/div>\n<\/div>\n<\/div><\/section><\/div><div class=\"flex_column av_one_full  flex_column_div av-zero-column-padding first  avia-builder-el-4  el_after_av_one_full  el_before_av_hr  column-top-margin\" style='border-radius:0px; '><section class=\"av_textblock_section \"  itemscope=\"itemscope\" itemtype=\"https:\/\/schema.org\/BlogPosting\" itemprop=\"blogPost\" ><div class='avia_textblock  '   itemprop=\"text\" ><p style=\"text-align: justify;\">Fundaci\u00f3n Integra, la Secretar\u00eda de Planificaci\u00f3n Comunal y la Oficina de Asuntos Ind\u00edgenas de la Ilustre Municipalidad de Ays\u00e9n, avanzaron en las gestiones para concretar el primer jard\u00edn infantil intercultural de la regi\u00f3n en una reuni\u00f3n efectuada en las inmediaciones del edificio consistorial del municipio y que cont\u00f3 con la presencia del alcalde de la comuna de Ays\u00e9n, Julio Uribe Alvarado, y la presidenta del Comit\u00e9 Amuyen, Paulina Mansilla.<\/p>\n<p style=\"text-align: justify;\">El proyecto del primer jard\u00edn infantil intercultural, \u201cviene en beneficio directo de todo el sector de poblaciones nuevas y de la comuna en general. Hoy estamos muy contentos que se pueda habilitar a futuro un jard\u00edn en esos sectores\u201d, explica Deisy Chiguay, coordinadora de la Oficina de Asuntos Ind\u00edgenas de la Ilustre Municipalidad de Ays\u00e9n.<\/p>\n<p style=\"text-align: justify;\">\u201cNosotros nos reunimos junto al comit\u00e9 Amuyen 1 y 2, dirigentes de otros comit\u00e9s y con el se\u00f1or alcalde para revisar el futuro proyecto de construcci\u00f3n de un jard\u00edn infantil y sala cuna que estar\u00eda ubicado en una zona de equipamiento de estos comit\u00e9s de vivienda. Desde la Fundaci\u00f3n Integra buscamos ampliar la cobertura para atender a m\u00e1s ni\u00f1as y ni\u00f1os a trav\u00e9s de una educaci\u00f3n gratuita y de calidad. Ahora que la construcci\u00f3n de las casas del comit\u00e9 Amuyen est\u00e1n a punto de finalizar, el objetivo es generar un comodato con la Ilustre Municipalidad de Ays\u00e9n y as\u00ed iniciar el sue\u00f1o de construir un nuevo jard\u00edn, atendiendo a aproximadamente de 80 a 90 ni\u00f1as y ni\u00f1os en este lugar\u201d, comenta Ricardo Hinojoza, jefe de cobertura y proyectos de Fundaci\u00f3n Integra. Asimismo, Hinojoza recalca que el proyecto busca un \u00e9nfasis en la interculturalidad y en la construcci\u00f3n del proyecto con la comunidad. \u201cEn Fundaci\u00f3n Integra tenemos m\u00e1s de 33 a\u00f1os de experiencia en educaci\u00f3n parvularia. En la comuna de Ays\u00e9n tenemos cuatro jardines infantiles; por lo tanto, este ser\u00eda nuestro quinto jard\u00edn infantil m\u00e1s una modalidad que atiende en Villa Ma\u00f1ihuales. As\u00ed que estar\u00edamos muy contentos explorando esta alternativa de aqu\u00ed a futuro\u201d.<\/p>\n<p style=\"text-align: justify;\">Por otro lado, desde la Secretar\u00eda de Planificaci\u00f3n Comunal indican que el estado del proyecto es la b\u00fasqueda y definici\u00f3n del terreno para la construcci\u00f3n del jard\u00edn infantil dentro del proyecto de construcci\u00f3n de vivienda Amuyen 1 y 2, \u201cse tiene que definir el terreno, sus deslindes y sus superficies, de manera tal de comenzar el dise\u00f1o de este nuevo jard\u00edn con todas las normas urban\u00edsticas claras a fin de garantizar a futuro la correcta ejecuci\u00f3n del jard\u00edn\u201d, finaliza Roc\u00edo B\u00f3rquez Jorquera, directora de la Secretar\u00eda de Planificaci\u00f3n Comunal de la Ilustre Municipalidad de Ays\u00e9n.<\/p>\n<\/div><\/section><\/div><div  style='height:50px' class='hr hr-invisible   avia-builder-el-6  el_after_av_one_full  el_before_av_social_share '><span class='hr-inner ' ><span class='hr-inner-style'><\/span><\/span><\/div><\/p>\n<div  class='av-social-sharing-box  avia-builder-el-7  el_after_av_hr  el_before_av_hr  '><div class='av-share-box'><h5 class='av-share-link-description av-no-toc '>Compartir esta noticia<\/h5><ul class='av-share-box-list noLightbox'><li class='av-share-link av-social-link-facebook' ><a target=\"_blank\" aria-label=\"Compartir en Facebook\" href='https:\/\/www.facebook.com\/sharer.php?u=https:\/\/radiorevelacionfm.cl\/?p=30880&#038;t=Comunidad%20de%20Puerto%20Ays%C3%A9n%20contar%C3%A1%20con%20el%20primer%20jard%C3%ADn%20infantil%20intercultural%20de%20la%20regi%C3%B3n' aria-hidden='false' data-av_icon='\ue8f3' data-av_iconfont='entypo-fontello' title='' data-avia-related-tooltip='Compartir en Facebook' rel=\"noopener\"><span class='avia_hidden_link_text'>Compartir en Facebook<\/span><\/a><\/li><li class='av-share-link av-social-link-twitter' ><a target=\"_blank\" aria-label=\"Compartir en Twitter\" href='https:\/\/twitter.com\/share?text=Comunidad%20de%20Puerto%20Ays%C3%A9n%20contar%C3%A1%20con%20el%20primer%20jard%C3%ADn%20infantil%20intercultural%20de%20la%20regi%C3%B3n&#038;url=https:\/\/radiorevelacionfm.cl\/?p=30880' aria-hidden='false' data-av_icon='\ue8f1' data-av_iconfont='entypo-fontello' title='' data-avia-related-tooltip='Compartir en Twitter' rel=\"noopener\"><span class='avia_hidden_link_text'>Compartir en Twitter<\/span><\/a><\/li><li class='av-share-link av-social-link-whatsapp' ><a target=\"_blank\" aria-label=\"Compartir en Whatsapp\" href='https:\/\/api.whatsapp.com\/send?text=https:\/\/radiorevelacionfm.cl\/?p=30880' aria-hidden='false' data-av_icon='\uf232' data-av_iconfont='entypo-fontello' title='' data-avia-related-tooltip='Compartir en Whatsapp' rel=\"noopener\"><span class='avia_hidden_link_text'>Compartir en Whatsapp<\/span><\/a><\/li><li class='av-share-link av-social-link-linkedin' ><a target=\"_blank\" aria-label=\"Compartir en LinkedIn\" href='https:\/\/linkedin.com\/shareArticle?mini=true&#038;title=Comunidad%20de%20Puerto%20Ays%C3%A9n%20contar%C3%A1%20con%20el%20primer%20jard%C3%ADn%20infantil%20intercultural%20de%20la%20regi%C3%B3n&#038;url=https:\/\/radiorevelacionfm.cl\/?p=30880' aria-hidden='false' data-av_icon='\ue8fc' data-av_iconfont='entypo-fontello' title='' data-avia-related-tooltip='Compartir en LinkedIn' rel=\"noopener\"><span class='avia_hidden_link_text'>Compartir en LinkedIn<\/span><\/a><\/li><li class='av-share-link av-social-link-mail' ><a  aria-label=\"Compartir por correo\" href='mailto:?subject=Comunidad%20de%20Puerto%20Ays%C3%A9n%20contar%C3%A1%20con%20el%20primer%20jard%C3%ADn%20infantil%20intercultural%20de%20la%20regi%C3%B3n&#038;body=https:\/\/radiorevelacionfm.cl\/?p=30880' aria-hidden='false' data-av_icon='\ue805' data-av_iconfont='entypo-fontello' title='' data-avia-related-tooltip='Compartir por correo'><span class='avia_hidden_link_text'>Compartir por correo<\/span><\/a><\/li><\/ul><\/div><\/div>\n<div  style='height:50px' class='hr hr-invisible   avia-builder-el-8  el_after_av_social_share  el_before_av_comments_list '><span class='hr-inner ' ><span class='hr-inner-style'><\/span><\/span><\/div>\n<div  class='av-buildercomment  av-blog-meta-html-info-disabled av-blog-meta-tag-disabled  '><\/div>\n","protected":false},"excerpt":{"rendered":"","protected":false},"author":1,"featured_media":30881,"comment_status":"open","ping_status":"open","sticky":false,"template":"","format":"standard","meta":{"footnotes":""},"categories":[38],"tags":[],"class_list":["post-30880","post","type-post","status-publish","format-standard","has-post-thumbnail","hentry","category-regional"],"jetpack_featured_media_url":"https:\/\/radiorevelacionfm.cl\/wp-content\/uploads\/2023\/05\/jardin-infantil-1-1.jpeg","_links":{"self":[{"href":"https:\/\/radiorevelacionfm.cl\/index.php?rest_route=\/wp\/v2\/posts\/30880","targetHints":{"allow":["GET"]}}],"collection":[{"href":"https:\/\/radiorevelacionfm.cl\/index.php?rest_route=\/wp\/v2\/posts"}],"about":[{"href":"https:\/\/radiorevelacionfm.cl\/index.php?rest_route=\/wp\/v2\/types\/post"}],"author":[{"embeddable":true,"href":"https:\/\/radiorevelacionfm.cl\/index.php?rest_route=\/wp\/v2\/users\/1"}],"replies":[{"embeddable":true,"href":"https:\/\/radiorevelacionfm.cl\/index.php?rest_route=%2Fwp%2Fv2%2Fcomments&post=30880"}],"version-history":[{"count":1,"href":"https:\/\/radiorevelacionfm.cl\/index.php?rest_route=\/wp\/v2\/posts\/30880\/revisions"}],"predecessor-version":[{"id":30882,"href":"https:\/\/radiorevelacionfm.cl\/index.php?rest_route=\/wp\/v2\/posts\/30880\/revisions\/30882"}],"wp:featuredmedia":[{"embeddable":true,"href":"https:\/\/radiorevelacionfm.cl\/index.php?rest_route=\/wp\/v2\/media\/30881"}],"wp:attachment":[{"href":"https:\/\/radiorevelacionfm.cl\/index.php?rest_route=%2Fwp%2Fv2%2Fmedia&parent=30880"}],"wp:term":[{"taxonomy":"category","embeddable":true,"href":"https:\/\/radiorevelacionfm.cl\/index.php?rest_route=%2Fwp%2Fv2%2Fcategories&post=30880"},{"taxonomy":"post_tag","embeddable":true,"href":"https:\/\/radiorevelacionfm.cl\/index.php?rest_route=%2Fwp%2Fv2%2Ftags&post=30880"}],"curies":[{"name":"wp","href":"https:\/\/api.w.org\/{rel}","templated":true}]}}