{"id":3088,"date":"2021-04-13T20:55:55","date_gmt":"2021-04-13T23:55:55","guid":{"rendered":"https:\/\/radiorevelacionfm.cl\/?p=3088"},"modified":"2021-04-13T21:01:59","modified_gmt":"2021-04-14T00:01:59","slug":"sandoval-tras-reunirse-con-dirigentes-de-la-pesca-artesanal-si-no-somos-capaces-de-proteger-lo-que-tenemos-el-dano-que-se-hace-es-muy-grande-precisamente-para-la-gente-vulnerable","status":"publish","type":"post","link":"https:\/\/radiorevelacionfm.cl\/?p=3088","title":{"rendered":"Sandoval tras reunirse con dirigentes de la pesca artesanal \u201cSi no somos capaces de proteger lo que tenemos, el da\u00f1o que se hace es muy grande, precisamente para la gente vulnerable\u201d"},"content":{"rendered":"<div class=\"flex_column av_one_full  flex_column_div av-zero-column-padding first  avia-builder-el-0  el_before_av_one_full  avia-builder-el-first  \" style='border-radius:0px; '><div  class='avia-image-container  av-styling-    avia-builder-el-1  avia-builder-el-no-sibling  avia-align-center '  itemprop=\"image\" itemscope=\"itemscope\" itemtype=\"https:\/\/schema.org\/ImageObject\"  ><div class='avia-image-container-inner'><div class='avia-image-overlay-wrap'><img decoding=\"async\" class='wp-image-0 avia-img-lazy-loading-not-0 avia_image' src=\"https:\/\/radiorevelacionfm.cl\/wp-content\/uploads\/2021\/04\/REUNION-CON-PESCADORES-Y-AUTORIDADES-1-1.jpg\" alt='' title=''   itemprop=\"thumbnailUrl\"  \/><\/div><\/div><\/div><\/div><div class=\"flex_column av_one_full  flex_column_div av-zero-column-padding first  avia-builder-el-2  el_after_av_one_full  el_before_av_one_full  column-top-margin\" style='border-radius:0px; '><section class=\"av_textblock_section \"  itemscope=\"itemscope\" itemtype=\"https:\/\/schema.org\/BlogPosting\" itemprop=\"blogPost\" ><div class='avia_textblock  '   itemprop=\"text\" ><p style=\"text-align: center;\"><span style=\"font-size: 18pt;\"><strong>Sandoval tras reunirse con dirigentes de la pesca artesanal \u201cSi no somos capaces de proteger lo que tenemos, el da\u00f1o que se hace es muy grande, precisamente para la gente vulnerable\u201d<\/strong><\/span><\/p>\n<div id=\"gtx-trans\" style=\"position: absolute; left: -50px; top: 4.31534px;\">\n<div class=\"gtx-trans-icon\"><\/div>\n<\/div>\n<\/div><\/section><\/div><div class=\"flex_column av_one_full  flex_column_div av-zero-column-padding first  avia-builder-el-4  el_after_av_one_full  el_before_av_hr  column-top-margin\" style='border-radius:0px; '><section class=\"av_textblock_section \"  itemscope=\"itemscope\" itemtype=\"https:\/\/schema.org\/BlogPosting\" itemprop=\"blogPost\" ><div class='avia_textblock  '   itemprop=\"text\" ><p style=\"text-align: justify;\">El Parlamentario abord\u00f3 el tema de las zonas contiguas y el impacto en la zona de la pesca ilegal, insistiendo en la necesidad de elaborar un plan que aborde integralmente las necesidades del sector.<\/p>\n<p style=\"text-align: justify;\">\u201cSi no somos capaces de proteger lo que nosotros tenemos, el da\u00f1o que se hace es muy grande, precisamente para gente vulnerable\u201d. As\u00ed lo afirm\u00f3 el senador David Sandoval luego de las reuniones que sostuvo, en los \u00faltimos d\u00edas, con diferentes gremios de pescadores de Ays\u00e9n, en los que tambi\u00e9n participaron autoridades provinciales y regionales.<\/p>\n<p style=\"text-align: justify;\">El parlamentario explic\u00f3 que las zonas contiguas es un tema de gran preocupaci\u00f3n para el sector, donde si bien en la regi\u00f3n se percibe \u201cuna conducta bastante responsable con los recursos\u201d, consider\u00f3 necesario poder resolverlo definitivamente. \u201cEste famoso tema de las zonas contiguas, que lleva m\u00e1s de veinte a\u00f1os, que ha significado miles de millones de pesos, los pescadores me se\u00f1alaban que hay que resolverlo. Es un problema pol\u00edtico, que sin duda que se nos viene en las pr\u00f3ximas semanas en la regi\u00f3n de Ays\u00e9n\u201d, indic\u00f3.<\/p>\n<p style=\"text-align: justify;\">Para resolverlo, agreg\u00f3 Sandoval, ya no depende de la autoridad pol\u00edtica, sino del acuerdo que haga la regi\u00f3n de Ays\u00e9n. \u201cYo comparto absolutamente lo que plantean algunos dirigentes, como Daniel Caniullan en Melinka, que se\u00f1ala que se haga lo que sea necesario y pertinente, pero en la forma y en las condiciones que fije la regi\u00f3n\u201d, puntualiz\u00f3.<\/p>\n<p style=\"text-align: justify;\"><strong>Visita de la Subsecretaria de Pesca a la regi\u00f3n<\/strong><\/p>\n<p style=\"text-align: justify;\">Por lo mismo, es que el legislador comprometi\u00f3 la visita de la Subsecretaria de Pesca, Alicia Gallardo, a la regi\u00f3n de Ays\u00e9n. \u201cQuedaron coordinados el gobernador Manuel Ortiz, el seremi (de Econom\u00eda), Carlos Pacheco, el consejero regional Eligio Montecinos y los pescadores. La subsecretaria manifest\u00f3 su voluntad de venir a la regi\u00f3n, lo cual es s\u00faper importante porque hay que cuidar lo que tenemos y evitar que el mal uso de esta condici\u00f3n termine por afectar a la gente de Ays\u00e9n\u201d, explic\u00f3.\u201d, explic\u00f3.<\/p>\n<p style=\"text-align: justify;\"><strong>Impacto de la pesca ilegal y nuevo plan<\/strong><\/p>\n<p style=\"text-align: justify;\">\u00c9sta fue otra de las materias analizadas, para lo cual el senador Sandoval dijo que \u201clos mismos pescadores me dec\u00edan que al ir al litoral, la gente que est\u00e1 pescando de manera ilegal era enorme\u201d, lamentando que la ley actual sancione de una manera muy b\u00e1sica. \u201cSe decomisa el producto, se aplica la multa, \u00e9sta se paga, pero igual se arriesgan, porque el beneficio asociado a la pesca ilegal es enorme\u201d, precis\u00f3.<\/p>\n<p style=\"text-align: justify;\">De ah\u00ed la importancia de estos encuentros, subray\u00f3, pues el objetivo principal es poder construir, junto a los propios pescadores artesanales, \u201cun camino nuevo\u201d, que permita mejorar la actividad y la calidad de vida de la gente. \u201cHay poblaciones pesqueras en condici\u00f3n de vulnerabilidad, sin saneamiento de propiedad, sin agua potable, sin alcantarillado en Melinka, etc\u201d, recalc\u00f3.<\/p>\n<p style=\"text-align: justify;\">\u201cLos pescadores de nuestra regi\u00f3n est\u00e1n muy motivados e interesados y espero que llevemos adelante este plan y gane en definitiva la regi\u00f3n\u201d, agregando que no se puede olvidar que la principal actividad econ\u00f3mica de la regi\u00f3n es la acu\u00edcola. \u201cNuestra regi\u00f3n tiene grandes potencialidades en el turismo, la ganader\u00eda, la fruticultura, pero hoy lo m\u00e1s relevante es esto y hay que hacerlo bien y para eso hay que cuidar los recursos y no permitir que se exploten inadecuadamente\u201d, concluy\u00f3.<\/p>\n<p style=\"text-align: justify;\">Cabe se\u00f1alar que, a los encuentros sostenidos recientemente en Puerto Ays\u00e9n, Sandoval tambi\u00e9n suma los contactos que permanentemente mantiene con dirigentes de Puerto Gala, de Puerto Cisnes, de Melinka, entre otras localidades.<\/p>\n<\/div><\/section><\/div><div  style='height:50px' class='hr hr-invisible   avia-builder-el-6  el_after_av_one_full  el_before_av_social_share '><span class='hr-inner ' ><span class='hr-inner-style'><\/span><\/span><\/div><\/p>\n<div  class='av-social-sharing-box  avia-builder-el-7  el_after_av_hr  el_before_av_hr  '><div class='av-share-box'><h5 class='av-share-link-description av-no-toc '>Compartir esta noticia<\/h5><ul class='av-share-box-list noLightbox'><li class='av-share-link av-social-link-facebook' ><a target=\"_blank\" aria-label=\"Compartir en Facebook\" href='https:\/\/www.facebook.com\/sharer.php?u=https:\/\/radiorevelacionfm.cl\/?p=3088&#038;t=Sandoval%20tras%20reunirse%20con%20dirigentes%20de%20la%20pesca%20artesanal%20%E2%80%9CSi%20no%20somos%20capaces%20de%20proteger%20lo%20que%20tenemos%2C%20el%20da%C3%B1o%20que%20se%20hace%20es%20muy%20grande%2C%20precisamente%20para%20la%20gente%20vulnerable%E2%80%9D' aria-hidden='false' data-av_icon='\ue8f3' data-av_iconfont='entypo-fontello' title='' data-avia-related-tooltip='Compartir en Facebook' rel=\"noopener\"><span class='avia_hidden_link_text'>Compartir en Facebook<\/span><\/a><\/li><li class='av-share-link av-social-link-twitter' ><a target=\"_blank\" aria-label=\"Compartir en Twitter\" href='https:\/\/twitter.com\/share?text=Sandoval%20tras%20reunirse%20con%20dirigentes%20de%20la%20pesca%20artesanal%20%E2%80%9CSi%20no%20somos%20capaces%20de%20proteger%20lo%20que%20tenemos%2C%20el%20da%C3%B1o%20que%20se%20hace%20es%20muy%20grande%2C%20precisamente%20para%20la%20gente%20vulnerable%E2%80%9D&#038;url=https:\/\/radiorevelacionfm.cl\/?p=3088' aria-hidden='false' data-av_icon='\ue8f1' data-av_iconfont='entypo-fontello' title='' data-avia-related-tooltip='Compartir en Twitter' rel=\"noopener\"><span class='avia_hidden_link_text'>Compartir en Twitter<\/span><\/a><\/li><li class='av-share-link av-social-link-whatsapp' ><a target=\"_blank\" aria-label=\"Compartir en Whatsapp\" href='https:\/\/api.whatsapp.com\/send?text=https:\/\/radiorevelacionfm.cl\/?p=3088' aria-hidden='false' data-av_icon='\uf232' data-av_iconfont='entypo-fontello' title='' data-avia-related-tooltip='Compartir en Whatsapp' rel=\"noopener\"><span class='avia_hidden_link_text'>Compartir en Whatsapp<\/span><\/a><\/li><li class='av-share-link av-social-link-linkedin' ><a target=\"_blank\" aria-label=\"Compartir en LinkedIn\" href='https:\/\/linkedin.com\/shareArticle?mini=true&#038;title=Sandoval%20tras%20reunirse%20con%20dirigentes%20de%20la%20pesca%20artesanal%20%E2%80%9CSi%20no%20somos%20capaces%20de%20proteger%20lo%20que%20tenemos%2C%20el%20da%C3%B1o%20que%20se%20hace%20es%20muy%20grande%2C%20precisamente%20para%20la%20gente%20vulnerable%E2%80%9D&#038;url=https:\/\/radiorevelacionfm.cl\/?p=3088' aria-hidden='false' data-av_icon='\ue8fc' data-av_iconfont='entypo-fontello' title='' data-avia-related-tooltip='Compartir en LinkedIn' rel=\"noopener\"><span class='avia_hidden_link_text'>Compartir en LinkedIn<\/span><\/a><\/li><li class='av-share-link av-social-link-mail' ><a  aria-label=\"Compartir por correo\" href='mailto:?subject=Sandoval%20tras%20reunirse%20con%20dirigentes%20de%20la%20pesca%20artesanal%20%E2%80%9CSi%20no%20somos%20capaces%20de%20proteger%20lo%20que%20tenemos%2C%20el%20da%C3%B1o%20que%20se%20hace%20es%20muy%20grande%2C%20precisamente%20para%20la%20gente%20vulnerable%E2%80%9D&#038;body=https:\/\/radiorevelacionfm.cl\/?p=3088' aria-hidden='false' data-av_icon='\ue805' data-av_iconfont='entypo-fontello' title='' data-avia-related-tooltip='Compartir por correo'><span class='avia_hidden_link_text'>Compartir por correo<\/span><\/a><\/li><\/ul><\/div><\/div>\n<div  style='height:50px' class='hr hr-invisible   avia-builder-el-8  el_after_av_social_share  el_before_av_comments_list '><span class='hr-inner ' ><span class='hr-inner-style'><\/span><\/span><\/div>\n<div  class='av-buildercomment  av-blog-meta-html-info-disabled av-blog-meta-tag-disabled  '><\/div>\n","protected":false},"excerpt":{"rendered":"","protected":false},"author":1,"featured_media":0,"comment_status":"open","ping_status":"open","sticky":false,"template":"","format":"standard","meta":{"footnotes":""},"categories":[60,38],"tags":[],"class_list":["post-3088","post","type-post","status-publish","format-standard","hentry","category-pesca","category-regional"],"jetpack_featured_media_url":"","_links":{"self":[{"href":"https:\/\/radiorevelacionfm.cl\/index.php?rest_route=\/wp\/v2\/posts\/3088","targetHints":{"allow":["GET"]}}],"collection":[{"href":"https:\/\/radiorevelacionfm.cl\/index.php?rest_route=\/wp\/v2\/posts"}],"about":[{"href":"https:\/\/radiorevelacionfm.cl\/index.php?rest_route=\/wp\/v2\/types\/post"}],"author":[{"embeddable":true,"href":"https:\/\/radiorevelacionfm.cl\/index.php?rest_route=\/wp\/v2\/users\/1"}],"replies":[{"embeddable":true,"href":"https:\/\/radiorevelacionfm.cl\/index.php?rest_route=%2Fwp%2Fv2%2Fcomments&post=3088"}],"version-history":[{"count":1,"href":"https:\/\/radiorevelacionfm.cl\/index.php?rest_route=\/wp\/v2\/posts\/3088\/revisions"}],"predecessor-version":[{"id":3090,"href":"https:\/\/radiorevelacionfm.cl\/index.php?rest_route=\/wp\/v2\/posts\/3088\/revisions\/3090"}],"wp:attachment":[{"href":"https:\/\/radiorevelacionfm.cl\/index.php?rest_route=%2Fwp%2Fv2%2Fmedia&parent=3088"}],"wp:term":[{"taxonomy":"category","embeddable":true,"href":"https:\/\/radiorevelacionfm.cl\/index.php?rest_route=%2Fwp%2Fv2%2Fcategories&post=3088"},{"taxonomy":"post_tag","embeddable":true,"href":"https:\/\/radiorevelacionfm.cl\/index.php?rest_route=%2Fwp%2Fv2%2Ftags&post=3088"}],"curies":[{"name":"wp","href":"https:\/\/api.w.org\/{rel}","templated":true}]}}