{"id":30877,"date":"2023-05-10T18:40:18","date_gmt":"2023-05-10T21:40:18","guid":{"rendered":"https:\/\/radiorevelacionfm.cl\/?p=30877"},"modified":"2023-05-10T18:40:18","modified_gmt":"2023-05-10T21:40:18","slug":"gestiones-del-diputado-calisto-permiten-destrabar-pago-de-incentivo-al-retiro-para-asistentes-de-la-educacion-de-puerto-aysen","status":"publish","type":"post","link":"https:\/\/radiorevelacionfm.cl\/?p=30877","title":{"rendered":"Gestiones del diputado Calisto permiten destrabar pago de incentivo al retiro para asistentes de la educaci\u00f3n de Puerto Ays\u00e9n"},"content":{"rendered":"<div class=\"flex_column av_one_full  flex_column_div av-zero-column-padding first  avia-builder-el-0  el_before_av_one_full  avia-builder-el-first  \" style='border-radius:0px; '><div  class='avia-image-container  av-styling-    avia-builder-el-1  avia-builder-el-no-sibling  avia-align-center '  itemprop=\"image\" itemscope=\"itemscope\" itemtype=\"https:\/\/schema.org\/ImageObject\"  ><div class='avia-image-container-inner'><div class='avia-image-overlay-wrap'><img decoding=\"async\" class='wp-image-30878 avia-img-lazy-loading-not-30878 avia_image' src=\"https:\/\/radiorevelacionfm.cl\/wp-content\/uploads\/2023\/05\/ASISTENTES-DE-LA-EDUCACION-1-1.jpg\" alt='' title='ASISTENTES DE LA EDUCACI\u00d3N (1) (1)' height=\"600\" width=\"1070\"  itemprop=\"thumbnailUrl\" srcset=\"https:\/\/radiorevelacionfm.cl\/wp-content\/uploads\/2023\/05\/ASISTENTES-DE-LA-EDUCACION-1-1.jpg 1070w, https:\/\/radiorevelacionfm.cl\/wp-content\/uploads\/2023\/05\/ASISTENTES-DE-LA-EDUCACION-1-1-300x168.jpg 300w, https:\/\/radiorevelacionfm.cl\/wp-content\/uploads\/2023\/05\/ASISTENTES-DE-LA-EDUCACION-1-1-1030x578.jpg 1030w, https:\/\/radiorevelacionfm.cl\/wp-content\/uploads\/2023\/05\/ASISTENTES-DE-LA-EDUCACION-1-1-768x431.jpg 768w, https:\/\/radiorevelacionfm.cl\/wp-content\/uploads\/2023\/05\/ASISTENTES-DE-LA-EDUCACION-1-1-705x395.jpg 705w, https:\/\/radiorevelacionfm.cl\/wp-content\/uploads\/2023\/05\/ASISTENTES-DE-LA-EDUCACION-1-1-450x252.jpg 450w, https:\/\/radiorevelacionfm.cl\/wp-content\/uploads\/2023\/05\/ASISTENTES-DE-LA-EDUCACION-1-1-600x336.jpg 600w\" sizes=\"(max-width: 1070px) 100vw, 1070px\" \/><\/div><\/div><\/div><\/div><div class=\"flex_column av_one_full  flex_column_div av-zero-column-padding first  avia-builder-el-2  el_after_av_one_full  el_before_av_one_full  column-top-margin\" style='border-radius:0px; '><section class=\"av_textblock_section \"  itemscope=\"itemscope\" itemtype=\"https:\/\/schema.org\/BlogPosting\" itemprop=\"blogPost\" ><div class='avia_textblock  '   itemprop=\"text\" ><p style=\"text-align: center;\"><span style=\"font-size: 18pt;\"><b>Gestiones del diputado Calisto permiten destrabar pago de incentivo al retiro para asistentes de la educaci\u00f3n de Puerto Ays\u00e9n<\/b><\/span><\/p>\n<div id=\"gtx-trans\" style=\"position: absolute; left: -50px; top: 4.31534px;\">\n<div class=\"gtx-trans-icon\"><\/div>\n<\/div>\n<\/div><\/section><\/div><div class=\"flex_column av_one_full  flex_column_div av-zero-column-padding first  avia-builder-el-4  el_after_av_one_full  el_before_av_hr  column-top-margin\" style='border-radius:0px; '><section class=\"av_textblock_section \"  itemscope=\"itemscope\" itemtype=\"https:\/\/schema.org\/BlogPosting\" itemprop=\"blogPost\" ><div class='avia_textblock  '   itemprop=\"text\" ><p style=\"font-weight: 400; text-align: justify;\">Luego de distintas gestiones realizadas por el diputado Miguel \u00c1ngel Calisto, el Core Sergio Gonz\u00e1lez y la concejala Rosa Gonz\u00e1lez, un grupo de asistentes de la educaci\u00f3n de Puerto Ays\u00e9n lograron acceder al bono de incentivo al retiro, beneficio que les fue aprobado en 2020, pero al cual pudieron acceder reci\u00e9n este a\u00f1o.<\/p>\n<p style=\"font-weight: 400; text-align: justify;\">Seg\u00fan el diputado Miguel \u00c1ngel Calisto, \u201ca ellos se les deb\u00eda su pago por incentivo al retiro y los acompa\u00f1amos con distintas gestiones. Hoy hay otro grupo de asistentes de la educaci\u00f3n que tambi\u00e9n est\u00e1n esperando este bono, a quienes tambi\u00e9n estamos apoyando. Para nosotros es fundamental avanzar en este tipos de gestiones, porque estamos hablando de personas que han entregado su vida completa a la educaci\u00f3n y formaci\u00f3n de nuestros ni\u00f1os y j\u00f3venes en los distintos establecimientos regionales\u201d.<\/p>\n<p style=\"font-weight: 400; text-align: justify;\">\u201cEstos trabajadores son muy maltratados en la educaci\u00f3n p\u00fablica, por eso es importante que en el proyecto de traspaso de la educaci\u00f3n desde las municipalidades al Estado, se considere un apoyo e incentivo mayor para ellos\u201d, se\u00f1al\u00f3.<\/p>\n<p style=\"font-weight: 400; text-align: justify;\">Calisto se\u00f1al\u00f3 que \u201cpor estos motivos, fue prioridad apoyar a estos asistentes de la educaci\u00f3n para que accedan al incentivo al retiro. Ahora estamos apoyando a dos grupos, del a\u00f1o 2022 y 2023 para que puedan acceder a este pago y as\u00ed puedan disfrutar despu\u00e9s de muchos a\u00f1os de trabajo en la educaci\u00f3n p\u00fablica.\u201d<\/p>\n<p style=\"font-weight: 400; text-align: justify;\">Seg\u00fan la concejala Rosa Gonz\u00e1lez, \u201cellos ya se encuentran con sus pagos en sus manos. Se trata de una gesti\u00f3n que dur\u00f3 bastante tiempo, le agradecemos al diputado Calisto que tuvo toda la disposici\u00f3n para ver a trav\u00e9s del Ministerio este entrampe que ocurr\u00eda con los asistentes de educaci\u00f3n. Pudimos sacar adelante el tema y sortear las trabas administrativas. Estamos muy contentos de haber participado en estas gestiones y muy contentos por los asistentes de la educaci\u00f3n\u201d.<\/p>\n<p style=\"font-weight: 400; text-align: justify;\">Ram\u00f3n Chiguay, vocero de los asistentes de la educaci\u00f3n, se\u00f1al\u00f3 que \u201cnosotros comenzamos la postulaci\u00f3n el a\u00f1o 2018, y nos lleg\u00f3 la aprobaci\u00f3n en diciembre del 2020. Ah\u00ed empez\u00f3 la espera de los dineros y empezaron una serie de contradicciones, porque sal\u00edan mal enviados los documentos por el sistema del DEM de Puerto Ays\u00e9n. A ra\u00edz de eso, nosotros conversamos con el consejero Gonz\u00e1lez y con la concejala Rosa Gonz\u00e1lez, quienes nos contactaron con el diputado Calisto\u201d.<\/p>\n<p style=\"font-weight: 400; text-align: justify;\">Finalmente, el dirigente indic\u00f3 que \u201cel diputado tuvo la mejor disposici\u00f3n para reunirse con nosotros, donde le explicamos nuestra situaci\u00f3n y el tiempo de espera que llev\u00e1bamos. \u00c9l se contact\u00f3 con el Ministerio y con la persona encargada de la plataforma de Puerto Ays\u00e9n. Afortunadamente tuvimos el apoyo del diputado, que nos sac\u00f3 a feliz t\u00e9rmino. Estamos felices y reitero las gracias al diputado, al consejero Gonz\u00e1lez y a la concejala\u201d.<\/p>\n<\/div><\/section><\/div><div  style='height:50px' class='hr hr-invisible   avia-builder-el-6  el_after_av_one_full  el_before_av_social_share '><span class='hr-inner ' ><span class='hr-inner-style'><\/span><\/span><\/div><\/p>\n<div  class='av-social-sharing-box  avia-builder-el-7  el_after_av_hr  el_before_av_hr  '><div class='av-share-box'><h5 class='av-share-link-description av-no-toc '>Compartir esta noticia<\/h5><ul class='av-share-box-list noLightbox'><li class='av-share-link av-social-link-facebook' ><a target=\"_blank\" aria-label=\"Compartir en Facebook\" href='https:\/\/www.facebook.com\/sharer.php?u=https:\/\/radiorevelacionfm.cl\/?p=30877&#038;t=Gestiones%20del%20diputado%20Calisto%20permiten%20destrabar%20pago%20de%20incentivo%20al%20retiro%20para%20asistentes%20de%20la%20educaci%C3%B3n%20de%20Puerto%20Ays%C3%A9n' aria-hidden='false' data-av_icon='\ue8f3' data-av_iconfont='entypo-fontello' title='' data-avia-related-tooltip='Compartir en Facebook' rel=\"noopener\"><span class='avia_hidden_link_text'>Compartir en Facebook<\/span><\/a><\/li><li class='av-share-link av-social-link-twitter' ><a target=\"_blank\" aria-label=\"Compartir en Twitter\" href='https:\/\/twitter.com\/share?text=Gestiones%20del%20diputado%20Calisto%20permiten%20destrabar%20pago%20de%20incentivo%20al%20retiro%20para%20asistentes%20de%20la%20educaci%C3%B3n%20de%20Puerto%20Ays%C3%A9n&#038;url=https:\/\/radiorevelacionfm.cl\/?p=30877' aria-hidden='false' data-av_icon='\ue8f1' data-av_iconfont='entypo-fontello' title='' data-avia-related-tooltip='Compartir en Twitter' rel=\"noopener\"><span class='avia_hidden_link_text'>Compartir en Twitter<\/span><\/a><\/li><li class='av-share-link av-social-link-whatsapp' ><a target=\"_blank\" aria-label=\"Compartir en Whatsapp\" href='https:\/\/api.whatsapp.com\/send?text=https:\/\/radiorevelacionfm.cl\/?p=30877' aria-hidden='false' data-av_icon='\uf232' data-av_iconfont='entypo-fontello' title='' data-avia-related-tooltip='Compartir en Whatsapp' rel=\"noopener\"><span class='avia_hidden_link_text'>Compartir en Whatsapp<\/span><\/a><\/li><li class='av-share-link av-social-link-linkedin' ><a target=\"_blank\" aria-label=\"Compartir en LinkedIn\" href='https:\/\/linkedin.com\/shareArticle?mini=true&#038;title=Gestiones%20del%20diputado%20Calisto%20permiten%20destrabar%20pago%20de%20incentivo%20al%20retiro%20para%20asistentes%20de%20la%20educaci%C3%B3n%20de%20Puerto%20Ays%C3%A9n&#038;url=https:\/\/radiorevelacionfm.cl\/?p=30877' aria-hidden='false' data-av_icon='\ue8fc' data-av_iconfont='entypo-fontello' title='' data-avia-related-tooltip='Compartir en LinkedIn' rel=\"noopener\"><span class='avia_hidden_link_text'>Compartir en LinkedIn<\/span><\/a><\/li><li class='av-share-link av-social-link-mail' ><a  aria-label=\"Compartir por correo\" href='mailto:?subject=Gestiones%20del%20diputado%20Calisto%20permiten%20destrabar%20pago%20de%20incentivo%20al%20retiro%20para%20asistentes%20de%20la%20educaci%C3%B3n%20de%20Puerto%20Ays%C3%A9n&#038;body=https:\/\/radiorevelacionfm.cl\/?p=30877' aria-hidden='false' data-av_icon='\ue805' data-av_iconfont='entypo-fontello' title='' data-avia-related-tooltip='Compartir por correo'><span class='avia_hidden_link_text'>Compartir por correo<\/span><\/a><\/li><\/ul><\/div><\/div>\n<div  style='height:50px' class='hr hr-invisible   avia-builder-el-8  el_after_av_social_share  el_before_av_comments_list '><span class='hr-inner ' ><span class='hr-inner-style'><\/span><\/span><\/div>\n<div  class='av-buildercomment  av-blog-meta-html-info-disabled av-blog-meta-tag-disabled  '><\/div>\n","protected":false},"excerpt":{"rendered":"","protected":false},"author":1,"featured_media":30878,"comment_status":"open","ping_status":"open","sticky":false,"template":"","format":"standard","meta":{"footnotes":""},"categories":[35],"tags":[],"class_list":["post-30877","post","type-post","status-publish","format-standard","has-post-thumbnail","hentry","category-politica"],"jetpack_featured_media_url":"https:\/\/radiorevelacionfm.cl\/wp-content\/uploads\/2023\/05\/ASISTENTES-DE-LA-EDUCACION-1-1.jpg","_links":{"self":[{"href":"https:\/\/radiorevelacionfm.cl\/index.php?rest_route=\/wp\/v2\/posts\/30877","targetHints":{"allow":["GET"]}}],"collection":[{"href":"https:\/\/radiorevelacionfm.cl\/index.php?rest_route=\/wp\/v2\/posts"}],"about":[{"href":"https:\/\/radiorevelacionfm.cl\/index.php?rest_route=\/wp\/v2\/types\/post"}],"author":[{"embeddable":true,"href":"https:\/\/radiorevelacionfm.cl\/index.php?rest_route=\/wp\/v2\/users\/1"}],"replies":[{"embeddable":true,"href":"https:\/\/radiorevelacionfm.cl\/index.php?rest_route=%2Fwp%2Fv2%2Fcomments&post=30877"}],"version-history":[{"count":1,"href":"https:\/\/radiorevelacionfm.cl\/index.php?rest_route=\/wp\/v2\/posts\/30877\/revisions"}],"predecessor-version":[{"id":30879,"href":"https:\/\/radiorevelacionfm.cl\/index.php?rest_route=\/wp\/v2\/posts\/30877\/revisions\/30879"}],"wp:featuredmedia":[{"embeddable":true,"href":"https:\/\/radiorevelacionfm.cl\/index.php?rest_route=\/wp\/v2\/media\/30878"}],"wp:attachment":[{"href":"https:\/\/radiorevelacionfm.cl\/index.php?rest_route=%2Fwp%2Fv2%2Fmedia&parent=30877"}],"wp:term":[{"taxonomy":"category","embeddable":true,"href":"https:\/\/radiorevelacionfm.cl\/index.php?rest_route=%2Fwp%2Fv2%2Fcategories&post=30877"},{"taxonomy":"post_tag","embeddable":true,"href":"https:\/\/radiorevelacionfm.cl\/index.php?rest_route=%2Fwp%2Fv2%2Ftags&post=30877"}],"curies":[{"name":"wp","href":"https:\/\/api.w.org\/{rel}","templated":true}]}}