{"id":30874,"date":"2023-05-10T18:00:50","date_gmt":"2023-05-10T21:00:50","guid":{"rendered":"https:\/\/radiorevelacionfm.cl\/?p=30874"},"modified":"2023-05-10T18:00:50","modified_gmt":"2023-05-10T21:00:50","slug":"alta-participacion-ciudadana-en-primera-expo-conaf-en-53-aniversario","status":"publish","type":"post","link":"https:\/\/radiorevelacionfm.cl\/?p=30874","title":{"rendered":"Alta participaci\u00f3n ciudadana en primera EXPO CONAF en 53 aniversario"},"content":{"rendered":"<div class=\"flex_column av_one_full  flex_column_div av-zero-column-padding first  avia-builder-el-0  el_before_av_one_full  avia-builder-el-first  \" style='border-radius:0px; '><div  class='avia-image-container  av-styling-    avia-builder-el-1  avia-builder-el-no-sibling  avia-align-center '  itemprop=\"image\" itemscope=\"itemscope\" itemtype=\"https:\/\/schema.org\/ImageObject\"  ><div class='avia-image-container-inner'><div class='avia-image-overlay-wrap'><img decoding=\"async\" class='wp-image-30875 avia-img-lazy-loading-not-30875 avia_image' src=\"https:\/\/radiorevelacionfm.cl\/wp-content\/uploads\/2023\/05\/whatsapp-image-2023-05-10-at-2_optimized.44.44-pm-1-1.jpeg\" alt='' title='whatsapp-image-2023-05-10-at-2_optimized.44.44-pm-(1) (1)' height=\"600\" width=\"881\"  itemprop=\"thumbnailUrl\" srcset=\"https:\/\/radiorevelacionfm.cl\/wp-content\/uploads\/2023\/05\/whatsapp-image-2023-05-10-at-2_optimized.44.44-pm-1-1.jpeg 881w, https:\/\/radiorevelacionfm.cl\/wp-content\/uploads\/2023\/05\/whatsapp-image-2023-05-10-at-2_optimized.44.44-pm-1-1-300x204.jpeg 300w, https:\/\/radiorevelacionfm.cl\/wp-content\/uploads\/2023\/05\/whatsapp-image-2023-05-10-at-2_optimized.44.44-pm-1-1-768x523.jpeg 768w, https:\/\/radiorevelacionfm.cl\/wp-content\/uploads\/2023\/05\/whatsapp-image-2023-05-10-at-2_optimized.44.44-pm-1-1-705x480.jpeg 705w, https:\/\/radiorevelacionfm.cl\/wp-content\/uploads\/2023\/05\/whatsapp-image-2023-05-10-at-2_optimized.44.44-pm-1-1-450x306.jpeg 450w, https:\/\/radiorevelacionfm.cl\/wp-content\/uploads\/2023\/05\/whatsapp-image-2023-05-10-at-2_optimized.44.44-pm-1-1-600x409.jpeg 600w\" sizes=\"(max-width: 881px) 100vw, 881px\" \/><\/div><\/div><\/div><\/div><div class=\"flex_column av_one_full  flex_column_div av-zero-column-padding first  avia-builder-el-2  el_after_av_one_full  el_before_av_one_full  column-top-margin\" style='border-radius:0px; '><section class=\"av_textblock_section \"  itemscope=\"itemscope\" itemtype=\"https:\/\/schema.org\/BlogPosting\" itemprop=\"blogPost\" ><div class='avia_textblock  '   itemprop=\"text\" ><p style=\"text-align: center;\"><strong><span style=\"font-size: 18pt;\">Alta participaci\u00f3n ciudadana en primera EXPO CONAF en 53 aniversario<\/span><\/strong><\/p>\n<div id=\"gtx-trans\" style=\"position: absolute; left: -50px; top: 4.31534px;\">\n<div class=\"gtx-trans-icon\"><\/div>\n<\/div>\n<\/div><\/section><\/div><div class=\"flex_column av_one_full  flex_column_div av-zero-column-padding first  avia-builder-el-4  el_after_av_one_full  el_before_av_hr  column-top-margin\" style='border-radius:0px; '><section class=\"av_textblock_section \"  itemscope=\"itemscope\" itemtype=\"https:\/\/schema.org\/BlogPosting\" itemprop=\"blogPost\" ><div class='avia_textblock  '   itemprop=\"text\" ><p style=\"font-weight: 400; text-align: justify;\">El inter\u00e9s y participaci\u00f3n de la comunidad destac\u00f3 en la Expo Conaf, desarrollada durante todo este martes en la Plaza de Coyhaique, por parte del Ministerio de Agricultura, a trav\u00e9s de la Corporaci\u00f3n Nacional Forestal, CONAF, con motivo de su 53 aniversario.<\/p>\n<p style=\"font-weight: 400; text-align: justify;\">El Delegado Presidencial Regional, Rodrigo Araya, destac\u00f3 el rol de la Corporaci\u00f3n para garantizar la conservaci\u00f3n, restauraci\u00f3n y el manejo sustentable de los ecosistemas boscosos y xerof\u00edticos del pa\u00eds.<\/p>\n<p style=\"font-weight: 400; text-align: justify;\">\u201cEstamos ac\u00e1 conmemorando los 53 a\u00f1os de CONAF, la Corporaci\u00f3n Nacional Forestal, que se cre\u00f3 en 1970 y que ha evolucionado en el tiempo, haci\u00e9ndose cargo de distintos desaf\u00edos, entre ellos, el cambio clim\u00e1tico, en lo cual todos los funcionarios tienen un rol importante en lo que respecta a mitigaci\u00f3n y adaptabilidad. Un reconocimiento particular a todos los trabajadores y una invitaci\u00f3n a conocer las \u00e1reas silvestres que tenemos en nuestra regi\u00f3n\u201d, subray\u00f3.<\/p>\n<p style=\"font-weight: 400; text-align: justify;\">Loreto Pedraza, directora regional de CONAF en Ays\u00e9n, agradeci\u00f3 la asistencia e inter\u00e9s de la comunidad. \u201cEstamos celebrando nuestro 53 aniversario con la convicci\u00f3n de que la Corporaci\u00f3n es un tremendo aporte a la conservaci\u00f3n de los bosques. Para ello, estamos en conversaci\u00f3n con INDAP sobre los cr\u00e9ditos de Enlace en los que se genera un capital inicial de trabajo para luego poder obtener el cr\u00e9dito para el manejo silv\u00edcola de los bosques\u201d, reconociendo especialmente a los extensionistas, quienes son los que, en terreno, facilitan este manejo.<\/p>\n<p style=\"font-weight: 400; text-align: justify;\">\u201cAdem\u00e1s, tenemos el programa de Arborizaci\u00f3n Urbana, que pretende reverdecer nuestras ciudades y generar conciencia sobre la importancia del bosque y de los \u00e1rboles de la vida humana\u201d, coment\u00f3.<\/p>\n<p style=\"font-weight: 400; text-align: justify;\">La Gobernadora Andrea Mac\u00edas enfatiz\u00f3 en especial el aporte del Programa Manejo Integrado de Plantaciones. \u201cRelevar el trabajo colaborativo que durante muchos a\u00f1os hemos desarrollado desde el Gobierno Regional con la Corporaci\u00f3n Nacional Forestal, sobre todo, para avanzar y apoyar en una regi\u00f3n tan extensa, adem\u00e1s, donde muchas veces no es suficiente la acci\u00f3n de una sola instituci\u00f3n, se requiere que el gobierno regional pueda estar ah\u00ed colaborando tambi\u00e9n para hacer manejo de \u00e1reas silvestres protegidas. De ello siempre relevamos el trabajo que se realiza con uno de los programas que si bien es un programa de fomento productivo, tambi\u00e9n es un programa que tiene un tremendo aporte desde el punto de vista social\u201d, se\u00f1al\u00f3.<\/p>\n<p style=\"font-weight: 400; text-align: justify;\">Por su parte, Alan Espinoza, seremi de Agricultura, manifest\u00f3 que \u201cestamos presentes celebrando este aniversario tan importante, adem\u00e1s, realizando la primera Expo CONAF, que esperamos que sea la primera de muchas que se vienen\u201d, se\u00f1al\u00f3, resaltando el rol de la Corporaci\u00f3n en la regi\u00f3n, por ejemplo, con la prevenci\u00f3n de incendios y su partici\u00f3n en la reactivaci\u00f3n econ\u00f3mica, a trav\u00e9s de Siembra Chile. \u201cUna temporada donde solo tuvimos 29 incendios forestales, con muy poca afectaci\u00f3n de hect\u00e1reas. Tal como lo dijimos en distintas ocasiones, un incendio forestal es mucho m\u00e1s f\u00e1cil prevenirlo que combatirlo\u201d, enfatiz\u00f3.<\/p>\n<p style=\"font-weight: 400; text-align: justify;\">El Seremi tambi\u00e9n tuvo palabras para anunciar el incremento del presupuesto destinado a la reforestaci\u00f3n, que beneficiar\u00eda directamente a distintas familias de Ays\u00e9n. \u201cEl a\u00f1o pasado tuvimos 500 millones de pesos, apoyando directamente a distintas familias con la reforestaci\u00f3n. Este a\u00f1o, gracias al aporte sectorial, hemos logrado incrementar este presupuesto a mil 300 millones. Seguimos comprometidos desde el Ministerio de Agricultura, en conjunto con cada uno de los servicios en fortalecer el rol tan importante de la Corporaci\u00f3n Nacional Forestal en nuestra querida regi\u00f3n\u201d, sostuvo el seremi.<\/p>\n<p style=\"font-weight: 400; text-align: justify;\">La EXPO CONAF, que se desarroll\u00f3 hasta las 17 horas, llam\u00f3 la atenci\u00f3n de quienes transitaban por el lugar desde un inicio, consiguiendo informar a quienes se acercaron hasta los diferentes<em>\u00a0stands<\/em>, pero principalmente transmitir el mensaje de que, el medio, lo cuidamos entre todos.<\/p>\n<\/div><\/section><\/div><div  style='height:50px' class='hr hr-invisible   avia-builder-el-6  el_after_av_one_full  el_before_av_social_share '><span class='hr-inner ' ><span class='hr-inner-style'><\/span><\/span><\/div><\/p>\n<div  class='av-social-sharing-box  avia-builder-el-7  el_after_av_hr  el_before_av_hr  '><div class='av-share-box'><h5 class='av-share-link-description av-no-toc '>Compartir esta noticia<\/h5><ul class='av-share-box-list noLightbox'><li class='av-share-link av-social-link-facebook' ><a target=\"_blank\" aria-label=\"Compartir en Facebook\" href='https:\/\/www.facebook.com\/sharer.php?u=https:\/\/radiorevelacionfm.cl\/?p=30874&#038;t=Alta%20participaci%C3%B3n%20ciudadana%20en%20primera%20EXPO%20CONAF%20en%2053%20aniversario' aria-hidden='false' data-av_icon='\ue8f3' data-av_iconfont='entypo-fontello' title='' data-avia-related-tooltip='Compartir en Facebook' rel=\"noopener\"><span class='avia_hidden_link_text'>Compartir en Facebook<\/span><\/a><\/li><li class='av-share-link av-social-link-twitter' ><a target=\"_blank\" aria-label=\"Compartir en Twitter\" href='https:\/\/twitter.com\/share?text=Alta%20participaci%C3%B3n%20ciudadana%20en%20primera%20EXPO%20CONAF%20en%2053%20aniversario&#038;url=https:\/\/radiorevelacionfm.cl\/?p=30874' aria-hidden='false' data-av_icon='\ue8f1' data-av_iconfont='entypo-fontello' title='' data-avia-related-tooltip='Compartir en Twitter' rel=\"noopener\"><span class='avia_hidden_link_text'>Compartir en Twitter<\/span><\/a><\/li><li class='av-share-link av-social-link-whatsapp' ><a target=\"_blank\" aria-label=\"Compartir en Whatsapp\" href='https:\/\/api.whatsapp.com\/send?text=https:\/\/radiorevelacionfm.cl\/?p=30874' aria-hidden='false' data-av_icon='\uf232' data-av_iconfont='entypo-fontello' title='' data-avia-related-tooltip='Compartir en Whatsapp' rel=\"noopener\"><span class='avia_hidden_link_text'>Compartir en Whatsapp<\/span><\/a><\/li><li class='av-share-link av-social-link-linkedin' ><a target=\"_blank\" aria-label=\"Compartir en LinkedIn\" href='https:\/\/linkedin.com\/shareArticle?mini=true&#038;title=Alta%20participaci%C3%B3n%20ciudadana%20en%20primera%20EXPO%20CONAF%20en%2053%20aniversario&#038;url=https:\/\/radiorevelacionfm.cl\/?p=30874' aria-hidden='false' data-av_icon='\ue8fc' data-av_iconfont='entypo-fontello' title='' data-avia-related-tooltip='Compartir en LinkedIn' rel=\"noopener\"><span class='avia_hidden_link_text'>Compartir en LinkedIn<\/span><\/a><\/li><li class='av-share-link av-social-link-mail' ><a  aria-label=\"Compartir por correo\" href='mailto:?subject=Alta%20participaci%C3%B3n%20ciudadana%20en%20primera%20EXPO%20CONAF%20en%2053%20aniversario&#038;body=https:\/\/radiorevelacionfm.cl\/?p=30874' aria-hidden='false' data-av_icon='\ue805' data-av_iconfont='entypo-fontello' title='' data-avia-related-tooltip='Compartir por correo'><span class='avia_hidden_link_text'>Compartir por correo<\/span><\/a><\/li><\/ul><\/div><\/div>\n<div  style='height:50px' class='hr hr-invisible   avia-builder-el-8  el_after_av_social_share  el_before_av_comments_list '><span class='hr-inner ' ><span class='hr-inner-style'><\/span><\/span><\/div>\n<div  class='av-buildercomment  av-blog-meta-html-info-disabled av-blog-meta-tag-disabled  '><\/div>\n","protected":false},"excerpt":{"rendered":"","protected":false},"author":1,"featured_media":30875,"comment_status":"open","ping_status":"open","sticky":false,"template":"","format":"standard","meta":{"footnotes":""},"categories":[38],"tags":[],"class_list":["post-30874","post","type-post","status-publish","format-standard","has-post-thumbnail","hentry","category-regional"],"jetpack_featured_media_url":"https:\/\/radiorevelacionfm.cl\/wp-content\/uploads\/2023\/05\/whatsapp-image-2023-05-10-at-2_optimized.44.44-pm-1-1.jpeg","_links":{"self":[{"href":"https:\/\/radiorevelacionfm.cl\/index.php?rest_route=\/wp\/v2\/posts\/30874","targetHints":{"allow":["GET"]}}],"collection":[{"href":"https:\/\/radiorevelacionfm.cl\/index.php?rest_route=\/wp\/v2\/posts"}],"about":[{"href":"https:\/\/radiorevelacionfm.cl\/index.php?rest_route=\/wp\/v2\/types\/post"}],"author":[{"embeddable":true,"href":"https:\/\/radiorevelacionfm.cl\/index.php?rest_route=\/wp\/v2\/users\/1"}],"replies":[{"embeddable":true,"href":"https:\/\/radiorevelacionfm.cl\/index.php?rest_route=%2Fwp%2Fv2%2Fcomments&post=30874"}],"version-history":[{"count":1,"href":"https:\/\/radiorevelacionfm.cl\/index.php?rest_route=\/wp\/v2\/posts\/30874\/revisions"}],"predecessor-version":[{"id":30876,"href":"https:\/\/radiorevelacionfm.cl\/index.php?rest_route=\/wp\/v2\/posts\/30874\/revisions\/30876"}],"wp:featuredmedia":[{"embeddable":true,"href":"https:\/\/radiorevelacionfm.cl\/index.php?rest_route=\/wp\/v2\/media\/30875"}],"wp:attachment":[{"href":"https:\/\/radiorevelacionfm.cl\/index.php?rest_route=%2Fwp%2Fv2%2Fmedia&parent=30874"}],"wp:term":[{"taxonomy":"category","embeddable":true,"href":"https:\/\/radiorevelacionfm.cl\/index.php?rest_route=%2Fwp%2Fv2%2Fcategories&post=30874"},{"taxonomy":"post_tag","embeddable":true,"href":"https:\/\/radiorevelacionfm.cl\/index.php?rest_route=%2Fwp%2Fv2%2Ftags&post=30874"}],"curies":[{"name":"wp","href":"https:\/\/api.w.org\/{rel}","templated":true}]}}