{"id":30868,"date":"2023-05-10T16:44:54","date_gmt":"2023-05-10T19:44:54","guid":{"rendered":"https:\/\/radiorevelacionfm.cl\/?p=30868"},"modified":"2023-05-10T16:48:13","modified_gmt":"2023-05-10T19:48:13","slug":"culmina-gira-del-festival-de-teatro-patagonia-en-escena-que-logro-llegar-a-cochrane-y-puerto-ibanez","status":"publish","type":"post","link":"https:\/\/radiorevelacionfm.cl\/?p=30868","title":{"rendered":"Culmina gira del festival de teatro Patagonia en Escena, que logr\u00f3 llegar a Cochrane y Puerto Ib\u00e1\u00f1ez"},"content":{"rendered":"<div class=\"flex_column av_one_full  flex_column_div av-zero-column-padding first  avia-builder-el-0  el_before_av_one_full  avia-builder-el-first  \" style='border-radius:0px; '><div  class='avia-image-container  av-styling-    avia-builder-el-1  avia-builder-el-no-sibling  avia-align-center '  itemprop=\"image\" itemscope=\"itemscope\" itemtype=\"https:\/\/schema.org\/ImageObject\"  ><div class='avia-image-container-inner'><div class='avia-image-overlay-wrap'><img decoding=\"async\" class='wp-image-30872 avia-img-lazy-loading-not-30872 avia_image' src=\"https:\/\/radiorevelacionfm.cl\/wp-content\/uploads\/2023\/05\/pee-equipo-malotun-y-compan_-ias-en-la-confluencia-1_optimized.jpeg\" alt='' title='pee-equipo-malotun-y-compan_-\u00edas-en-la-confluencia - (1)_optimized' height=\"600\" width=\"1156\"  itemprop=\"thumbnailUrl\" srcset=\"https:\/\/radiorevelacionfm.cl\/wp-content\/uploads\/2023\/05\/pee-equipo-malotun-y-compan_-ias-en-la-confluencia-1_optimized.jpeg 1156w, https:\/\/radiorevelacionfm.cl\/wp-content\/uploads\/2023\/05\/pee-equipo-malotun-y-compan_-ias-en-la-confluencia-1_optimized-300x156.jpeg 300w, https:\/\/radiorevelacionfm.cl\/wp-content\/uploads\/2023\/05\/pee-equipo-malotun-y-compan_-ias-en-la-confluencia-1_optimized-1030x535.jpeg 1030w, https:\/\/radiorevelacionfm.cl\/wp-content\/uploads\/2023\/05\/pee-equipo-malotun-y-compan_-ias-en-la-confluencia-1_optimized-768x399.jpeg 768w, https:\/\/radiorevelacionfm.cl\/wp-content\/uploads\/2023\/05\/pee-equipo-malotun-y-compan_-ias-en-la-confluencia-1_optimized-705x366.jpeg 705w, https:\/\/radiorevelacionfm.cl\/wp-content\/uploads\/2023\/05\/pee-equipo-malotun-y-compan_-ias-en-la-confluencia-1_optimized-450x234.jpeg 450w, https:\/\/radiorevelacionfm.cl\/wp-content\/uploads\/2023\/05\/pee-equipo-malotun-y-compan_-ias-en-la-confluencia-1_optimized-600x311.jpeg 600w\" sizes=\"(max-width: 1156px) 100vw, 1156px\" \/><\/div><\/div><\/div><\/div><div class=\"flex_column av_one_full  flex_column_div av-zero-column-padding first  avia-builder-el-2  el_after_av_one_full  el_before_av_one_full  column-top-margin\" style='border-radius:0px; '><section class=\"av_textblock_section \"  itemscope=\"itemscope\" itemtype=\"https:\/\/schema.org\/BlogPosting\" itemprop=\"blogPost\" ><div class='avia_textblock  '   itemprop=\"text\" ><p style=\"text-align: center;\"><strong><span style=\"font-size: 18pt;\">Culmina gira del festival de teatro Patagonia en Escena, que logr\u00f3 llegar a Cochrane y Puerto Ib\u00e1\u00f1ez<\/span><\/strong><\/p>\n<div id=\"gtx-trans\" style=\"position: absolute; left: -50px; top: 4.31534px;\">\n<div class=\"gtx-trans-icon\"><\/div>\n<\/div>\n<\/div><\/section><\/div><\/p>\n<div class=\"flex_column av_one_full  flex_column_div av-zero-column-padding first  avia-builder-el-4  el_after_av_one_full  el_before_av_hr  column-top-margin\" style='border-radius:0px; '><section class=\"av_textblock_section \"  itemscope=\"itemscope\" itemtype=\"https:\/\/schema.org\/BlogPosting\" itemprop=\"blogPost\" ><div class='avia_textblock  '   itemprop=\"text\" ><p style=\"text-align: justify;\">Con gran satisfacci\u00f3n por parte de la organizaci\u00f3n cultural Malotun Ortiga, encargada de la iniciativa, eval\u00faan el desarrollo de las actividades, principalmente enfocadas a un p\u00fablico infantil y famliar, lo que permite ir formando nuevas audiencias para las artes esc\u00e9nicas, situaci\u00f3n valorada positivamente por las comunidades, ya que reconoces escasas oportunidades de acceder a actividades de este tipo. Al respecto, Ver\u00f3nica Ibieta, directora de \u201cPatagonia en Escena\u201d, realiz\u00f3 un balance positivo de lo que fue esta actividad, indicando que \u201cdurante esta itinerancia de oto\u00f1o del festival Patagonia en Escena pudimos estar en 2 localidades aisladas, donde sabemos que no es tan f\u00e1cil acceder a obras de teatro y tuvimos una muy buena recepci\u00f3n por parte del p\u00fablico, lo que fue complementado muy bien con instancias de mediaci\u00f3n art\u00edstica donde conversamos con las compa\u00f1\u00edas y pudimos conocer acerca del proceso creativo, lo que siempre de alguna manera aporta a la formaci\u00f3n de audiencia y tambi\u00e9n a la descentralizaci\u00f3n de las artes ac\u00e1 en la regi\u00f3n de Ays\u00e9n\u201d.<\/p>\n<p style=\"text-align: justify;\"><strong>Relevancia para la creaci\u00f3n local<\/strong><\/p>\n<p style=\"text-align: justify;\">Por su parte, las compa\u00f1\u00edas invitadas consideran que la itinerancia, adem\u00e1s de llegar a ampliar el territorio y el p\u00fablico en localidades rurales, como son Cochrane y Puerto Ib\u00e1\u00f1ez, se permite generar oportunidades de trabajo tanto para artistas como para personal t\u00e9cnico que son parte de las presentaciones. Cecilia Barril, integrante de Ramillete Clown, agradeci\u00f3 la instancia se\u00f1alando que \u201cestamos muy agradecidos de la agrupaci\u00f3n Malotun Ortiga por seguir vinculando a los artistas locales con las localidades de esta regi\u00f3n, as\u00ed nos podemos conocer entre todos y fortalecemos par seguir adelante con las artes esc\u00e9nicas\u201d.<\/p>\n<p style=\"text-align: justify;\"><strong>Participaci\u00f3n comunitaria<\/strong><\/p>\n<p style=\"text-align: justify;\">Para finalizar, Malotun valor\u00f3 la participaci\u00f3n de ambos municipios y de las agrupaciones Sinfon\u00eda del Viento, de Puerto Ib\u00e1\u00f1ez; y el Colectivo Cheelkenue, de Cochrane, contando esta \u00faltima agrupaci\u00f3n con la realizaci\u00f3n, en paralelo a las obras, una actividad formativa junto a Vuelo Teatro.<\/p>\n<p style=\"text-align: justify;\">Evelyn G\u00e1lvez, participante del taller en Cochrane, destac\u00f3 la \u201coportunidad para refrescar lo aprendido en la capacitaci\u00f3n inicial y que pudimos pulir ahora y principalmente renovar las energ\u00edas en el tema y poder proyectar a futuro un trabajo m\u00e1s profesional y presente tanto en la comuna como en la regi\u00f3n\u201d.<\/p>\n<p style=\"text-align: justify;\">La Itinerancia de Oto\u00f1o de Patagonia en Escena es cofinanciada por el Fondo Nacional de Fomento y Desarrollo de las Artes Esc\u00e9nicas y por el Programa de Apoyo a Otras Organizaciones Colaboradoras, del Ministerio de las Culturas, las Artes y el Patrimonio.<\/p>\n<\/div><\/section><\/div>\n<div  style='height:50px' class='hr hr-invisible   avia-builder-el-6  el_after_av_one_full  el_before_av_social_share '><span class='hr-inner ' ><span class='hr-inner-style'><\/span><\/span><\/div>\n<div  class='av-social-sharing-box  avia-builder-el-7  el_after_av_hr  el_before_av_hr  '><div class='av-share-box'><h5 class='av-share-link-description av-no-toc '>Compartir esta noticia<\/h5><ul class='av-share-box-list noLightbox'><li class='av-share-link av-social-link-facebook' ><a target=\"_blank\" aria-label=\"Compartir en Facebook\" href='https:\/\/www.facebook.com\/sharer.php?u=https:\/\/radiorevelacionfm.cl\/?p=30868&#038;t=Culmina%20gira%20del%20festival%20de%20teatro%20Patagonia%20en%20Escena%2C%20que%20logr%C3%B3%20llegar%20a%20Cochrane%20y%20Puerto%20Ib%C3%A1%C3%B1ez' aria-hidden='false' data-av_icon='\ue8f3' data-av_iconfont='entypo-fontello' title='' data-avia-related-tooltip='Compartir en Facebook' rel=\"noopener\"><span class='avia_hidden_link_text'>Compartir en Facebook<\/span><\/a><\/li><li class='av-share-link av-social-link-twitter' ><a target=\"_blank\" aria-label=\"Compartir en Twitter\" href='https:\/\/twitter.com\/share?text=Culmina%20gira%20del%20festival%20de%20teatro%20Patagonia%20en%20Escena%2C%20que%20logr%C3%B3%20llegar%20a%20Cochrane%20y%20Puerto%20Ib%C3%A1%C3%B1ez&#038;url=https:\/\/radiorevelacionfm.cl\/?p=30868' aria-hidden='false' data-av_icon='\ue8f1' data-av_iconfont='entypo-fontello' title='' data-avia-related-tooltip='Compartir en Twitter' rel=\"noopener\"><span class='avia_hidden_link_text'>Compartir en Twitter<\/span><\/a><\/li><li class='av-share-link av-social-link-whatsapp' ><a target=\"_blank\" aria-label=\"Compartir en Whatsapp\" href='https:\/\/api.whatsapp.com\/send?text=https:\/\/radiorevelacionfm.cl\/?p=30868' aria-hidden='false' data-av_icon='\uf232' data-av_iconfont='entypo-fontello' title='' data-avia-related-tooltip='Compartir en Whatsapp' rel=\"noopener\"><span class='avia_hidden_link_text'>Compartir en Whatsapp<\/span><\/a><\/li><li class='av-share-link av-social-link-linkedin' ><a target=\"_blank\" aria-label=\"Compartir en LinkedIn\" href='https:\/\/linkedin.com\/shareArticle?mini=true&#038;title=Culmina%20gira%20del%20festival%20de%20teatro%20Patagonia%20en%20Escena%2C%20que%20logr%C3%B3%20llegar%20a%20Cochrane%20y%20Puerto%20Ib%C3%A1%C3%B1ez&#038;url=https:\/\/radiorevelacionfm.cl\/?p=30868' aria-hidden='false' data-av_icon='\ue8fc' data-av_iconfont='entypo-fontello' title='' data-avia-related-tooltip='Compartir en LinkedIn' rel=\"noopener\"><span class='avia_hidden_link_text'>Compartir en LinkedIn<\/span><\/a><\/li><li class='av-share-link av-social-link-mail' ><a  aria-label=\"Compartir por correo\" href='mailto:?subject=Culmina%20gira%20del%20festival%20de%20teatro%20Patagonia%20en%20Escena%2C%20que%20logr%C3%B3%20llegar%20a%20Cochrane%20y%20Puerto%20Ib%C3%A1%C3%B1ez&#038;body=https:\/\/radiorevelacionfm.cl\/?p=30868' aria-hidden='false' data-av_icon='\ue805' data-av_iconfont='entypo-fontello' title='' data-avia-related-tooltip='Compartir por correo'><span class='avia_hidden_link_text'>Compartir por correo<\/span><\/a><\/li><\/ul><\/div><\/div>\n<div  style='height:50px' class='hr hr-invisible   avia-builder-el-8  el_after_av_social_share  el_before_av_comments_list '><span class='hr-inner ' ><span class='hr-inner-style'><\/span><\/span><\/div>\n<div  class='av-buildercomment  av-blog-meta-html-info-disabled av-blog-meta-tag-disabled  '><\/div>\n","protected":false},"excerpt":{"rendered":"","protected":false},"author":1,"featured_media":30872,"comment_status":"open","ping_status":"open","sticky":false,"template":"","format":"standard","meta":{"footnotes":""},"categories":[52],"tags":[],"class_list":["post-30868","post","type-post","status-publish","format-standard","has-post-thumbnail","hentry","category-cultura"],"jetpack_featured_media_url":"https:\/\/radiorevelacionfm.cl\/wp-content\/uploads\/2023\/05\/pee-equipo-malotun-y-compan_-ias-en-la-confluencia-1_optimized.jpeg","_links":{"self":[{"href":"https:\/\/radiorevelacionfm.cl\/index.php?rest_route=\/wp\/v2\/posts\/30868","targetHints":{"allow":["GET"]}}],"collection":[{"href":"https:\/\/radiorevelacionfm.cl\/index.php?rest_route=\/wp\/v2\/posts"}],"about":[{"href":"https:\/\/radiorevelacionfm.cl\/index.php?rest_route=\/wp\/v2\/types\/post"}],"author":[{"embeddable":true,"href":"https:\/\/radiorevelacionfm.cl\/index.php?rest_route=\/wp\/v2\/users\/1"}],"replies":[{"embeddable":true,"href":"https:\/\/radiorevelacionfm.cl\/index.php?rest_route=%2Fwp%2Fv2%2Fcomments&post=30868"}],"version-history":[{"count":2,"href":"https:\/\/radiorevelacionfm.cl\/index.php?rest_route=\/wp\/v2\/posts\/30868\/revisions"}],"predecessor-version":[{"id":30873,"href":"https:\/\/radiorevelacionfm.cl\/index.php?rest_route=\/wp\/v2\/posts\/30868\/revisions\/30873"}],"wp:featuredmedia":[{"embeddable":true,"href":"https:\/\/radiorevelacionfm.cl\/index.php?rest_route=\/wp\/v2\/media\/30872"}],"wp:attachment":[{"href":"https:\/\/radiorevelacionfm.cl\/index.php?rest_route=%2Fwp%2Fv2%2Fmedia&parent=30868"}],"wp:term":[{"taxonomy":"category","embeddable":true,"href":"https:\/\/radiorevelacionfm.cl\/index.php?rest_route=%2Fwp%2Fv2%2Fcategories&post=30868"},{"taxonomy":"post_tag","embeddable":true,"href":"https:\/\/radiorevelacionfm.cl\/index.php?rest_route=%2Fwp%2Fv2%2Ftags&post=30868"}],"curies":[{"name":"wp","href":"https:\/\/api.w.org\/{rel}","templated":true}]}}