{"id":30865,"date":"2023-05-10T20:24:14","date_gmt":"2023-05-10T23:24:14","guid":{"rendered":"https:\/\/radiorevelacionfm.cl\/?p=30865"},"modified":"2023-05-10T20:24:14","modified_gmt":"2023-05-10T23:24:14","slug":"con-90-participantes-nuevas-inicia-formalmente-el-programa-mujeres-jefas-de-hogar-en-aysen","status":"publish","type":"post","link":"https:\/\/radiorevelacionfm.cl\/?p=30865","title":{"rendered":"Con 90 participantes nuevas inicia formalmente el programa Mujeres Jefas de Hogar en Ays\u00e9n"},"content":{"rendered":"<div class=\"flex_column av_one_full  flex_column_div av-zero-column-padding first  avia-builder-el-0  el_before_av_one_full  avia-builder-el-first  \" style='border-radius:0px; '><div  class='avia-image-container  av-styling-    avia-builder-el-1  avia-builder-el-no-sibling  avia-align-center '  itemprop=\"image\" itemscope=\"itemscope\" itemtype=\"https:\/\/schema.org\/ImageObject\"  ><div class='avia-image-container-inner'><div class='avia-image-overlay-wrap'><img decoding=\"async\" class='wp-image-30866 avia-img-lazy-loading-not-30866 avia_image' src=\"https:\/\/radiorevelacionfm.cl\/wp-content\/uploads\/2023\/05\/dsc_0197-1-1_optimized-1-1.jpg\" alt='' title='dsc_0197-(1)-(1)_optimized (1) (1)' height=\"600\" width=\"1387\"  itemprop=\"thumbnailUrl\" srcset=\"https:\/\/radiorevelacionfm.cl\/wp-content\/uploads\/2023\/05\/dsc_0197-1-1_optimized-1-1.jpg 1387w, https:\/\/radiorevelacionfm.cl\/wp-content\/uploads\/2023\/05\/dsc_0197-1-1_optimized-1-1-300x130.jpg 300w, https:\/\/radiorevelacionfm.cl\/wp-content\/uploads\/2023\/05\/dsc_0197-1-1_optimized-1-1-1030x446.jpg 1030w, https:\/\/radiorevelacionfm.cl\/wp-content\/uploads\/2023\/05\/dsc_0197-1-1_optimized-1-1-768x332.jpg 768w, https:\/\/radiorevelacionfm.cl\/wp-content\/uploads\/2023\/05\/dsc_0197-1-1_optimized-1-1-705x305.jpg 705w, https:\/\/radiorevelacionfm.cl\/wp-content\/uploads\/2023\/05\/dsc_0197-1-1_optimized-1-1-450x195.jpg 450w, https:\/\/radiorevelacionfm.cl\/wp-content\/uploads\/2023\/05\/dsc_0197-1-1_optimized-1-1-600x260.jpg 600w\" sizes=\"(max-width: 1387px) 100vw, 1387px\" \/><\/div><\/div><\/div><\/div><div class=\"flex_column av_one_full  flex_column_div av-zero-column-padding first  avia-builder-el-2  el_after_av_one_full  el_before_av_one_full  column-top-margin\" style='border-radius:0px; '><section class=\"av_textblock_section \"  itemscope=\"itemscope\" itemtype=\"https:\/\/schema.org\/BlogPosting\" itemprop=\"blogPost\" ><div class='avia_textblock  '   itemprop=\"text\" ><p style=\"text-align: center;\"><strong><span style=\"font-size: 18pt;\">Con 90 participantes nuevas inicia formalmente el programa Mujeres Jefas de Hogar en Ays\u00e9n<\/span><\/strong><\/p>\n<div id=\"gtx-trans\" style=\"position: absolute; left: -50px; top: 4.31534px;\">\n<div class=\"gtx-trans-icon\"><\/div>\n<\/div>\n<\/div><\/section><\/div><div class=\"flex_column av_one_full  flex_column_div av-zero-column-padding first  avia-builder-el-4  el_after_av_one_full  el_before_av_hr  column-top-margin\" style='border-radius:0px; '><section class=\"av_textblock_section \"  itemscope=\"itemscope\" itemtype=\"https:\/\/schema.org\/BlogPosting\" itemprop=\"blogPost\" ><div class='avia_textblock  '   itemprop=\"text\" ><p style=\"font-weight: 400; text-align: justify;\">Con una alta asistencia, se llev\u00f3 a cabo en la Casa de la Cultura en Puerto Ays\u00e9n la ceremonia de apertura oficial del programa Mujeres Jefas de Hogar del Servicio Nacional de la Mujer y la Equidad de G\u00e9nero, SernamEG, que se ejecuta en convenio con el municipio local. La intervenci\u00f3n program\u00e1tica, tiene como finalidad que las participantes fortalezcan su autonom\u00eda econ\u00f3mica, mediante la implementaci\u00f3n con pertinencia cultural y territorial, promoviendo la incorporaci\u00f3n, permanencia y desarrollo en el mundo del trabajo remunerado.<\/p>\n<p style=\"font-weight: 400; text-align: justify;\">Respecto a la relevancia que tiene el modelo program\u00e1tico que se condice con los lineamientos del Gobierno del Presidente Gabriel Boric Font, el Delegado Presidencial Provincial (S) de Ays\u00e9n, Samuel Navarro Castro, dijo: \u201cel programa de Gobierno est\u00e1 enfocado este a\u00f1o particularmente en tres ejes que son seguridad econ\u00f3mica, ciudadana y social. Justamente, respecto a este \u00faltimo \u00e9nfasis es el que se va entregando a trav\u00e9s de distintos programas a las mujeres, ayer estuvimos en Chile Chico con el 4 a 7 y hoy con el Mujeres Jefas de Hogar. En este sentido, hacemos un llamado para que la poblaci\u00f3n se informe a trav\u00e9s de los medios, p\u00e1ginas web y redes sociales oficiales de nuestros servicios, sobre aquellas actividades que estamos desarrollando; para que puedan participar e incorporar estos conocimientos para tener una mejor calidad de vida\u201d.<\/p>\n<p style=\"font-weight: 400; text-align: justify;\">Junto con destacar las m\u00e1s de dos d\u00e9cadas de permanencia del programa Mujeres Jefas de Hogar en la comuna de Ays\u00e9n, la Directora Regional (S) de SernamEG, Carla Arriagada Malague\u00f1o, manifest\u00f3: \u201cla autonom\u00eda econ\u00f3mica de las mujeres es uno de los pilares fundamentales del trabajo que tiene el Servicio, y en este sentido, este modelo program\u00e1tico es relevante, porque trabaja en un \u00e1mbito en el cual habitualmente las mujeres se ven muy afectadas. A prop\u00f3sito de la pandemia tuvimos retrocesos de m\u00e1s de una d\u00e9cada en la inserci\u00f3n laboral femenina; por lo tanto, que este Programa siga trabajando con fuerza, visibilizando sus necesidades, es fundamental para el pa\u00eds, el Servicio y las comunas donde se desarrolla; ya que las mujeres tambi\u00e9n impulsan la econom\u00eda de Chile\u201d.<\/p>\n<p style=\"font-weight: 400; text-align: justify;\">Por su parte, el Director de Seguridad P\u00fablica de la Municipalidad de Ays\u00e9n, Marco Co\u00f1uecar Villegas, sostuvo que \u201cestamos muy contentos con este Programa y abiertos a abrir nuevos convenios de colaboraci\u00f3n y de trabajo mutuo, porque aqu\u00ed hay una labor de varios departamentos del Municipio e instituciones. Siempre que se piense en el bien mayor, y que ser\u00eda en este caso, el apoyar a las mujeres es fundamental. Ellas son un pilar fundamental para la sociedad y el crecimiento de la comuna y esta instancia es una forma de poder decir que las pol\u00edticas p\u00fablicas buenas se tienen que repetir; as\u00ed que esperamos que sigamos trabajando y creciendo. Les deseamos \u00e9xito a las 90 mujeres que son parte de este modelo program\u00e1tico y sabemos que al momento que egresen tendr\u00e1n m\u00e1s herramientas y oportunidades para que cumplan sus sue\u00f1os\u201d.<\/p>\n<p style=\"font-weight: 400; text-align: justify;\">COORDINACI\u00d3N INTERSECTORIAL EN POS DE LAS MUJERES<\/p>\n<p style=\"font-weight: 400; text-align: justify;\">La participaci\u00f3n de las mujeres en el programa Mujeres Jefas de Hogar, se inicia con los Talleres de Formaci\u00f3n para el Trabajo y finaliza despu\u00e9s de 9 meses con la ejecuci\u00f3n de actividades, de acuerdo a su proyecto laboral a corto plazo. Para el desarrollo de los contenidos de algunas sesiones de los talleres, se solicita la colaboraci\u00f3n de algunos servicios y oficinas municipales. Durante el a\u00f1o 2022, se cont\u00f3 con el apoyo del Instituto Nacional de Derechos Humanos; Inspecci\u00f3n Provincial del Trabajo; Oficina de Desarrollo Econ\u00f3mico Local y el programa de Prevenci\u00f3n en Violencia contra las Mujeres.<\/p>\n<p style=\"font-weight: 400; text-align: justify;\">Tal como se ha se\u00f1alado, una de las l\u00edneas de apoyo que contempla en su dise\u00f1o el programa Mujeres Jefas de Hogar, es la capacitaci\u00f3n en el uso de las nuevas tecnolog\u00edas de la informaci\u00f3n y la comunicaci\u00f3n. Por consiguiente, las participantes cursaron capacitaciones de alfabetizaci\u00f3n digital b\u00e1sica y avanzada en el Centro de Formaci\u00f3n T\u00e9cnica Estatal de Ays\u00e9n. En esa l\u00ednea, en la ceremonia de apertura del modelo program\u00e1tico se realiz\u00f3 junto al egreso de las mujeres que cumplieron su trayectoria el a\u00f1o 2022 la entrega de su certificado por parte de la casa de estudios. Patricia Paillacar Cayun fue una de ellas y se refiri\u00f3 a la gesti\u00f3n con la casa de estudios, precisando que \u201cfue una experiencia muy satisfactoria el ser parte del programa Mujeres Jefas de Hogar, porque pude terminar varias etapas, si bien estaba acostumbrada a iniciar cursos no los terminaba, ya que para las mujeres se nos presentan muchos obst\u00e1culos. Ingres\u00e9 siendo dependiente, pero me prepar\u00e9 para poder abrir mi campo laboral de manera independiente. Saqu\u00e9 el cuarto medio laboral y tambi\u00e9n me certificaron en computaci\u00f3n, porque a pesar que una tiene varios a\u00f1os, tambi\u00e9n le falta esa parte tecnol\u00f3gica que es muy \u00fatil\u201d.<\/p>\n<p style=\"font-weight: 400; text-align: justify;\">En la actividad que marca el inicio oficial a\u00f1o 2023 del programa Mujeres Jefas de Hogar estuvieron presentes el Delegado Presidencial Provincial (S) de Ays\u00e9n, Samuel Navarro Castro; el representante del Alcalde de Ays\u00e9n, Marco Co\u00f1uecar Villegas; el Consejero Regional de Ays\u00e9n, Marco Gillibrand Mar\u00edn; la Directora Regional (S) del Servicio Nacional de la Mujer y la Equidad de G\u00e9nero, Carla Arriagada Malague\u00f1o; la Directora Ejecutiva Regional de Fundaci\u00f3n Prodemu, Ingrid Osorio Santana; el Fiscal del Centro de Formaci\u00f3n T\u00e9cnica Estatal, Selim Carrasco Lobo; y el Jefe de Carrera del \u00c1rea Acad\u00e9mica del Centro de Formaci\u00f3n T\u00e9cnica Estatal, Lorenzo Ale Moore.<\/p>\n<\/div><\/section><\/div><div  style='height:50px' class='hr hr-invisible   avia-builder-el-6  el_after_av_one_full  el_before_av_social_share '><span class='hr-inner ' ><span class='hr-inner-style'><\/span><\/span><\/div><\/p>\n<div  class='av-social-sharing-box  avia-builder-el-7  el_after_av_hr  el_before_av_hr  '><div class='av-share-box'><h5 class='av-share-link-description av-no-toc '>Compartir esta noticia<\/h5><ul class='av-share-box-list noLightbox'><li class='av-share-link av-social-link-facebook' ><a target=\"_blank\" aria-label=\"Compartir en Facebook\" href='https:\/\/www.facebook.com\/sharer.php?u=https:\/\/radiorevelacionfm.cl\/?p=30865&#038;t=Con%2090%20participantes%20nuevas%20inicia%20formalmente%20el%20programa%20Mujeres%20Jefas%20de%20Hogar%20en%20Ays%C3%A9n' aria-hidden='false' data-av_icon='\ue8f3' data-av_iconfont='entypo-fontello' title='' data-avia-related-tooltip='Compartir en Facebook' rel=\"noopener\"><span class='avia_hidden_link_text'>Compartir en Facebook<\/span><\/a><\/li><li class='av-share-link av-social-link-twitter' ><a target=\"_blank\" aria-label=\"Compartir en Twitter\" href='https:\/\/twitter.com\/share?text=Con%2090%20participantes%20nuevas%20inicia%20formalmente%20el%20programa%20Mujeres%20Jefas%20de%20Hogar%20en%20Ays%C3%A9n&#038;url=https:\/\/radiorevelacionfm.cl\/?p=30865' aria-hidden='false' data-av_icon='\ue8f1' data-av_iconfont='entypo-fontello' title='' data-avia-related-tooltip='Compartir en Twitter' rel=\"noopener\"><span class='avia_hidden_link_text'>Compartir en Twitter<\/span><\/a><\/li><li class='av-share-link av-social-link-whatsapp' ><a target=\"_blank\" aria-label=\"Compartir en Whatsapp\" href='https:\/\/api.whatsapp.com\/send?text=https:\/\/radiorevelacionfm.cl\/?p=30865' aria-hidden='false' data-av_icon='\uf232' data-av_iconfont='entypo-fontello' title='' data-avia-related-tooltip='Compartir en Whatsapp' rel=\"noopener\"><span class='avia_hidden_link_text'>Compartir en Whatsapp<\/span><\/a><\/li><li class='av-share-link av-social-link-linkedin' ><a target=\"_blank\" aria-label=\"Compartir en LinkedIn\" href='https:\/\/linkedin.com\/shareArticle?mini=true&#038;title=Con%2090%20participantes%20nuevas%20inicia%20formalmente%20el%20programa%20Mujeres%20Jefas%20de%20Hogar%20en%20Ays%C3%A9n&#038;url=https:\/\/radiorevelacionfm.cl\/?p=30865' aria-hidden='false' data-av_icon='\ue8fc' data-av_iconfont='entypo-fontello' title='' data-avia-related-tooltip='Compartir en LinkedIn' rel=\"noopener\"><span class='avia_hidden_link_text'>Compartir en LinkedIn<\/span><\/a><\/li><li class='av-share-link av-social-link-mail' ><a  aria-label=\"Compartir por correo\" href='mailto:?subject=Con%2090%20participantes%20nuevas%20inicia%20formalmente%20el%20programa%20Mujeres%20Jefas%20de%20Hogar%20en%20Ays%C3%A9n&#038;body=https:\/\/radiorevelacionfm.cl\/?p=30865' aria-hidden='false' data-av_icon='\ue805' data-av_iconfont='entypo-fontello' title='' data-avia-related-tooltip='Compartir por correo'><span class='avia_hidden_link_text'>Compartir por correo<\/span><\/a><\/li><\/ul><\/div><\/div>\n<div  style='height:50px' class='hr hr-invisible   avia-builder-el-8  el_after_av_social_share  el_before_av_comments_list '><span class='hr-inner ' ><span class='hr-inner-style'><\/span><\/span><\/div>\n<div  class='av-buildercomment  av-blog-meta-html-info-disabled av-blog-meta-tag-disabled  '><\/div>\n","protected":false},"excerpt":{"rendered":"","protected":false},"author":1,"featured_media":30866,"comment_status":"open","ping_status":"open","sticky":false,"template":"","format":"standard","meta":{"footnotes":""},"categories":[38],"tags":[],"class_list":["post-30865","post","type-post","status-publish","format-standard","has-post-thumbnail","hentry","category-regional"],"jetpack_featured_media_url":"https:\/\/radiorevelacionfm.cl\/wp-content\/uploads\/2023\/05\/dsc_0197-1-1_optimized-1-1.jpg","_links":{"self":[{"href":"https:\/\/radiorevelacionfm.cl\/index.php?rest_route=\/wp\/v2\/posts\/30865","targetHints":{"allow":["GET"]}}],"collection":[{"href":"https:\/\/radiorevelacionfm.cl\/index.php?rest_route=\/wp\/v2\/posts"}],"about":[{"href":"https:\/\/radiorevelacionfm.cl\/index.php?rest_route=\/wp\/v2\/types\/post"}],"author":[{"embeddable":true,"href":"https:\/\/radiorevelacionfm.cl\/index.php?rest_route=\/wp\/v2\/users\/1"}],"replies":[{"embeddable":true,"href":"https:\/\/radiorevelacionfm.cl\/index.php?rest_route=%2Fwp%2Fv2%2Fcomments&post=30865"}],"version-history":[{"count":1,"href":"https:\/\/radiorevelacionfm.cl\/index.php?rest_route=\/wp\/v2\/posts\/30865\/revisions"}],"predecessor-version":[{"id":30867,"href":"https:\/\/radiorevelacionfm.cl\/index.php?rest_route=\/wp\/v2\/posts\/30865\/revisions\/30867"}],"wp:featuredmedia":[{"embeddable":true,"href":"https:\/\/radiorevelacionfm.cl\/index.php?rest_route=\/wp\/v2\/media\/30866"}],"wp:attachment":[{"href":"https:\/\/radiorevelacionfm.cl\/index.php?rest_route=%2Fwp%2Fv2%2Fmedia&parent=30865"}],"wp:term":[{"taxonomy":"category","embeddable":true,"href":"https:\/\/radiorevelacionfm.cl\/index.php?rest_route=%2Fwp%2Fv2%2Fcategories&post=30865"},{"taxonomy":"post_tag","embeddable":true,"href":"https:\/\/radiorevelacionfm.cl\/index.php?rest_route=%2Fwp%2Fv2%2Ftags&post=30865"}],"curies":[{"name":"wp","href":"https:\/\/api.w.org\/{rel}","templated":true}]}}