{"id":30862,"date":"2023-05-10T16:30:15","date_gmt":"2023-05-10T19:30:15","guid":{"rendered":"https:\/\/radiorevelacionfm.cl\/?p=30862"},"modified":"2023-05-10T16:30:15","modified_gmt":"2023-05-10T19:30:15","slug":"con-grandes-expectativas-dieron-el-vamos-al-programa-para-pequenas-localidades-en-melinka","status":"publish","type":"post","link":"https:\/\/radiorevelacionfm.cl\/?p=30862","title":{"rendered":"Con grandes expectativas dieron el vamos al Programa para Peque\u00f1as Localidades en Melinka"},"content":{"rendered":"<div class=\"flex_column av_one_full  flex_column_div av-zero-column-padding first  avia-builder-el-0  el_before_av_one_full  avia-builder-el-first  \" style='border-radius:0px; '><div  class='avia-image-container  av-styling-    avia-builder-el-1  avia-builder-el-no-sibling  avia-align-center '  itemprop=\"image\" itemscope=\"itemscope\" itemtype=\"https:\/\/schema.org\/ImageObject\"  ><div class='avia-image-container-inner'><div class='avia-image-overlay-wrap'><img decoding=\"async\" class='wp-image-30863 avia-img-lazy-loading-not-30863 avia_image' src=\"https:\/\/radiorevelacionfm.cl\/wp-content\/uploads\/2023\/05\/Alcalde-y-Seremi-encabezaron-lanzamiento-Programa-Pequenas-Localidades-en-Melinka-1-1.jpg\" alt='' title='Alcalde y Seremi encabezaron lanzamiento Programa Peque\u00f1as Localidades en Melinka (1) (1)' height=\"600\" width=\"901\"  itemprop=\"thumbnailUrl\" srcset=\"https:\/\/radiorevelacionfm.cl\/wp-content\/uploads\/2023\/05\/Alcalde-y-Seremi-encabezaron-lanzamiento-Programa-Pequenas-Localidades-en-Melinka-1-1.jpg 901w, https:\/\/radiorevelacionfm.cl\/wp-content\/uploads\/2023\/05\/Alcalde-y-Seremi-encabezaron-lanzamiento-Programa-Pequenas-Localidades-en-Melinka-1-1-300x200.jpg 300w, https:\/\/radiorevelacionfm.cl\/wp-content\/uploads\/2023\/05\/Alcalde-y-Seremi-encabezaron-lanzamiento-Programa-Pequenas-Localidades-en-Melinka-1-1-768x511.jpg 768w, https:\/\/radiorevelacionfm.cl\/wp-content\/uploads\/2023\/05\/Alcalde-y-Seremi-encabezaron-lanzamiento-Programa-Pequenas-Localidades-en-Melinka-1-1-705x469.jpg 705w, https:\/\/radiorevelacionfm.cl\/wp-content\/uploads\/2023\/05\/Alcalde-y-Seremi-encabezaron-lanzamiento-Programa-Pequenas-Localidades-en-Melinka-1-1-450x300.jpg 450w, https:\/\/radiorevelacionfm.cl\/wp-content\/uploads\/2023\/05\/Alcalde-y-Seremi-encabezaron-lanzamiento-Programa-Pequenas-Localidades-en-Melinka-1-1-600x400.jpg 600w\" sizes=\"(max-width: 901px) 100vw, 901px\" \/><\/div><\/div><\/div><\/div><div class=\"flex_column av_one_full  flex_column_div av-zero-column-padding first  avia-builder-el-2  el_after_av_one_full  el_before_av_one_full  column-top-margin\" style='border-radius:0px; '><section class=\"av_textblock_section \"  itemscope=\"itemscope\" itemtype=\"https:\/\/schema.org\/BlogPosting\" itemprop=\"blogPost\" ><div class='avia_textblock  '   itemprop=\"text\" ><p style=\"text-align: center;\"><strong><span style=\"font-size: 18pt;\">Con grandes expectativas dieron el vamos al Programa para Peque\u00f1as Localidades en Melinka<\/span><\/strong><\/p>\n<div id=\"gtx-trans\" style=\"position: absolute; left: -50px; top: 4.31534px;\">\n<div class=\"gtx-trans-icon\"><\/div>\n<\/div>\n<\/div><\/section><\/div><div class=\"flex_column av_one_full  flex_column_div av-zero-column-padding first  avia-builder-el-4  el_after_av_one_full  el_before_av_hr  column-top-margin\" style='border-radius:0px; '><section class=\"av_textblock_section \"  itemscope=\"itemscope\" itemtype=\"https:\/\/schema.org\/BlogPosting\" itemprop=\"blogPost\" ><div class='avia_textblock  '   itemprop=\"text\" ><p style=\"text-align: justify;\">En una emotiva ceremonia encabezada por la Seremi de Vivienda, Paulina Ruz y el Alcalde Marcos Silva, donde participaron tambi\u00e9n autoridades locales, dirigentes y comunidad, se realiz\u00f3 esta semana en Melinka el lanzamiento oficial del Programa para Peque\u00f1as Localidades, iniciativa del Ministerio de Vivienda y Urbanismo (Minvu) que se basa en la participaci\u00f3n ciudadana y que destina recursos para concretar proyectos y potenciar el trabajo con los diferentes actores sociales de la localidad y de la comuna de Guaitecas.<\/p>\n<p style=\"text-align: justify;\">El inicio del trabajo fue muy valorado por las autoridades y la comunidad, destacando la presentaci\u00f3n de la dupla de profesionales que estar\u00e1 encargada de levantar y procesar la informaci\u00f3n relevante del territorio, abrir espacios de di\u00e1logo y trabajo con la comunidad para ir definiendo en conjunto cuales son las prioridades, proyectos y necesidades que se atender\u00e1n con los recursos disponibles, los que bordean los mil 500 millones de pesos, para ir desarrollando y ejecutando el programa en un periodo de cuatro a\u00f1os.<\/p>\n<p style=\"text-align: justify;\">La Seremi de Vivienda y Urbanismo, Paulina Ruz, record\u00f3 que el programa pretende fortalecer las localidades y por eso se debe recibir como una gran oportunidad para incentivar el crecimiento de Melinka. \u201cAs\u00ed tiene que entenderse, m\u00e1s all\u00e1 de los recursos asociados es una oportunidad para fomentar el empleo en la localidad, para armar y cohesionar de mayor manera el tejido social de las familias. Tambi\u00e9n para hacer m\u00e1s vida comunitaria y para tener obras urbanas que recuperen espacios p\u00fablicos, siempre pensando en que las personas puedan tener una mejor calidad de vida. Yo resumo esto con la palabra oportunidad y estoy muy contenta de que Melinka sea beneficiada con este programa. Para nosotros es esencial el trabajo comunitario, as\u00ed que espero que sea fruct\u00edfero en estos cuatro a\u00f1os y que podamos sacar adelante grandes proyectos en beneficio de las familias\u201d, manifest\u00f3.<\/p>\n<p style=\"text-align: justify;\">El alcalde Marcos Silva enfatiz\u00f3 en que se trata de una noticia muy esperada en la comuna, ya que trae grandes oportunidades, pero tambi\u00e9n exige mucha responsabilidad para sacar adelante la tarea con los profesionales que ser\u00e1n apoyados por el Minvu, el Municipio y un equipo del Servicio Pa\u00eds. \u201cHoy contamos con este equipo que hace el trabajo con la comunidad, con la municipalidad, con los funcionarios, con las organizaciones, que esperamos generen de alguna manera estas iniciativas de lo que queremos desarrollar hoy en la comuna, el c\u00f3mo la queremos llevar hacia adelante. Por lo tanto, no cabe duda que este programa viene a cambiarnos la vida, pero ese cambio depende de qu\u00e9 tan comprometidos estemos todos y todas para poder hacer iniciativas que permitan llevar al desarrollo, en el \u00e1mbito social, productivo, c\u00f3mo armamos proyectos que van a ser financiados desde la iniciativa local\u201d, advirti\u00f3.<\/p>\n<p style=\"text-align: justify;\">La trabajadora social del programa, Yaritza Aguilar, describi\u00f3 parte del trabajo que ya est\u00e1n desarrollando con las vecinas y vecinos de Melinka. \u201cEl programa parte en el mes de marzo, donde empezamos a trabajar en un diagn\u00f3stico territorial que va a durar cuatro meses. All\u00ed estamos conociendo las caracter\u00edsticas del territorio, la gente, las distintas organizaciones con las que vamos a poder ir trabajando. As\u00ed que vamos a hacer un Plan de Desarrollo Local en los otros siguientes tres meses y durante todo el a\u00f1o vamos a estar recogiendo y analizando informaci\u00f3n junto a las personas, con mucha participaci\u00f3n ciudadana en las diferentes etapas\u201d, precis\u00f3.<\/p>\n<p style=\"text-align: justify;\">De igual forma la arquitecta Elizabeth Leiva indic\u00f3 que las expectativas hoy est\u00e1n en conocer y motivar a los actores claves del territorio, para conformar un plan de desarrollo con pertinencia y con un arraigo local. \u201cEl objetivo es que se puedan concretar obras que ayuden a la vocaci\u00f3n productiva que tiene Melinka, agregar pertenencia a los espacios p\u00fablicos con esta inversi\u00f3n que trae el programa, que no es menor, entonces son m\u00e1s o menos unas 4 o cinco obras que se van a crear. La idea es lograr que la comunidad sea parte de esto, trabajar activamente con la gente, dejar una huella y para eso queremos invitarlos a participar arduamente, que se acerquen, ya que con los brazos abiertos los vamos a estar esperando\u201d, asegur\u00f3.<\/p>\n<p style=\"text-align: justify;\">Finalmente, autoridades, dirigentes, vecinos y vecinas expresaron su compromiso de trabajar en conjunto para sacar el m\u00e1ximo provecho al Programa para Peque\u00f1as Localidades, generando iniciativas, proyectos y estrategias que en base a los principios de equidad territorial, desarrollo local e integraci\u00f3n social permitan mejorar la vida de los habitantes e ir superando el d\u00e9ficit urbano y habitacional que actualmente presenta la comuna.<\/p>\n<\/div><\/section><\/div><div  style='height:50px' class='hr hr-invisible   avia-builder-el-6  el_after_av_one_full  el_before_av_social_share '><span class='hr-inner ' ><span class='hr-inner-style'><\/span><\/span><\/div><\/p>\n<div  class='av-social-sharing-box  avia-builder-el-7  el_after_av_hr  el_before_av_hr  '><div class='av-share-box'><h5 class='av-share-link-description av-no-toc '>Compartir esta noticia<\/h5><ul class='av-share-box-list noLightbox'><li class='av-share-link av-social-link-facebook' ><a target=\"_blank\" aria-label=\"Compartir en Facebook\" href='https:\/\/www.facebook.com\/sharer.php?u=https:\/\/radiorevelacionfm.cl\/?p=30862&#038;t=Con%20grandes%20expectativas%20dieron%20el%20vamos%20al%20Programa%20para%20Peque%C3%B1as%20Localidades%20en%20Melinka' aria-hidden='false' data-av_icon='\ue8f3' data-av_iconfont='entypo-fontello' title='' data-avia-related-tooltip='Compartir en Facebook' rel=\"noopener\"><span class='avia_hidden_link_text'>Compartir en Facebook<\/span><\/a><\/li><li class='av-share-link av-social-link-twitter' ><a target=\"_blank\" aria-label=\"Compartir en Twitter\" href='https:\/\/twitter.com\/share?text=Con%20grandes%20expectativas%20dieron%20el%20vamos%20al%20Programa%20para%20Peque%C3%B1as%20Localidades%20en%20Melinka&#038;url=https:\/\/radiorevelacionfm.cl\/?p=30862' aria-hidden='false' data-av_icon='\ue8f1' data-av_iconfont='entypo-fontello' title='' data-avia-related-tooltip='Compartir en Twitter' rel=\"noopener\"><span class='avia_hidden_link_text'>Compartir en Twitter<\/span><\/a><\/li><li class='av-share-link av-social-link-whatsapp' ><a target=\"_blank\" aria-label=\"Compartir en Whatsapp\" href='https:\/\/api.whatsapp.com\/send?text=https:\/\/radiorevelacionfm.cl\/?p=30862' aria-hidden='false' data-av_icon='\uf232' data-av_iconfont='entypo-fontello' title='' data-avia-related-tooltip='Compartir en Whatsapp' rel=\"noopener\"><span class='avia_hidden_link_text'>Compartir en Whatsapp<\/span><\/a><\/li><li class='av-share-link av-social-link-linkedin' ><a target=\"_blank\" aria-label=\"Compartir en LinkedIn\" href='https:\/\/linkedin.com\/shareArticle?mini=true&#038;title=Con%20grandes%20expectativas%20dieron%20el%20vamos%20al%20Programa%20para%20Peque%C3%B1as%20Localidades%20en%20Melinka&#038;url=https:\/\/radiorevelacionfm.cl\/?p=30862' aria-hidden='false' data-av_icon='\ue8fc' data-av_iconfont='entypo-fontello' title='' data-avia-related-tooltip='Compartir en LinkedIn' rel=\"noopener\"><span class='avia_hidden_link_text'>Compartir en LinkedIn<\/span><\/a><\/li><li class='av-share-link av-social-link-mail' ><a  aria-label=\"Compartir por correo\" href='mailto:?subject=Con%20grandes%20expectativas%20dieron%20el%20vamos%20al%20Programa%20para%20Peque%C3%B1as%20Localidades%20en%20Melinka&#038;body=https:\/\/radiorevelacionfm.cl\/?p=30862' aria-hidden='false' data-av_icon='\ue805' data-av_iconfont='entypo-fontello' title='' data-avia-related-tooltip='Compartir por correo'><span class='avia_hidden_link_text'>Compartir por correo<\/span><\/a><\/li><\/ul><\/div><\/div>\n<div  style='height:50px' class='hr hr-invisible   avia-builder-el-8  el_after_av_social_share  el_before_av_comments_list '><span class='hr-inner ' ><span class='hr-inner-style'><\/span><\/span><\/div>\n<div  class='av-buildercomment  av-blog-meta-html-info-disabled av-blog-meta-tag-disabled  '><\/div>\n","protected":false},"excerpt":{"rendered":"","protected":false},"author":1,"featured_media":30863,"comment_status":"open","ping_status":"open","sticky":false,"template":"","format":"standard","meta":{"footnotes":""},"categories":[57],"tags":[],"class_list":["post-30862","post","type-post","status-publish","format-standard","has-post-thumbnail","hentry","category-vivienda"],"jetpack_featured_media_url":"https:\/\/radiorevelacionfm.cl\/wp-content\/uploads\/2023\/05\/Alcalde-y-Seremi-encabezaron-lanzamiento-Programa-Pequenas-Localidades-en-Melinka-1-1.jpg","_links":{"self":[{"href":"https:\/\/radiorevelacionfm.cl\/index.php?rest_route=\/wp\/v2\/posts\/30862","targetHints":{"allow":["GET"]}}],"collection":[{"href":"https:\/\/radiorevelacionfm.cl\/index.php?rest_route=\/wp\/v2\/posts"}],"about":[{"href":"https:\/\/radiorevelacionfm.cl\/index.php?rest_route=\/wp\/v2\/types\/post"}],"author":[{"embeddable":true,"href":"https:\/\/radiorevelacionfm.cl\/index.php?rest_route=\/wp\/v2\/users\/1"}],"replies":[{"embeddable":true,"href":"https:\/\/radiorevelacionfm.cl\/index.php?rest_route=%2Fwp%2Fv2%2Fcomments&post=30862"}],"version-history":[{"count":1,"href":"https:\/\/radiorevelacionfm.cl\/index.php?rest_route=\/wp\/v2\/posts\/30862\/revisions"}],"predecessor-version":[{"id":30864,"href":"https:\/\/radiorevelacionfm.cl\/index.php?rest_route=\/wp\/v2\/posts\/30862\/revisions\/30864"}],"wp:featuredmedia":[{"embeddable":true,"href":"https:\/\/radiorevelacionfm.cl\/index.php?rest_route=\/wp\/v2\/media\/30863"}],"wp:attachment":[{"href":"https:\/\/radiorevelacionfm.cl\/index.php?rest_route=%2Fwp%2Fv2%2Fmedia&parent=30862"}],"wp:term":[{"taxonomy":"category","embeddable":true,"href":"https:\/\/radiorevelacionfm.cl\/index.php?rest_route=%2Fwp%2Fv2%2Fcategories&post=30862"},{"taxonomy":"post_tag","embeddable":true,"href":"https:\/\/radiorevelacionfm.cl\/index.php?rest_route=%2Fwp%2Fv2%2Ftags&post=30862"}],"curies":[{"name":"wp","href":"https:\/\/api.w.org\/{rel}","templated":true}]}}