{"id":30855,"date":"2023-05-10T13:38:25","date_gmt":"2023-05-10T16:38:25","guid":{"rendered":"https:\/\/radiorevelacionfm.cl\/?p=30855"},"modified":"2023-05-10T13:38:25","modified_gmt":"2023-05-10T16:38:25","slug":"seremis-de-gobierno-y-economia-destacan-cifra-de-ipc-anual-nuestro-gobierno-esta-avanzando-en-reducir-la-inflacion","status":"publish","type":"post","link":"https:\/\/radiorevelacionfm.cl\/?p=30855","title":{"rendered":"Seremis de Gobierno y Econom\u00eda destacan cifra de IPC anual: \u00abNuestro Gobierno est\u00e1 avanzando en reducir la inflaci\u00f3n\u00bb"},"content":{"rendered":"<div class=\"flex_column av_one_full  flex_column_div av-zero-column-padding first  avia-builder-el-0  el_before_av_one_full  avia-builder-el-first  \" style='border-radius:0px; '><div  class='avia-image-container  av-styling-    avia-builder-el-1  avia-builder-el-no-sibling  avia-align-center '  itemprop=\"image\" itemscope=\"itemscope\" itemtype=\"https:\/\/schema.org\/ImageObject\"  ><div class='avia-image-container-inner'><div class='avia-image-overlay-wrap'><img decoding=\"async\" class='wp-image-30856 avia-img-lazy-loading-not-30856 avia_image' src=\"https:\/\/radiorevelacionfm.cl\/wp-content\/uploads\/2023\/05\/seremi-gobiernos-1_optimized.jpeg\" alt='' title='seremi-gobierno(s)-(1)_optimized' height=\"600\" width=\"900\"  itemprop=\"thumbnailUrl\" srcset=\"https:\/\/radiorevelacionfm.cl\/wp-content\/uploads\/2023\/05\/seremi-gobiernos-1_optimized.jpeg 900w, https:\/\/radiorevelacionfm.cl\/wp-content\/uploads\/2023\/05\/seremi-gobiernos-1_optimized-300x200.jpeg 300w, https:\/\/radiorevelacionfm.cl\/wp-content\/uploads\/2023\/05\/seremi-gobiernos-1_optimized-768x512.jpeg 768w, https:\/\/radiorevelacionfm.cl\/wp-content\/uploads\/2023\/05\/seremi-gobiernos-1_optimized-705x470.jpeg 705w, https:\/\/radiorevelacionfm.cl\/wp-content\/uploads\/2023\/05\/seremi-gobiernos-1_optimized-450x300.jpeg 450w, https:\/\/radiorevelacionfm.cl\/wp-content\/uploads\/2023\/05\/seremi-gobiernos-1_optimized-600x400.jpeg 600w\" sizes=\"(max-width: 900px) 100vw, 900px\" \/><\/div><\/div><\/div><\/div><div class=\"flex_column av_one_full  flex_column_div av-zero-column-padding first  avia-builder-el-2  el_after_av_one_full  el_before_av_one_full  column-top-margin\" style='border-radius:0px; '><section class=\"av_textblock_section \"  itemscope=\"itemscope\" itemtype=\"https:\/\/schema.org\/BlogPosting\" itemprop=\"blogPost\" ><div class='avia_textblock  '   itemprop=\"text\" ><p style=\"text-align: center;\"><strong><span style=\"font-size: 18pt;\">Seremis de Gobierno y Econom\u00eda destacan cifra de IPC anual: \u00abNuestro Gobierno est\u00e1 avanzando en reducir la inflaci\u00f3n\u00bb<\/span><\/strong><\/p>\n<div id=\"gtx-trans\" style=\"position: absolute; left: -50px; top: 4.31534px;\">\n<div class=\"gtx-trans-icon\"><\/div>\n<\/div>\n<\/div><\/section><\/div><div class=\"flex_column av_one_full  flex_column_div av-zero-column-padding first  avia-builder-el-4  el_after_av_one_full  el_before_av_hr  column-top-margin\" style='border-radius:0px; '><section class=\"av_textblock_section \"  itemscope=\"itemscope\" itemtype=\"https:\/\/schema.org\/BlogPosting\" itemprop=\"blogPost\" ><div class='avia_textblock  '   itemprop=\"text\" ><p style=\"text-align: justify;\">Durante abril de 2023, el indicador registr\u00f3 una variaci\u00f3n de 0,3%, acumulando un 9,9% en un a\u00f1o, su menor nivel desde abril de 2022.<\/p>\n<p style=\"text-align: justify;\">Tras participar en la reuni\u00f3n de Comit\u00e9 Pol\u00edtico en la comuna de Huechuraba, el ministro de Hacienda, Mario Marcel, coment\u00f3 la variaci\u00f3n mensual de 0,3% registrada por el IPC durante abril pasado, informada por el Instituto Nacional de Estad\u00edsticas (INE). La autoridad destac\u00f3 que el dato estuvo en l\u00ednea con lo proyectado por el mercado y que, al mirar la evoluci\u00f3n en doce meses, la cifra se situ\u00f3 en 9,9%, su menor nivel desde abril de 2022.<\/p>\n<p style=\"text-align: justify;\">\u201cAs\u00ed como podemos valorar que la inflaci\u00f3n ya se ubique en un d\u00edgito, podemos proyectar que este primer semestre del a\u00f1o va a terminar con una tasa m\u00e1s cercana al 8%. Eso significa una ca\u00edda muy significativa respecto del 14,1% que fue el peak de inflaci\u00f3n en agosto del a\u00f1o pasado y ratifica que vamos en la direcci\u00f3n correcta. Es mucho lo que nos queda todav\u00eda por hacer, pero todos los factores que nos han ayudado a llegar hasta ac\u00e1 van a seguir operando durante los pr\u00f3ximos meses: el ajuste del consumo, la apreciaci\u00f3n del peso y la ca\u00edda de los precios internacionales de las materias primas\u00bb.<\/p>\n<p style=\"text-align: justify;\">El Seremi de Gobierno (S) Alan Espinoza, destac\u00f3 esta favorable cifra: \u201cComo Gobierno, del Presidente Gabriel Boric, nos preocupa mejorar la calidad de vida de todas las personas, por lo que este anuncio del ministro Marcel nos da mayor tranquilidad, porque vemos que la inflaci\u00f3n est\u00e1 disminuyendo y por ende las familias de la regi\u00f3n y del pa\u00eds van a poder estar m\u00e1s aliviadas en el aspecto econ\u00f3mico\u201d.<\/p>\n<p style=\"text-align: justify;\">En tanto, Felipe Rojas, Seremi de Econom\u00eda regi\u00f3n de Ays\u00e9n, se\u00f1al\u00f3: \u201cHemos recibido la informaci\u00f3n del Instituto Nacional de Estad\u00edsticas (INE) que se\u00f1ala que en marzo de 2023, la inflaci\u00f3n en doce meses era 11,1%. Ahora es 9,9%, una ca\u00edda de m\u00e1s de un punto porcentual. Junto con esto, los alimentos han seguido, afortunadamente, una trayectoria de estabilizaci\u00f3n, que es lo que m\u00e1s afecta a la gran mayor\u00eda de los hogares, esto significa que la inflaci\u00f3n este a\u00f1o est\u00e1 retrocediendo y eso es muy bueno para las familias de nuestra regi\u00f3n y del pa\u00eds\u201d.<\/p>\n<p style=\"text-align: justify;\">Ambos Seremis fueron enf\u00e1ticos en se\u00f1alar que el Gobierno est\u00e1 preocupado no s\u00f3lo de las cifras, sino de mejorar la calidad de vida de todas las personas. Por ello, el aumento del salario m\u00ednimo, proyecto que esta semana se est\u00e1 discutiendo en el Parlamento, es una iniciativa que viene acompa\u00f1ada de otras medidas de ayuda y al cual se va a incorporar, mediante indicaci\u00f3n, los apoyos a las empresas de menor tama\u00f1o para ayudarlas a financiar esta alza, por lo que las Mipymes tendr\u00e1n el respaldo para hacer frente al aumento en el sueldo m\u00ednimo.<\/p>\n<\/div><\/section><\/div><div  style='height:50px' class='hr hr-invisible   avia-builder-el-6  el_after_av_one_full  el_before_av_social_share '><span class='hr-inner ' ><span class='hr-inner-style'><\/span><\/span><\/div><\/p>\n<div  class='av-social-sharing-box  avia-builder-el-7  el_after_av_hr  el_before_av_hr  '><div class='av-share-box'><h5 class='av-share-link-description av-no-toc '>Compartir esta noticia<\/h5><ul class='av-share-box-list noLightbox'><li class='av-share-link av-social-link-facebook' ><a target=\"_blank\" aria-label=\"Compartir en Facebook\" href='https:\/\/www.facebook.com\/sharer.php?u=https:\/\/radiorevelacionfm.cl\/?p=30855&#038;t=Seremis%20de%20Gobierno%20y%20Econom%C3%ADa%20destacan%20cifra%20de%20IPC%20anual%3A%20%C2%ABNuestro%20Gobierno%20est%C3%A1%20avanzando%20en%20reducir%20la%20inflaci%C3%B3n%C2%BB' aria-hidden='false' data-av_icon='\ue8f3' data-av_iconfont='entypo-fontello' title='' data-avia-related-tooltip='Compartir en Facebook' rel=\"noopener\"><span class='avia_hidden_link_text'>Compartir en Facebook<\/span><\/a><\/li><li class='av-share-link av-social-link-twitter' ><a target=\"_blank\" aria-label=\"Compartir en Twitter\" href='https:\/\/twitter.com\/share?text=Seremis%20de%20Gobierno%20y%20Econom%C3%ADa%20destacan%20cifra%20de%20IPC%20anual%3A%20%C2%ABNuestro%20Gobierno%20est%C3%A1%20avanzando%20en%20reducir%20la%20inflaci%C3%B3n%C2%BB&#038;url=https:\/\/radiorevelacionfm.cl\/?p=30855' aria-hidden='false' data-av_icon='\ue8f1' data-av_iconfont='entypo-fontello' title='' data-avia-related-tooltip='Compartir en Twitter' rel=\"noopener\"><span class='avia_hidden_link_text'>Compartir en Twitter<\/span><\/a><\/li><li class='av-share-link av-social-link-whatsapp' ><a target=\"_blank\" aria-label=\"Compartir en Whatsapp\" href='https:\/\/api.whatsapp.com\/send?text=https:\/\/radiorevelacionfm.cl\/?p=30855' aria-hidden='false' data-av_icon='\uf232' data-av_iconfont='entypo-fontello' title='' data-avia-related-tooltip='Compartir en Whatsapp' rel=\"noopener\"><span class='avia_hidden_link_text'>Compartir en Whatsapp<\/span><\/a><\/li><li class='av-share-link av-social-link-linkedin' ><a target=\"_blank\" aria-label=\"Compartir en LinkedIn\" href='https:\/\/linkedin.com\/shareArticle?mini=true&#038;title=Seremis%20de%20Gobierno%20y%20Econom%C3%ADa%20destacan%20cifra%20de%20IPC%20anual%3A%20%C2%ABNuestro%20Gobierno%20est%C3%A1%20avanzando%20en%20reducir%20la%20inflaci%C3%B3n%C2%BB&#038;url=https:\/\/radiorevelacionfm.cl\/?p=30855' aria-hidden='false' data-av_icon='\ue8fc' data-av_iconfont='entypo-fontello' title='' data-avia-related-tooltip='Compartir en LinkedIn' rel=\"noopener\"><span class='avia_hidden_link_text'>Compartir en LinkedIn<\/span><\/a><\/li><li class='av-share-link av-social-link-mail' ><a  aria-label=\"Compartir por correo\" href='mailto:?subject=Seremis%20de%20Gobierno%20y%20Econom%C3%ADa%20destacan%20cifra%20de%20IPC%20anual%3A%20%C2%ABNuestro%20Gobierno%20est%C3%A1%20avanzando%20en%20reducir%20la%20inflaci%C3%B3n%C2%BB&#038;body=https:\/\/radiorevelacionfm.cl\/?p=30855' aria-hidden='false' data-av_icon='\ue805' data-av_iconfont='entypo-fontello' title='' data-avia-related-tooltip='Compartir por correo'><span class='avia_hidden_link_text'>Compartir por correo<\/span><\/a><\/li><\/ul><\/div><\/div>\n<div  style='height:50px' class='hr hr-invisible   avia-builder-el-8  el_after_av_social_share  el_before_av_comments_list '><span class='hr-inner ' ><span class='hr-inner-style'><\/span><\/span><\/div>\n<div  class='av-buildercomment  av-blog-meta-html-info-disabled av-blog-meta-tag-disabled  '><\/div>\n","protected":false},"excerpt":{"rendered":"","protected":false},"author":1,"featured_media":30856,"comment_status":"open","ping_status":"open","sticky":false,"template":"","format":"standard","meta":{"footnotes":""},"categories":[38],"tags":[],"class_list":["post-30855","post","type-post","status-publish","format-standard","has-post-thumbnail","hentry","category-regional"],"jetpack_featured_media_url":"https:\/\/radiorevelacionfm.cl\/wp-content\/uploads\/2023\/05\/seremi-gobiernos-1_optimized.jpeg","_links":{"self":[{"href":"https:\/\/radiorevelacionfm.cl\/index.php?rest_route=\/wp\/v2\/posts\/30855","targetHints":{"allow":["GET"]}}],"collection":[{"href":"https:\/\/radiorevelacionfm.cl\/index.php?rest_route=\/wp\/v2\/posts"}],"about":[{"href":"https:\/\/radiorevelacionfm.cl\/index.php?rest_route=\/wp\/v2\/types\/post"}],"author":[{"embeddable":true,"href":"https:\/\/radiorevelacionfm.cl\/index.php?rest_route=\/wp\/v2\/users\/1"}],"replies":[{"embeddable":true,"href":"https:\/\/radiorevelacionfm.cl\/index.php?rest_route=%2Fwp%2Fv2%2Fcomments&post=30855"}],"version-history":[{"count":1,"href":"https:\/\/radiorevelacionfm.cl\/index.php?rest_route=\/wp\/v2\/posts\/30855\/revisions"}],"predecessor-version":[{"id":30857,"href":"https:\/\/radiorevelacionfm.cl\/index.php?rest_route=\/wp\/v2\/posts\/30855\/revisions\/30857"}],"wp:featuredmedia":[{"embeddable":true,"href":"https:\/\/radiorevelacionfm.cl\/index.php?rest_route=\/wp\/v2\/media\/30856"}],"wp:attachment":[{"href":"https:\/\/radiorevelacionfm.cl\/index.php?rest_route=%2Fwp%2Fv2%2Fmedia&parent=30855"}],"wp:term":[{"taxonomy":"category","embeddable":true,"href":"https:\/\/radiorevelacionfm.cl\/index.php?rest_route=%2Fwp%2Fv2%2Fcategories&post=30855"},{"taxonomy":"post_tag","embeddable":true,"href":"https:\/\/radiorevelacionfm.cl\/index.php?rest_route=%2Fwp%2Fv2%2Ftags&post=30855"}],"curies":[{"name":"wp","href":"https:\/\/api.w.org\/{rel}","templated":true}]}}