{"id":30852,"date":"2023-05-10T12:09:23","date_gmt":"2023-05-10T15:09:23","guid":{"rendered":"https:\/\/radiorevelacionfm.cl\/?p=30852"},"modified":"2023-05-10T12:09:23","modified_gmt":"2023-05-10T15:09:23","slug":"impulsan-mayor-protagonismo-y-empoderamiento-de-ninos-ninas-y-adolescentes-en-la-region","status":"publish","type":"post","link":"https:\/\/radiorevelacionfm.cl\/?p=30852","title":{"rendered":"Impulsan mayor protagonismo y empoderamiento de ni\u00f1os, ni\u00f1as y adolescentes en la regi\u00f3n"},"content":{"rendered":"<div class=\"flex_column av_one_full  flex_column_div av-zero-column-padding first  avia-builder-el-0  el_before_av_one_full  avia-builder-el-first  \" style='border-radius:0px; '><div  class='avia-image-container  av-styling-    avia-builder-el-1  avia-builder-el-no-sibling  avia-align-center '  itemprop=\"image\" itemscope=\"itemscope\" itemtype=\"https:\/\/schema.org\/ImageObject\"  ><div class='avia-image-container-inner'><div class='avia-image-overlay-wrap'><img decoding=\"async\" class='wp-image-30853 avia-img-lazy-loading-not-30853 avia_image' src=\"https:\/\/radiorevelacionfm.cl\/wp-content\/uploads\/2023\/05\/ENCUENTRO-LOCAL-PARTICIPACION-PUERTO-AYSEN-1-1.jpg\" alt='' title='ENCUENTRO LOCAL PARTICIPACI\u00d3N PUERTO AYSEN (1) (1)' height=\"600\" width=\"1035\"  itemprop=\"thumbnailUrl\" srcset=\"https:\/\/radiorevelacionfm.cl\/wp-content\/uploads\/2023\/05\/ENCUENTRO-LOCAL-PARTICIPACION-PUERTO-AYSEN-1-1.jpg 1035w, https:\/\/radiorevelacionfm.cl\/wp-content\/uploads\/2023\/05\/ENCUENTRO-LOCAL-PARTICIPACION-PUERTO-AYSEN-1-1-300x174.jpg 300w, https:\/\/radiorevelacionfm.cl\/wp-content\/uploads\/2023\/05\/ENCUENTRO-LOCAL-PARTICIPACION-PUERTO-AYSEN-1-1-1030x597.jpg 1030w, https:\/\/radiorevelacionfm.cl\/wp-content\/uploads\/2023\/05\/ENCUENTRO-LOCAL-PARTICIPACION-PUERTO-AYSEN-1-1-768x445.jpg 768w, https:\/\/radiorevelacionfm.cl\/wp-content\/uploads\/2023\/05\/ENCUENTRO-LOCAL-PARTICIPACION-PUERTO-AYSEN-1-1-705x409.jpg 705w, https:\/\/radiorevelacionfm.cl\/wp-content\/uploads\/2023\/05\/ENCUENTRO-LOCAL-PARTICIPACION-PUERTO-AYSEN-1-1-450x261.jpg 450w, https:\/\/radiorevelacionfm.cl\/wp-content\/uploads\/2023\/05\/ENCUENTRO-LOCAL-PARTICIPACION-PUERTO-AYSEN-1-1-600x348.jpg 600w\" sizes=\"(max-width: 1035px) 100vw, 1035px\" \/><\/div><\/div><\/div><\/div><div class=\"flex_column av_one_full  flex_column_div av-zero-column-padding first  avia-builder-el-2  el_after_av_one_full  el_before_av_one_full  column-top-margin\" style='border-radius:0px; '><section class=\"av_textblock_section \"  itemscope=\"itemscope\" itemtype=\"https:\/\/schema.org\/BlogPosting\" itemprop=\"blogPost\" ><div class='avia_textblock  '   itemprop=\"text\" ><p style=\"text-align: center;\"><span style=\"font-size: 18pt;\"><b>Impulsan mayor protagonismo y empoderamiento de ni\u00f1os, ni\u00f1as y adolescentes en la regi\u00f3n<\/b><\/span><\/p>\n<div id=\"gtx-trans\" style=\"position: absolute; left: -50px; top: 4.31534px;\">\n<div class=\"gtx-trans-icon\"><\/div>\n<\/div>\n<\/div><\/section><\/div><div class=\"flex_column av_one_full  flex_column_div av-zero-column-padding first  avia-builder-el-4  el_after_av_one_full  el_before_av_hr  column-top-margin\" style='border-radius:0px; '><section class=\"av_textblock_section \"  itemscope=\"itemscope\" itemtype=\"https:\/\/schema.org\/BlogPosting\" itemprop=\"blogPost\" ><div class='avia_textblock  '   itemprop=\"text\" ><p style=\"font-weight: 400; text-align: justify;\">La nueva institucionalidad creada en favor de los ni\u00f1os, ni\u00f1as y adolescentes a nivel pa\u00eds por medio de la ley que crea el\u00a0<em>Servicio de Protecci\u00f3n Especializada,<\/em>\u00a0tiene como uno de sus objetivos relevar, destacar e impulsar acciones para que este segmento de la poblaci\u00f3n sea escuchado, considerado e incluido en la sociedad con sus propias tem\u00e1ticas y opiniones, tomando en cuenta las particularidades de los propios territorios.<\/p>\n<p style=\"font-weight: 400; text-align: justify;\">Es, en este sentido, que desde la direcci\u00f3n regional del Servicio de Protecci\u00f3n Especializada (SPE) han programado una serie de acciones que ya se vienen desarrollando de manera sistem\u00e1tica en el tiempo con diagn\u00f3sticos y diversas actividades participativas.<\/p>\n<p style=\"font-weight: 400; text-align: justify;\">Al respecto, Sergio Becerra Mera director regional del del Servicio de Protecci\u00f3n Especializada. se\u00f1al\u00f3 que \u201cpara nosotros es muy importante dar a conocer lo que estamos haciendo en favor de los ni\u00f1os, ni\u00f1as y adolescentes de la regi\u00f3n que lamentablemente han sido vulnerados en sus derechos. Es por esto que por medio de la unidad de participaci\u00f3n de nuestro Servicio se ha creado y ejecutado una metodolog\u00eda que implica entregar espacios de di\u00e1logos y sistematizar las tem\u00e1ticas de inter\u00e9s y en eso seguiremos trabajando\u201d.<\/p>\n<p style=\"font-weight: 400; text-align: justify;\">Por su parte, el encargado de participaci\u00f3n del Servicio de Protecci\u00f3n Especializada Alexis Ballesteros indic\u00f3 que \u201cqueremos que los ni\u00f1os, ni\u00f1as y adolescentes hagan suyo los espacios que hemos creado para que puedan entregar sus opiniones como lo son los encuentros locales, regionales y nacionales. Ya hemos realizado 13 de estos encuentros y la experiencia ha\u00a0sido\u00a0muy satisfactoria ya que nos ha permitido conocer las diversas tem\u00e1ticas que hoy en d\u00eda les interesan y quieren profundizar, como lo son las tem\u00e1ticas de salud mental, educaci\u00f3n, los temas medio ambientales y diversidades, entre muchos otros\u201d, se\u00f1al\u00f3 el profesional.<\/p>\n<p style=\"font-weight: 400; text-align: justify;\">Finalmente, desde el Servicio de Protecci\u00f3n Especializada informaron que ya est\u00e1n organizando el segundo encuentro local participaci\u00f3n de este 2023, el cual se espera reunir a los ni\u00f1os, ni\u00f1as y adolescentes que est\u00e1n en proyectos de organismos colaboradores de Coyhaique, donde adem\u00e1s participar\u00e1n los representantes regionales, quienes fueron elegidos por sus propios pares en anteriores convocatorias.<\/p>\n<\/div><\/section><\/div><div  style='height:50px' class='hr hr-invisible   avia-builder-el-6  el_after_av_one_full  el_before_av_social_share '><span class='hr-inner ' ><span class='hr-inner-style'><\/span><\/span><\/div><\/p>\n<div  class='av-social-sharing-box  avia-builder-el-7  el_after_av_hr  el_before_av_hr  '><div class='av-share-box'><h5 class='av-share-link-description av-no-toc '>Compartir esta noticia<\/h5><ul class='av-share-box-list noLightbox'><li class='av-share-link av-social-link-facebook' ><a target=\"_blank\" aria-label=\"Compartir en Facebook\" href='https:\/\/www.facebook.com\/sharer.php?u=https:\/\/radiorevelacionfm.cl\/?p=30852&#038;t=Impulsan%20mayor%20protagonismo%20y%20empoderamiento%20de%20ni%C3%B1os%2C%20ni%C3%B1as%20y%20adolescentes%20en%20la%20regi%C3%B3n' aria-hidden='false' data-av_icon='\ue8f3' data-av_iconfont='entypo-fontello' title='' data-avia-related-tooltip='Compartir en Facebook' rel=\"noopener\"><span class='avia_hidden_link_text'>Compartir en Facebook<\/span><\/a><\/li><li class='av-share-link av-social-link-twitter' ><a target=\"_blank\" aria-label=\"Compartir en Twitter\" href='https:\/\/twitter.com\/share?text=Impulsan%20mayor%20protagonismo%20y%20empoderamiento%20de%20ni%C3%B1os%2C%20ni%C3%B1as%20y%20adolescentes%20en%20la%20regi%C3%B3n&#038;url=https:\/\/radiorevelacionfm.cl\/?p=30852' aria-hidden='false' data-av_icon='\ue8f1' data-av_iconfont='entypo-fontello' title='' data-avia-related-tooltip='Compartir en Twitter' rel=\"noopener\"><span class='avia_hidden_link_text'>Compartir en Twitter<\/span><\/a><\/li><li class='av-share-link av-social-link-whatsapp' ><a target=\"_blank\" aria-label=\"Compartir en Whatsapp\" href='https:\/\/api.whatsapp.com\/send?text=https:\/\/radiorevelacionfm.cl\/?p=30852' aria-hidden='false' data-av_icon='\uf232' data-av_iconfont='entypo-fontello' title='' data-avia-related-tooltip='Compartir en Whatsapp' rel=\"noopener\"><span class='avia_hidden_link_text'>Compartir en Whatsapp<\/span><\/a><\/li><li class='av-share-link av-social-link-linkedin' ><a target=\"_blank\" aria-label=\"Compartir en LinkedIn\" href='https:\/\/linkedin.com\/shareArticle?mini=true&#038;title=Impulsan%20mayor%20protagonismo%20y%20empoderamiento%20de%20ni%C3%B1os%2C%20ni%C3%B1as%20y%20adolescentes%20en%20la%20regi%C3%B3n&#038;url=https:\/\/radiorevelacionfm.cl\/?p=30852' aria-hidden='false' data-av_icon='\ue8fc' data-av_iconfont='entypo-fontello' title='' data-avia-related-tooltip='Compartir en LinkedIn' rel=\"noopener\"><span class='avia_hidden_link_text'>Compartir en LinkedIn<\/span><\/a><\/li><li class='av-share-link av-social-link-mail' ><a  aria-label=\"Compartir por correo\" href='mailto:?subject=Impulsan%20mayor%20protagonismo%20y%20empoderamiento%20de%20ni%C3%B1os%2C%20ni%C3%B1as%20y%20adolescentes%20en%20la%20regi%C3%B3n&#038;body=https:\/\/radiorevelacionfm.cl\/?p=30852' aria-hidden='false' data-av_icon='\ue805' data-av_iconfont='entypo-fontello' title='' data-avia-related-tooltip='Compartir por correo'><span class='avia_hidden_link_text'>Compartir por correo<\/span><\/a><\/li><\/ul><\/div><\/div>\n<div  style='height:50px' class='hr hr-invisible   avia-builder-el-8  el_after_av_social_share  el_before_av_comments_list '><span class='hr-inner ' ><span class='hr-inner-style'><\/span><\/span><\/div>\n<div  class='av-buildercomment  av-blog-meta-html-info-disabled av-blog-meta-tag-disabled  '><\/div>\n","protected":false},"excerpt":{"rendered":"","protected":false},"author":1,"featured_media":30853,"comment_status":"open","ping_status":"open","sticky":false,"template":"","format":"standard","meta":{"footnotes":""},"categories":[38],"tags":[],"class_list":["post-30852","post","type-post","status-publish","format-standard","has-post-thumbnail","hentry","category-regional"],"jetpack_featured_media_url":"https:\/\/radiorevelacionfm.cl\/wp-content\/uploads\/2023\/05\/ENCUENTRO-LOCAL-PARTICIPACION-PUERTO-AYSEN-1-1.jpg","_links":{"self":[{"href":"https:\/\/radiorevelacionfm.cl\/index.php?rest_route=\/wp\/v2\/posts\/30852","targetHints":{"allow":["GET"]}}],"collection":[{"href":"https:\/\/radiorevelacionfm.cl\/index.php?rest_route=\/wp\/v2\/posts"}],"about":[{"href":"https:\/\/radiorevelacionfm.cl\/index.php?rest_route=\/wp\/v2\/types\/post"}],"author":[{"embeddable":true,"href":"https:\/\/radiorevelacionfm.cl\/index.php?rest_route=\/wp\/v2\/users\/1"}],"replies":[{"embeddable":true,"href":"https:\/\/radiorevelacionfm.cl\/index.php?rest_route=%2Fwp%2Fv2%2Fcomments&post=30852"}],"version-history":[{"count":1,"href":"https:\/\/radiorevelacionfm.cl\/index.php?rest_route=\/wp\/v2\/posts\/30852\/revisions"}],"predecessor-version":[{"id":30854,"href":"https:\/\/radiorevelacionfm.cl\/index.php?rest_route=\/wp\/v2\/posts\/30852\/revisions\/30854"}],"wp:featuredmedia":[{"embeddable":true,"href":"https:\/\/radiorevelacionfm.cl\/index.php?rest_route=\/wp\/v2\/media\/30853"}],"wp:attachment":[{"href":"https:\/\/radiorevelacionfm.cl\/index.php?rest_route=%2Fwp%2Fv2%2Fmedia&parent=30852"}],"wp:term":[{"taxonomy":"category","embeddable":true,"href":"https:\/\/radiorevelacionfm.cl\/index.php?rest_route=%2Fwp%2Fv2%2Fcategories&post=30852"},{"taxonomy":"post_tag","embeddable":true,"href":"https:\/\/radiorevelacionfm.cl\/index.php?rest_route=%2Fwp%2Fv2%2Ftags&post=30852"}],"curies":[{"name":"wp","href":"https:\/\/api.w.org\/{rel}","templated":true}]}}