{"id":3085,"date":"2021-04-13T20:14:30","date_gmt":"2021-04-13T23:14:30","guid":{"rendered":"https:\/\/radiorevelacionfm.cl\/?p=3085"},"modified":"2021-04-13T20:14:30","modified_gmt":"2021-04-13T23:14:30","slug":"realizan-peritajes-tras-hallazgo-de-cadaver-en-paradero-de-locomocion-colectiva-cerca-de-manihuales","status":"publish","type":"post","link":"https:\/\/radiorevelacionfm.cl\/?p=3085","title":{"rendered":"Realizan peritajes tras hallazgo de cad\u00e1ver en paradero de locomoci\u00f3n colectiva cerca de Ma\u00f1ihuales"},"content":{"rendered":"<div class=\"flex_column av_one_full  flex_column_div av-zero-column-padding first  avia-builder-el-0  el_before_av_one_full  avia-builder-el-first  \" style='border-radius:0px; '><div  class='avia-image-container  av-styling-    avia-builder-el-1  avia-builder-el-no-sibling  avia-align-center '  itemprop=\"image\" itemscope=\"itemscope\" itemtype=\"https:\/\/schema.org\/ImageObject\"  ><div class='avia-image-container-inner'><div class='avia-image-overlay-wrap'><img decoding=\"async\" class='wp-image-3086 avia-img-lazy-loading-not-3086 avia_image' src=\"https:\/\/radiorevelacionfm.cl\/wp-content\/uploads\/2021\/04\/Labocar-Manihuales-1.jpg\" alt='' title='Labocar Ma\u00f1ihuales (1)' height=\"576\" width=\"1280\"  itemprop=\"thumbnailUrl\" srcset=\"https:\/\/radiorevelacionfm.cl\/wp-content\/uploads\/2021\/04\/Labocar-Manihuales-1.jpg 1280w, https:\/\/radiorevelacionfm.cl\/wp-content\/uploads\/2021\/04\/Labocar-Manihuales-1-300x135.jpg 300w, https:\/\/radiorevelacionfm.cl\/wp-content\/uploads\/2021\/04\/Labocar-Manihuales-1-1030x464.jpg 1030w, https:\/\/radiorevelacionfm.cl\/wp-content\/uploads\/2021\/04\/Labocar-Manihuales-1-768x346.jpg 768w, https:\/\/radiorevelacionfm.cl\/wp-content\/uploads\/2021\/04\/Labocar-Manihuales-1-705x317.jpg 705w, https:\/\/radiorevelacionfm.cl\/wp-content\/uploads\/2021\/04\/Labocar-Manihuales-1-600x270.jpg 600w\" sizes=\"(max-width: 1280px) 100vw, 1280px\" \/><\/div><\/div><\/div><\/div><div class=\"flex_column av_one_full  flex_column_div av-zero-column-padding first  avia-builder-el-2  el_after_av_one_full  el_before_av_one_full  column-top-margin\" style='border-radius:0px; '><section class=\"av_textblock_section \"  itemscope=\"itemscope\" itemtype=\"https:\/\/schema.org\/BlogPosting\" itemprop=\"blogPost\" ><div class='avia_textblock  '   itemprop=\"text\" ><p style=\"text-align: center;\"><span style=\"font-size: 18pt;\"><strong>Realizan peritajes tras hallazgo de cad\u00e1ver en paradero de locomoci\u00f3n colectiva cerca de Ma\u00f1ihuales<\/strong><\/span><\/p>\n<div id=\"gtx-trans\" style=\"position: absolute; left: -50px; top: 4.31534px;\">\n<div class=\"gtx-trans-icon\"><\/div>\n<\/div>\n<\/div><\/section><\/div><div class=\"flex_column av_one_full  flex_column_div av-zero-column-padding first  avia-builder-el-4  el_after_av_one_full  el_before_av_hr  column-top-margin\" style='border-radius:0px; '><section class=\"av_textblock_section \"  itemscope=\"itemscope\" itemtype=\"https:\/\/schema.org\/BlogPosting\" itemprop=\"blogPost\" ><div class='avia_textblock  '   itemprop=\"text\" ><p style=\"text-align: justify;\">Diversas diligencias de su especialidad se encuentra realizando Carabineros del Laboratorio de Criminal\u00edstica institucional (Labocar) tras el lamentable hallazgo de un cuerpo sin vida al interior de un paradero de locomoci\u00f3n colectiva ubicado a la altura del km 87 de la Ruta 7 Norte, cerca de la localidad de Villa Ma\u00f1ihuales.<span id=\"more-85730\"><\/span><\/p>\n<p style=\"text-align: justify;\">Siendo aproximadamente las 07:50 horas de esta ma\u00f1ana, una persona civil se present\u00f3 en el Ret\u00e9n de Carabineros del citado poblado, dando cuenta de la presencia de un cuerpo al interior de esta estructura.<\/p>\n<p style=\"text-align: justify;\">Tras lo anterior el personal se traslad\u00f3 en forma inmediata al lugar, corroborando el hecho denunciado, pudi\u00e9ndose percatar de la presencia de un cuerpo de sexo masculino de aproximadamente 52 a\u00f1os de edad, el cual pend\u00eda desde la estructura del paradero, procediendo a aislar el sitio del suceso.<\/p>\n<p style=\"text-align: justify;\">Dicha situaci\u00f3n fue puesta en conocimiento de la Fiscal\u00eda de Puerto Ays\u00e9n, la cual instruy\u00f3 la concurrencia del Labocar, con la finalidad de realizar el examen externo policial del cad\u00e1ver, determinar una causa probable de muerte, data de fallecimiento y si hubo o no intervenci\u00f3n de terceros en su deceso, antecedentes que posteriormente ser\u00e1n determinados de manera cient\u00edfica por parte del Servicio M\u00e9dico Legal en torno a este lamentable hecho.<\/p>\n<\/div><\/section><\/div><div  style='height:50px' class='hr hr-invisible   avia-builder-el-6  el_after_av_one_full  el_before_av_social_share '><span class='hr-inner ' ><span class='hr-inner-style'><\/span><\/span><\/div><\/p>\n<div  class='av-social-sharing-box  avia-builder-el-7  el_after_av_hr  el_before_av_hr  '><div class='av-share-box'><h5 class='av-share-link-description av-no-toc '>Compartir esta noticia<\/h5><ul class='av-share-box-list noLightbox'><li class='av-share-link av-social-link-facebook' ><a target=\"_blank\" aria-label=\"Compartir en Facebook\" href='https:\/\/www.facebook.com\/sharer.php?u=https:\/\/radiorevelacionfm.cl\/?p=3085&#038;t=Realizan%20peritajes%20tras%20hallazgo%20de%20cad%C3%A1ver%20en%20paradero%20de%20locomoci%C3%B3n%20colectiva%20cerca%20de%20Ma%C3%B1ihuales' aria-hidden='false' data-av_icon='\ue8f3' data-av_iconfont='entypo-fontello' title='' data-avia-related-tooltip='Compartir en Facebook' rel=\"noopener\"><span class='avia_hidden_link_text'>Compartir en Facebook<\/span><\/a><\/li><li class='av-share-link av-social-link-twitter' ><a target=\"_blank\" aria-label=\"Compartir en Twitter\" href='https:\/\/twitter.com\/share?text=Realizan%20peritajes%20tras%20hallazgo%20de%20cad%C3%A1ver%20en%20paradero%20de%20locomoci%C3%B3n%20colectiva%20cerca%20de%20Ma%C3%B1ihuales&#038;url=https:\/\/radiorevelacionfm.cl\/?p=3085' aria-hidden='false' data-av_icon='\ue8f1' data-av_iconfont='entypo-fontello' title='' data-avia-related-tooltip='Compartir en Twitter' rel=\"noopener\"><span class='avia_hidden_link_text'>Compartir en Twitter<\/span><\/a><\/li><li class='av-share-link av-social-link-whatsapp' ><a target=\"_blank\" aria-label=\"Compartir en Whatsapp\" href='https:\/\/api.whatsapp.com\/send?text=https:\/\/radiorevelacionfm.cl\/?p=3085' aria-hidden='false' data-av_icon='\uf232' data-av_iconfont='entypo-fontello' title='' data-avia-related-tooltip='Compartir en Whatsapp' rel=\"noopener\"><span class='avia_hidden_link_text'>Compartir en Whatsapp<\/span><\/a><\/li><li class='av-share-link av-social-link-linkedin' ><a target=\"_blank\" aria-label=\"Compartir en LinkedIn\" href='https:\/\/linkedin.com\/shareArticle?mini=true&#038;title=Realizan%20peritajes%20tras%20hallazgo%20de%20cad%C3%A1ver%20en%20paradero%20de%20locomoci%C3%B3n%20colectiva%20cerca%20de%20Ma%C3%B1ihuales&#038;url=https:\/\/radiorevelacionfm.cl\/?p=3085' aria-hidden='false' data-av_icon='\ue8fc' data-av_iconfont='entypo-fontello' title='' data-avia-related-tooltip='Compartir en LinkedIn' rel=\"noopener\"><span class='avia_hidden_link_text'>Compartir en LinkedIn<\/span><\/a><\/li><li class='av-share-link av-social-link-mail' ><a  aria-label=\"Compartir por correo\" href='mailto:?subject=Realizan%20peritajes%20tras%20hallazgo%20de%20cad%C3%A1ver%20en%20paradero%20de%20locomoci%C3%B3n%20colectiva%20cerca%20de%20Ma%C3%B1ihuales&#038;body=https:\/\/radiorevelacionfm.cl\/?p=3085' aria-hidden='false' data-av_icon='\ue805' data-av_iconfont='entypo-fontello' title='' data-avia-related-tooltip='Compartir por correo'><span class='avia_hidden_link_text'>Compartir por correo<\/span><\/a><\/li><\/ul><\/div><\/div>\n<div  style='height:50px' class='hr hr-invisible   avia-builder-el-8  el_after_av_social_share  el_before_av_comments_list '><span class='hr-inner ' ><span class='hr-inner-style'><\/span><\/span><\/div>\n<div  class='av-buildercomment  av-blog-meta-html-info-disabled av-blog-meta-tag-disabled  '><\/div>\n","protected":false},"excerpt":{"rendered":"","protected":false},"author":1,"featured_media":3086,"comment_status":"open","ping_status":"open","sticky":false,"template":"","format":"standard","meta":{"footnotes":""},"categories":[36],"tags":[],"class_list":["post-3085","post","type-post","status-publish","format-standard","has-post-thumbnail","hentry","category-policial"],"jetpack_featured_media_url":"https:\/\/radiorevelacionfm.cl\/wp-content\/uploads\/2021\/04\/Labocar-Manihuales-1.jpg","_links":{"self":[{"href":"https:\/\/radiorevelacionfm.cl\/index.php?rest_route=\/wp\/v2\/posts\/3085","targetHints":{"allow":["GET"]}}],"collection":[{"href":"https:\/\/radiorevelacionfm.cl\/index.php?rest_route=\/wp\/v2\/posts"}],"about":[{"href":"https:\/\/radiorevelacionfm.cl\/index.php?rest_route=\/wp\/v2\/types\/post"}],"author":[{"embeddable":true,"href":"https:\/\/radiorevelacionfm.cl\/index.php?rest_route=\/wp\/v2\/users\/1"}],"replies":[{"embeddable":true,"href":"https:\/\/radiorevelacionfm.cl\/index.php?rest_route=%2Fwp%2Fv2%2Fcomments&post=3085"}],"version-history":[{"count":1,"href":"https:\/\/radiorevelacionfm.cl\/index.php?rest_route=\/wp\/v2\/posts\/3085\/revisions"}],"predecessor-version":[{"id":3087,"href":"https:\/\/radiorevelacionfm.cl\/index.php?rest_route=\/wp\/v2\/posts\/3085\/revisions\/3087"}],"wp:featuredmedia":[{"embeddable":true,"href":"https:\/\/radiorevelacionfm.cl\/index.php?rest_route=\/wp\/v2\/media\/3086"}],"wp:attachment":[{"href":"https:\/\/radiorevelacionfm.cl\/index.php?rest_route=%2Fwp%2Fv2%2Fmedia&parent=3085"}],"wp:term":[{"taxonomy":"category","embeddable":true,"href":"https:\/\/radiorevelacionfm.cl\/index.php?rest_route=%2Fwp%2Fv2%2Fcategories&post=3085"},{"taxonomy":"post_tag","embeddable":true,"href":"https:\/\/radiorevelacionfm.cl\/index.php?rest_route=%2Fwp%2Fv2%2Ftags&post=3085"}],"curies":[{"name":"wp","href":"https:\/\/api.w.org\/{rel}","templated":true}]}}