{"id":30848,"date":"2023-05-10T11:11:11","date_gmt":"2023-05-10T14:11:11","guid":{"rendered":"https:\/\/radiorevelacionfm.cl\/?p=30848"},"modified":"2023-05-10T11:11:11","modified_gmt":"2023-05-10T14:11:11","slug":"red-asistencial-de-salud-cuenta-con-nuevos-medicos-y-odontologos-que-seran-destinados-a-localidades-de-la-region","status":"publish","type":"post","link":"https:\/\/radiorevelacionfm.cl\/?p=30848","title":{"rendered":"Red Asistencial de Salud cuenta con nuevos m\u00e9dicos y odont\u00f3logos que ser\u00e1n destinados a localidades de la regi\u00f3n"},"content":{"rendered":"<div class=\"flex_column av_one_full  flex_column_div av-zero-column-padding first  avia-builder-el-0  el_before_av_one_full  avia-builder-el-first  \" style='border-radius:0px; '><div  class='avia-image-container  av-styling-    avia-builder-el-1  avia-builder-el-no-sibling  avia-align-center '  itemprop=\"image\" itemscope=\"itemscope\" itemtype=\"https:\/\/schema.org\/ImageObject\"  ><div class='avia-image-container-inner'><div class='avia-image-overlay-wrap'><img decoding=\"async\" class='wp-image-30849 avia-img-lazy-loading-not-30849 avia_image' src=\"https:\/\/radiorevelacionfm.cl\/wp-content\/uploads\/2023\/05\/foto-ok-1_optimized.jpeg\" alt='' title='foto-ok-(1)_optimized' height=\"600\" width=\"1356\"  itemprop=\"thumbnailUrl\" srcset=\"https:\/\/radiorevelacionfm.cl\/wp-content\/uploads\/2023\/05\/foto-ok-1_optimized.jpeg 1356w, https:\/\/radiorevelacionfm.cl\/wp-content\/uploads\/2023\/05\/foto-ok-1_optimized-300x133.jpeg 300w, https:\/\/radiorevelacionfm.cl\/wp-content\/uploads\/2023\/05\/foto-ok-1_optimized-1030x456.jpeg 1030w, https:\/\/radiorevelacionfm.cl\/wp-content\/uploads\/2023\/05\/foto-ok-1_optimized-768x340.jpeg 768w, https:\/\/radiorevelacionfm.cl\/wp-content\/uploads\/2023\/05\/foto-ok-1_optimized-705x312.jpeg 705w, https:\/\/radiorevelacionfm.cl\/wp-content\/uploads\/2023\/05\/foto-ok-1_optimized-450x199.jpeg 450w, https:\/\/radiorevelacionfm.cl\/wp-content\/uploads\/2023\/05\/foto-ok-1_optimized-600x265.jpeg 600w\" sizes=\"(max-width: 1356px) 100vw, 1356px\" \/><\/div><\/div><\/div><\/div><div class=\"flex_column av_one_full  flex_column_div av-zero-column-padding first  avia-builder-el-2  el_after_av_one_full  el_before_av_one_full  column-top-margin\" style='border-radius:0px; '><section class=\"av_textblock_section \"  itemscope=\"itemscope\" itemtype=\"https:\/\/schema.org\/BlogPosting\" itemprop=\"blogPost\" ><div class='avia_textblock  '   itemprop=\"text\" ><p style=\"text-align: center;\"><strong><span style=\"font-size: 18pt;\">Red Asistencial de Salud cuenta con nuevos m\u00e9dicos y odont\u00f3logos que ser\u00e1n destinados a localidades de la regi\u00f3n<\/span><\/strong><\/p>\n<div id=\"gtx-trans\" style=\"position: absolute; left: -50px; top: 4.31534px;\">\n<div class=\"gtx-trans-icon\"><\/div>\n<\/div>\n<\/div><\/section><\/div><div class=\"flex_column av_one_full  flex_column_div av-zero-column-padding first  avia-builder-el-4  el_after_av_one_full  el_before_av_hr  column-top-margin\" style='border-radius:0px; '><section class=\"av_textblock_section \"  itemscope=\"itemscope\" itemtype=\"https:\/\/schema.org\/BlogPosting\" itemprop=\"blogPost\" ><div class='avia_textblock  '   itemprop=\"text\" ><p style=\"font-weight: 400; text-align: justify;\">En el auditorio del Inacap, sede Coyhaique, directivos del Servicio de Salud Ays\u00e9n, llevaron a cabo la presentaci\u00f3n de 13 m\u00e9dicos y un odont\u00f3logo a la comunidad y medios de comunicaci\u00f3n, los cuales tras participar en el \u201cConcurso Nacional de Ingreso al Sistema de Salud\u201d, llegaron a territorio aisenino para desempe\u00f1arse en los CESFAM, Postas de Salud Rural u Hospitales Comunitarios de la Red Asistencial.<\/p>\n<p style=\"font-weight: 400; text-align: justify;\">\u201cSon 14 profesionales que llegan a cubrir la brecha que tenemos en nuestra regi\u00f3n, m\u00e9dicos que van a estar en localidades extremas, en la zona sur, en los tres hospitales comunitarios y que vienen a aportar desde las necesidades que tenemos nosotros, tambi\u00e9n a fortalecer la Atenci\u00f3n Primera, que es una de las principales prioridades que tenemos en el Servicio de Salud, para acercarnos m\u00e1s a la comunidad\u201d, manifest\u00f3 Mauricio Cort\u00e9s Molina, director (s) del Servicio de Salud Ays\u00e9n.<\/p>\n<p style=\"font-weight: 400; text-align: justify;\">En esa misma l\u00ednea, la m\u00e1xima autoridad sanitaria, Carmen Gloria Monsalve, expres\u00f3 \u201cparticularmente yo los he invitado a trabajar muy cercanamente con la comunidad, a poder contribuir a una mejora en la satisfacci\u00f3n de los usuarios en cuanto a la percepci\u00f3n de la atenci\u00f3n, a darse el tiempo para conocer sus territorios, porque cada localidad de nuestra regi\u00f3n tiene caracter\u00edsticas y necesidades diferentes, y es tarea de los equipos de salud identificar esas diversidades y trabajar para implementar las mejoras\u201d, dijo Monsalve, Seremi de Salud Ays\u00e9n.<\/p>\n<p style=\"font-weight: 400; text-align: justify;\">Los establecimientos que contar\u00e1n con los profesionales son: Hospital Lord Cochrane, Hospital Dr. Leopoldo Ortega R. (Chile Chico), Consultorio V\u00edctor Domingo Silva, Consultorio Alejandro Guti\u00e9rrez, Centro de Salud Familiar La Junta, Centro Comunitario de Salud Familiar Villa Ma\u00f1ihuales, Postas de Salud Rural Melinka, Puerto Ib\u00e1\u00f1ez, Puerto Aguirre, Villa Amengual y Hospital Dr. Jorge Ibar (Puerto Cisnes).<\/p>\n<p style=\"font-weight: 400; text-align: justify;\">\u201cCuando egres\u00e9 siempre pens\u00e9 desempe\u00f1arme en Atenci\u00f3n Primaria, y a eso vine a hacer APS, as\u00ed que contento de la oportunidad. Espero aportar a la comunidad, sumar y darles mejoras, y que la gente sienta que llegamos a dar una cuota de ayuda, como tambi\u00e9n s\u00e9 que los colegas con los que voy a trabajar en el CESFAM, de distintas profesiones y tambi\u00e9n la poblaci\u00f3n me van a sumar a m\u00ed\u201d, indic\u00f3 H\u00e9ctor Alonzo Molina Reyes, m\u00e9dico\u00a0del CESFAM La Junta.<\/p>\n<p style=\"font-weight: 400; text-align: justify;\">Tambi\u00e9n, Valentina Fernanda Mu\u00f1oz Pino, m\u00e9dica\u00a0del CESFAM La Junta, mencion\u00f3 \u201csiempre fue mi sue\u00f1o trabajar en un lugar as\u00ed, en APS desde que sal\u00ed de la universidad, vengo muy motivada, adem\u00e1s vengo con un amigo, y la verdad tengo muchas ganas de participar con la gente, ir conociendo a la comunidad, y en esta instancia en la que nos est\u00e1n conociendo nosotros tambi\u00e9n estamos s\u00faper emocionados de poder ir y conocer la poblaci\u00f3n y compa\u00f1eros con los que vamos a trabajar\u201d.<\/p>\n<p style=\"font-weight: 400; text-align: justify;\">Cabe mencionar que con la integraci\u00f3n de los profesionales a la Red se espera disminuir la brecha de profesionales m\u00e9dicos, en distintas zonas apartadas de la regi\u00f3n de Ays\u00e9n y asegurar una atenci\u00f3n oportuna.<\/p>\n<p style=\"font-weight: 400; text-align: justify;\">\u00abLa verdad que bastante contento y con muchas ganas de aportar tanto en la regi\u00f3n y espec\u00edficamente en la comunidad de Puerto Cisnes, creo que tenemos una tarea bastante importante en el \u00e1mbito de salud como en salud vocal tambi\u00e9n y creo que se est\u00e1n dando los espacio que podemos desenvolvernos y aportar a la comunidad y poder resolver distintas problem\u00e1ticas\u201d, habl\u00f3 Frank Yerko Ottesen Abarca, cirujano dentista, egresado de la Universidad de Chile.<\/p>\n<p style=\"font-weight: 400; text-align: justify;\">Asimismo, la directora de Atenci\u00f3n Primaria (S) y de Salud Rural, Lorena Guerrero, destac\u00f3 que \u201cse espera que se instalen en los territorios rurales y en los establecimientos de APS para que cumplan su formaci\u00f3n y que acojan las necesidades de las personas y con esto se pueda aumentar el n\u00famero de prestaciones que se otorgan en nuestra Red Asistencial\u201d.<\/p>\n<p style=\"font-weight: 400; text-align: justify;\">El per\u00edodo de destinaci\u00f3n durar\u00e1 entre 3 y 6 a\u00f1os, desempe\u00f1\u00e1ndose el m\u00e9dico en Establecimientos de Atenci\u00f3n Primaria de Salud u Hospitales de baja complejidad, otorgando atenciones de APS, de urgencias y hospitalizaci\u00f3n. Luego de este per\u00edodo podr\u00e1n postular a una especializaci\u00f3n mediante concurso.<\/p>\n<p style=\"font-weight: 400; text-align: justify;\">Destacamos finalmente que con la incorporaci\u00f3n de los profesionales el a\u00f1o 2023, se alcanza un total de 64 m\u00e9dicos y 9 Odont\u00f3logos EDF, en etapa de destinaci\u00f3n, en los establecimientos de la Red del Servicio de Salud Ays\u00e9n.<\/p>\n<\/div><\/section><\/div><div  style='height:50px' class='hr hr-invisible   avia-builder-el-6  el_after_av_one_full  el_before_av_social_share '><span class='hr-inner ' ><span class='hr-inner-style'><\/span><\/span><\/div><\/p>\n<div  class='av-social-sharing-box  avia-builder-el-7  el_after_av_hr  el_before_av_hr  '><div class='av-share-box'><h5 class='av-share-link-description av-no-toc '>Compartir esta noticia<\/h5><ul class='av-share-box-list noLightbox'><li class='av-share-link av-social-link-facebook' ><a target=\"_blank\" aria-label=\"Compartir en Facebook\" href='https:\/\/www.facebook.com\/sharer.php?u=https:\/\/radiorevelacionfm.cl\/?p=30848&#038;t=Red%20Asistencial%20de%20Salud%20cuenta%20con%20nuevos%20m%C3%A9dicos%20y%20odont%C3%B3logos%20que%20ser%C3%A1n%20destinados%20a%20localidades%20de%20la%20regi%C3%B3n' aria-hidden='false' data-av_icon='\ue8f3' data-av_iconfont='entypo-fontello' title='' data-avia-related-tooltip='Compartir en Facebook' rel=\"noopener\"><span class='avia_hidden_link_text'>Compartir en Facebook<\/span><\/a><\/li><li class='av-share-link av-social-link-twitter' ><a target=\"_blank\" aria-label=\"Compartir en Twitter\" href='https:\/\/twitter.com\/share?text=Red%20Asistencial%20de%20Salud%20cuenta%20con%20nuevos%20m%C3%A9dicos%20y%20odont%C3%B3logos%20que%20ser%C3%A1n%20destinados%20a%20localidades%20de%20la%20regi%C3%B3n&#038;url=https:\/\/radiorevelacionfm.cl\/?p=30848' aria-hidden='false' data-av_icon='\ue8f1' data-av_iconfont='entypo-fontello' title='' data-avia-related-tooltip='Compartir en Twitter' rel=\"noopener\"><span class='avia_hidden_link_text'>Compartir en Twitter<\/span><\/a><\/li><li class='av-share-link av-social-link-whatsapp' ><a target=\"_blank\" aria-label=\"Compartir en Whatsapp\" href='https:\/\/api.whatsapp.com\/send?text=https:\/\/radiorevelacionfm.cl\/?p=30848' aria-hidden='false' data-av_icon='\uf232' data-av_iconfont='entypo-fontello' title='' data-avia-related-tooltip='Compartir en Whatsapp' rel=\"noopener\"><span class='avia_hidden_link_text'>Compartir en Whatsapp<\/span><\/a><\/li><li class='av-share-link av-social-link-linkedin' ><a target=\"_blank\" aria-label=\"Compartir en LinkedIn\" href='https:\/\/linkedin.com\/shareArticle?mini=true&#038;title=Red%20Asistencial%20de%20Salud%20cuenta%20con%20nuevos%20m%C3%A9dicos%20y%20odont%C3%B3logos%20que%20ser%C3%A1n%20destinados%20a%20localidades%20de%20la%20regi%C3%B3n&#038;url=https:\/\/radiorevelacionfm.cl\/?p=30848' aria-hidden='false' data-av_icon='\ue8fc' data-av_iconfont='entypo-fontello' title='' data-avia-related-tooltip='Compartir en LinkedIn' rel=\"noopener\"><span class='avia_hidden_link_text'>Compartir en LinkedIn<\/span><\/a><\/li><li class='av-share-link av-social-link-mail' ><a  aria-label=\"Compartir por correo\" href='mailto:?subject=Red%20Asistencial%20de%20Salud%20cuenta%20con%20nuevos%20m%C3%A9dicos%20y%20odont%C3%B3logos%20que%20ser%C3%A1n%20destinados%20a%20localidades%20de%20la%20regi%C3%B3n&#038;body=https:\/\/radiorevelacionfm.cl\/?p=30848' aria-hidden='false' data-av_icon='\ue805' data-av_iconfont='entypo-fontello' title='' data-avia-related-tooltip='Compartir por correo'><span class='avia_hidden_link_text'>Compartir por correo<\/span><\/a><\/li><\/ul><\/div><\/div>\n<div  style='height:50px' class='hr hr-invisible   avia-builder-el-8  el_after_av_social_share  el_before_av_comments_list '><span class='hr-inner ' ><span class='hr-inner-style'><\/span><\/span><\/div>\n<div  class='av-buildercomment  av-blog-meta-html-info-disabled av-blog-meta-tag-disabled  '><\/div>\n","protected":false},"excerpt":{"rendered":"","protected":false},"author":1,"featured_media":30849,"comment_status":"open","ping_status":"open","sticky":false,"template":"","format":"standard","meta":{"footnotes":""},"categories":[46],"tags":[],"class_list":["post-30848","post","type-post","status-publish","format-standard","has-post-thumbnail","hentry","category-salud"],"jetpack_featured_media_url":"https:\/\/radiorevelacionfm.cl\/wp-content\/uploads\/2023\/05\/foto-ok-1_optimized.jpeg","_links":{"self":[{"href":"https:\/\/radiorevelacionfm.cl\/index.php?rest_route=\/wp\/v2\/posts\/30848","targetHints":{"allow":["GET"]}}],"collection":[{"href":"https:\/\/radiorevelacionfm.cl\/index.php?rest_route=\/wp\/v2\/posts"}],"about":[{"href":"https:\/\/radiorevelacionfm.cl\/index.php?rest_route=\/wp\/v2\/types\/post"}],"author":[{"embeddable":true,"href":"https:\/\/radiorevelacionfm.cl\/index.php?rest_route=\/wp\/v2\/users\/1"}],"replies":[{"embeddable":true,"href":"https:\/\/radiorevelacionfm.cl\/index.php?rest_route=%2Fwp%2Fv2%2Fcomments&post=30848"}],"version-history":[{"count":1,"href":"https:\/\/radiorevelacionfm.cl\/index.php?rest_route=\/wp\/v2\/posts\/30848\/revisions"}],"predecessor-version":[{"id":30850,"href":"https:\/\/radiorevelacionfm.cl\/index.php?rest_route=\/wp\/v2\/posts\/30848\/revisions\/30850"}],"wp:featuredmedia":[{"embeddable":true,"href":"https:\/\/radiorevelacionfm.cl\/index.php?rest_route=\/wp\/v2\/media\/30849"}],"wp:attachment":[{"href":"https:\/\/radiorevelacionfm.cl\/index.php?rest_route=%2Fwp%2Fv2%2Fmedia&parent=30848"}],"wp:term":[{"taxonomy":"category","embeddable":true,"href":"https:\/\/radiorevelacionfm.cl\/index.php?rest_route=%2Fwp%2Fv2%2Fcategories&post=30848"},{"taxonomy":"post_tag","embeddable":true,"href":"https:\/\/radiorevelacionfm.cl\/index.php?rest_route=%2Fwp%2Fv2%2Ftags&post=30848"}],"curies":[{"name":"wp","href":"https:\/\/api.w.org\/{rel}","templated":true}]}}