{"id":30845,"date":"2023-05-09T20:46:32","date_gmt":"2023-05-09T23:46:32","guid":{"rendered":"https:\/\/radiorevelacionfm.cl\/?p=30845"},"modified":"2023-05-09T20:46:32","modified_gmt":"2023-05-09T23:46:32","slug":"gobierno-destaca-promulgacion-de-ley-que-fortalece-la-persecucion-del-narcotrafico-y-el-crimen-organizado","status":"publish","type":"post","link":"https:\/\/radiorevelacionfm.cl\/?p=30845","title":{"rendered":"Gobierno destaca promulgaci\u00f3n de ley que fortalece la persecuci\u00f3n del narcotr\u00e1fico y el crimen organizado"},"content":{"rendered":"<div class=\"flex_column av_one_full  flex_column_div av-zero-column-padding first  avia-builder-el-0  el_before_av_one_full  avia-builder-el-first  \" style='border-radius:0px; '><div  class='avia-image-container  av-styling-    avia-builder-el-1  avia-builder-el-no-sibling  avia-align-center '  itemprop=\"image\" itemscope=\"itemscope\" itemtype=\"https:\/\/schema.org\/ImageObject\"  ><div class='avia-image-container-inner'><div class='avia-image-overlay-wrap'><img decoding=\"async\" class='wp-image-30846 avia-img-lazy-loading-not-30846 avia_image' src=\"https:\/\/radiorevelacionfm.cl\/wp-content\/uploads\/2023\/05\/whatsapp-image-2023-05-09-at-16_optimized.36.21-1-1.jpeg\" alt='' title='whatsapp-image-2023-05-09-at-16_optimized.36.21-(1)-(1)' height=\"600\" width=\"800\"  itemprop=\"thumbnailUrl\" srcset=\"https:\/\/radiorevelacionfm.cl\/wp-content\/uploads\/2023\/05\/whatsapp-image-2023-05-09-at-16_optimized.36.21-1-1.jpeg 800w, https:\/\/radiorevelacionfm.cl\/wp-content\/uploads\/2023\/05\/whatsapp-image-2023-05-09-at-16_optimized.36.21-1-1-300x225.jpeg 300w, https:\/\/radiorevelacionfm.cl\/wp-content\/uploads\/2023\/05\/whatsapp-image-2023-05-09-at-16_optimized.36.21-1-1-768x576.jpeg 768w, https:\/\/radiorevelacionfm.cl\/wp-content\/uploads\/2023\/05\/whatsapp-image-2023-05-09-at-16_optimized.36.21-1-1-705x529.jpeg 705w, https:\/\/radiorevelacionfm.cl\/wp-content\/uploads\/2023\/05\/whatsapp-image-2023-05-09-at-16_optimized.36.21-1-1-450x338.jpeg 450w, https:\/\/radiorevelacionfm.cl\/wp-content\/uploads\/2023\/05\/whatsapp-image-2023-05-09-at-16_optimized.36.21-1-1-600x450.jpeg 600w\" sizes=\"(max-width: 800px) 100vw, 800px\" \/><\/div><\/div><\/div><\/div><div class=\"flex_column av_one_full  flex_column_div av-zero-column-padding first  avia-builder-el-2  el_after_av_one_full  el_before_av_one_full  column-top-margin\" style='border-radius:0px; '><section class=\"av_textblock_section \"  itemscope=\"itemscope\" itemtype=\"https:\/\/schema.org\/BlogPosting\" itemprop=\"blogPost\" ><div class='avia_textblock  '   itemprop=\"text\" ><p style=\"font-weight: 400; text-align: center;\"><span style=\"font-size: 18pt;\"><strong>Gobierno destaca promulgaci\u00f3n de ley que fortalece <\/strong><strong>la persecuci\u00f3n del narcotr\u00e1fico y el crimen organizado<\/strong><\/span><\/p>\n<div id=\"gtx-trans\" style=\"position: absolute; left: -50px; top: 4.31534px;\">\n<div class=\"gtx-trans-icon\"><\/div>\n<\/div>\n<\/div><\/section><\/div><div class=\"flex_column av_one_full  flex_column_div av-zero-column-padding first  avia-builder-el-4  el_after_av_one_full  el_before_av_hr  column-top-margin\" style='border-radius:0px; '><section class=\"av_textblock_section \"  itemscope=\"itemscope\" itemtype=\"https:\/\/schema.org\/BlogPosting\" itemprop=\"blogPost\" ><div class='avia_textblock  '   itemprop=\"text\" ><p style=\"font-weight: 400; text-align: justify;\">Como un avance sustantivo en materia de seguridad ciudadana fue calificada la promulgaci\u00f3n de la ley que fortalece la persecuci\u00f3n del narcotr\u00e1fico y el crimen organizado, con el objetivo de mejorar la persecucio\u0301n del narcotra\u0301fico y el crimen organizado, regular el destino de bienes incautados en esos delitos y fortalecer las instituciones de rehabilitacio\u0301n y reinsercio\u0301n social.<\/p>\n<p style=\"font-weight: 400; text-align: justify;\">El Delegado Presidencial Regional, Rodrigo Araya, y el seremi de Justicia y Derechos Humanos, Samuel Navarro, se\u00f1alaron que la ley busca, entre otras cosas, regular el destino de los bienes incautados en delitos, y pone el foco en el comiso de bienes, incluidos inmuebles, lo que permitir\u00e1 cortar el financiamiento de quienes se dedican al narcotr\u00e1fico, tambi\u00e9n establece la obligaci\u00f3n a nuevos sujetos a reportar sobre sus actividades comerciales a la Unidad de An\u00e1lisis Financiero (UAF).<\/p>\n<p style=\"font-weight: 400; text-align: justify;\">\u201cEl d\u00eda de hoy se ha promulgado una ley que combate el narcotr\u00e1fico y el crimen organizado y que modifica varios instrumentos legales, lo que nos va a permitir perseguir con mayor eficiencia el delito y cortar el c\u00edrculo del enriquecimiento il\u00edcito que se produce por el narcotr\u00e1fico. Es una tremenda herramienta que nos va a servir como pa\u00eds, para poder garantizar nuestra seguridad. Los pilares fundamentales en la estrategia de nuestro gobierno, son la seguridad social, seguridad econ\u00f3mica y seguridad ciudadana y esto se enmarca, justamente, en seguridad ciudadana y seguridad social\u201d, destac\u00f3 el Delegado Rodrigo Araya.<\/p>\n<p style=\"font-weight: 400; text-align: justify;\">La nueva norma sanciona a quien administre a terceros, sustancias il\u00edcitas sin su consentimiento. Las penas, en este caso, pueden llegar a presidio mayor en sus grados m\u00ednimo a medio (5 a\u00f1os y un d\u00eda a 15 a\u00f1os) si se usa violencia o intimidaci\u00f3n para administrar u obligar el consumo. Adem\u00e1s, castiga a quien suministre a menores de 18 a\u00f1os productos que contengan solventes o gases inhalantes capaces de provocar da\u00f1os a la salud o dependencia f\u00edsica o ps\u00edquica.<\/p>\n<p style=\"font-weight: 400; text-align: justify;\">La ley tambi\u00e9n establece que si alg\u00fan delito relacionado a las drogas se comete vali\u00e9ndose de un menor de 18 a\u00f1os o personas exentas de responsabilidad, se aumenta en un grado la pena. A su vez, la pena aumentar\u00e1 en dos grados, cuando se proveyere de armas de fuego a menores de edad para alcanzar fines delictivos.<\/p>\n<p style=\"font-weight: 400; text-align: justify;\"><strong>Decomisos e incautaci\u00f3n de bienes de narcotraficantes<\/strong><\/p>\n<p style=\"font-weight: 400; text-align: justify;\">Entre los instrumentos incautados se incorporan bienes muebles e inmuebles, que el juez de garant\u00eda podr\u00e1 destinar provisionalmente a petici\u00f3n del Ministerio P\u00fablico. Igualmente, se podr\u00e1n destinar a una instituci\u00f3n del Estado o, previa cauci\u00f3n, a una instituci\u00f3n privada sin fines de lucro.<\/p>\n<p style=\"font-weight: 400; text-align: justify;\">Se exigir\u00e1 que su objetivo institucional sea la prevenci\u00f3n del consumo indebido, el tratamiento y la rehabilitaci\u00f3n de las personas afectadas por la drogadicci\u00f3n.<\/p>\n<p style=\"font-weight: 400; text-align: justify;\">\u201cEsta ley va a entregar mayores herramientas a las polic\u00edas, al Ministerio P\u00fablico para cortar el c\u00edrculo del dinero que se obtiene a trav\u00e9s de las ganancias del narcotr\u00e1fico, va a dotar de mayores facultades a la Unidad de An\u00e1lisis Financiero para que informen aquellas actividades sospechosas en que incurren estos delincuentes, a trav\u00e9s de la compra y venta de inmuebles, de autom\u00f3viles, de equipos de calidad, joyas y otros art\u00edculos; de esta forma, dotamos de mayores herramientas para la persecuci\u00f3n. Se puede optar tambi\u00e9n por el comiso temprano de estos bienes y dotarlos para aquellas instituciones como Senda u otras, que trabajan con la prevenci\u00f3n del consumo de drogas. Asimismo, se aumentan las penas para el caso de utilizaci\u00f3n de menores tanto en el tr\u00e1fico como el proporcionarles armas para apoyar este trabajo delictivo\u201d, precis\u00f3 el seremi Samuel Navarro.<\/p>\n<p style=\"font-weight: 400; text-align: justify;\">Con estas modificaciones, las unidades policiales podr\u00e1n ocupar, por ejemplo, un inmueble que fue decomisado a un narcotraficante por ser fruto del narcotr\u00e1fico, mientras dura el juicio.<\/p>\n<p style=\"font-weight: 400; text-align: justify;\">La nueva ley introduce mejoras en los procesos para la enajenaci\u00f3n temprana de bienes, posibilitando que el SENDA pueda solicitar esta enajenaci\u00f3n. Adem\u00e1s, se ampl\u00edan los bienes susceptibles de ser enajenados tempranamente, esto con el fin de agilizar los procesos.<\/p>\n<p style=\"font-weight: 400; text-align: justify;\">La legislaci\u00f3n tambi\u00e9n incorpora normas para destinar permanentemente bienes decomisados a instituciones que trabajan en la prevenci\u00f3n, reinserci\u00f3n y rehabilitaci\u00f3n como SENDA.<\/p>\n<p style=\"font-weight: 400; text-align: justify;\">Otra de las novedades es que la legislaci\u00f3n entrega mayores facultades de fiscalizaci\u00f3n a la PDI y Carabineros, respecto de las personas que est\u00e1n o deben estar inscritas en el registro de precursores y sustancias qu\u00edmicas.<\/p>\n<\/div><\/section><\/div><div  style='height:50px' class='hr hr-invisible   avia-builder-el-6  el_after_av_one_full  el_before_av_social_share '><span class='hr-inner ' ><span class='hr-inner-style'><\/span><\/span><\/div><\/p>\n<div  class='av-social-sharing-box  avia-builder-el-7  el_after_av_hr  el_before_av_hr  '><div class='av-share-box'><h5 class='av-share-link-description av-no-toc '>Compartir esta noticia<\/h5><ul class='av-share-box-list noLightbox'><li class='av-share-link av-social-link-facebook' ><a target=\"_blank\" aria-label=\"Compartir en Facebook\" href='https:\/\/www.facebook.com\/sharer.php?u=https:\/\/radiorevelacionfm.cl\/?p=30845&#038;t=Gobierno%20destaca%20promulgaci%C3%B3n%20de%20ley%20que%20fortalece%20la%20persecuci%C3%B3n%20del%20narcotr%C3%A1fico%20y%20el%20crimen%20organizado' aria-hidden='false' data-av_icon='\ue8f3' data-av_iconfont='entypo-fontello' title='' data-avia-related-tooltip='Compartir en Facebook' rel=\"noopener\"><span class='avia_hidden_link_text'>Compartir en Facebook<\/span><\/a><\/li><li class='av-share-link av-social-link-twitter' ><a target=\"_blank\" aria-label=\"Compartir en Twitter\" href='https:\/\/twitter.com\/share?text=Gobierno%20destaca%20promulgaci%C3%B3n%20de%20ley%20que%20fortalece%20la%20persecuci%C3%B3n%20del%20narcotr%C3%A1fico%20y%20el%20crimen%20organizado&#038;url=https:\/\/radiorevelacionfm.cl\/?p=30845' aria-hidden='false' data-av_icon='\ue8f1' data-av_iconfont='entypo-fontello' title='' data-avia-related-tooltip='Compartir en Twitter' rel=\"noopener\"><span class='avia_hidden_link_text'>Compartir en Twitter<\/span><\/a><\/li><li class='av-share-link av-social-link-whatsapp' ><a target=\"_blank\" aria-label=\"Compartir en Whatsapp\" href='https:\/\/api.whatsapp.com\/send?text=https:\/\/radiorevelacionfm.cl\/?p=30845' aria-hidden='false' data-av_icon='\uf232' data-av_iconfont='entypo-fontello' title='' data-avia-related-tooltip='Compartir en Whatsapp' rel=\"noopener\"><span class='avia_hidden_link_text'>Compartir en Whatsapp<\/span><\/a><\/li><li class='av-share-link av-social-link-linkedin' ><a target=\"_blank\" aria-label=\"Compartir en LinkedIn\" href='https:\/\/linkedin.com\/shareArticle?mini=true&#038;title=Gobierno%20destaca%20promulgaci%C3%B3n%20de%20ley%20que%20fortalece%20la%20persecuci%C3%B3n%20del%20narcotr%C3%A1fico%20y%20el%20crimen%20organizado&#038;url=https:\/\/radiorevelacionfm.cl\/?p=30845' aria-hidden='false' data-av_icon='\ue8fc' data-av_iconfont='entypo-fontello' title='' data-avia-related-tooltip='Compartir en LinkedIn' rel=\"noopener\"><span class='avia_hidden_link_text'>Compartir en LinkedIn<\/span><\/a><\/li><li class='av-share-link av-social-link-mail' ><a  aria-label=\"Compartir por correo\" href='mailto:?subject=Gobierno%20destaca%20promulgaci%C3%B3n%20de%20ley%20que%20fortalece%20la%20persecuci%C3%B3n%20del%20narcotr%C3%A1fico%20y%20el%20crimen%20organizado&#038;body=https:\/\/radiorevelacionfm.cl\/?p=30845' aria-hidden='false' data-av_icon='\ue805' data-av_iconfont='entypo-fontello' title='' data-avia-related-tooltip='Compartir por correo'><span class='avia_hidden_link_text'>Compartir por correo<\/span><\/a><\/li><\/ul><\/div><\/div>\n<div  style='height:50px' class='hr hr-invisible   avia-builder-el-8  el_after_av_social_share  el_before_av_comments_list '><span class='hr-inner ' ><span class='hr-inner-style'><\/span><\/span><\/div>\n<div  class='av-buildercomment  av-blog-meta-html-info-disabled av-blog-meta-tag-disabled  '><\/div>\n","protected":false},"excerpt":{"rendered":"","protected":false},"author":1,"featured_media":30846,"comment_status":"open","ping_status":"open","sticky":false,"template":"","format":"standard","meta":{"footnotes":""},"categories":[38],"tags":[],"class_list":["post-30845","post","type-post","status-publish","format-standard","has-post-thumbnail","hentry","category-regional"],"jetpack_featured_media_url":"https:\/\/radiorevelacionfm.cl\/wp-content\/uploads\/2023\/05\/whatsapp-image-2023-05-09-at-16_optimized.36.21-1-1.jpeg","_links":{"self":[{"href":"https:\/\/radiorevelacionfm.cl\/index.php?rest_route=\/wp\/v2\/posts\/30845","targetHints":{"allow":["GET"]}}],"collection":[{"href":"https:\/\/radiorevelacionfm.cl\/index.php?rest_route=\/wp\/v2\/posts"}],"about":[{"href":"https:\/\/radiorevelacionfm.cl\/index.php?rest_route=\/wp\/v2\/types\/post"}],"author":[{"embeddable":true,"href":"https:\/\/radiorevelacionfm.cl\/index.php?rest_route=\/wp\/v2\/users\/1"}],"replies":[{"embeddable":true,"href":"https:\/\/radiorevelacionfm.cl\/index.php?rest_route=%2Fwp%2Fv2%2Fcomments&post=30845"}],"version-history":[{"count":1,"href":"https:\/\/radiorevelacionfm.cl\/index.php?rest_route=\/wp\/v2\/posts\/30845\/revisions"}],"predecessor-version":[{"id":30847,"href":"https:\/\/radiorevelacionfm.cl\/index.php?rest_route=\/wp\/v2\/posts\/30845\/revisions\/30847"}],"wp:featuredmedia":[{"embeddable":true,"href":"https:\/\/radiorevelacionfm.cl\/index.php?rest_route=\/wp\/v2\/media\/30846"}],"wp:attachment":[{"href":"https:\/\/radiorevelacionfm.cl\/index.php?rest_route=%2Fwp%2Fv2%2Fmedia&parent=30845"}],"wp:term":[{"taxonomy":"category","embeddable":true,"href":"https:\/\/radiorevelacionfm.cl\/index.php?rest_route=%2Fwp%2Fv2%2Fcategories&post=30845"},{"taxonomy":"post_tag","embeddable":true,"href":"https:\/\/radiorevelacionfm.cl\/index.php?rest_route=%2Fwp%2Fv2%2Ftags&post=30845"}],"curies":[{"name":"wp","href":"https:\/\/api.w.org\/{rel}","templated":true}]}}