{"id":30842,"date":"2023-05-09T20:03:11","date_gmt":"2023-05-09T23:03:11","guid":{"rendered":"https:\/\/radiorevelacionfm.cl\/?p=30842"},"modified":"2023-05-09T20:03:11","modified_gmt":"2023-05-09T23:03:11","slug":"carabineros-detuvo-a-dos-imputados-por-robo-con-violencia-en-puerto-chacabuco","status":"publish","type":"post","link":"https:\/\/radiorevelacionfm.cl\/?p=30842","title":{"rendered":"Carabineros detuvo a dos imputados por robo con violencia en Puerto Chacabuco"},"content":{"rendered":"<div class=\"flex_column av_one_full  flex_column_div av-zero-column-padding first  avia-builder-el-0  el_before_av_one_full  avia-builder-el-first  \" style='border-radius:0px; '><div  class='avia-image-container  av-styling-    avia-builder-el-1  avia-builder-el-no-sibling  avia-align-center '  itemprop=\"image\" itemscope=\"itemscope\" itemtype=\"https:\/\/schema.org\/ImageObject\"  ><div class='avia-image-container-inner'><div class='avia-image-overlay-wrap'><img decoding=\"async\" class='wp-image-30843 avia-img-lazy-loading-not-30843 avia_image' src=\"https:\/\/radiorevelacionfm.cl\/wp-content\/uploads\/2023\/05\/5befd998-7237-4eed-a3f4-37a11a6fdbbc-1-1.jpg\" alt='' title='5befd998-7237-4eed-a3f4-37a11a6fdbbc (1) (1)' height=\"600\" width=\"1286\"  itemprop=\"thumbnailUrl\" srcset=\"https:\/\/radiorevelacionfm.cl\/wp-content\/uploads\/2023\/05\/5befd998-7237-4eed-a3f4-37a11a6fdbbc-1-1.jpg 1286w, https:\/\/radiorevelacionfm.cl\/wp-content\/uploads\/2023\/05\/5befd998-7237-4eed-a3f4-37a11a6fdbbc-1-1-300x140.jpg 300w, https:\/\/radiorevelacionfm.cl\/wp-content\/uploads\/2023\/05\/5befd998-7237-4eed-a3f4-37a11a6fdbbc-1-1-1030x481.jpg 1030w, https:\/\/radiorevelacionfm.cl\/wp-content\/uploads\/2023\/05\/5befd998-7237-4eed-a3f4-37a11a6fdbbc-1-1-768x358.jpg 768w, https:\/\/radiorevelacionfm.cl\/wp-content\/uploads\/2023\/05\/5befd998-7237-4eed-a3f4-37a11a6fdbbc-1-1-705x329.jpg 705w, https:\/\/radiorevelacionfm.cl\/wp-content\/uploads\/2023\/05\/5befd998-7237-4eed-a3f4-37a11a6fdbbc-1-1-450x210.jpg 450w, https:\/\/radiorevelacionfm.cl\/wp-content\/uploads\/2023\/05\/5befd998-7237-4eed-a3f4-37a11a6fdbbc-1-1-600x280.jpg 600w\" sizes=\"(max-width: 1286px) 100vw, 1286px\" \/><\/div><\/div><\/div><\/div><div class=\"flex_column av_one_full  flex_column_div av-zero-column-padding first  avia-builder-el-2  el_after_av_one_full  el_before_av_one_full  column-top-margin\" style='border-radius:0px; '><section class=\"av_textblock_section \"  itemscope=\"itemscope\" itemtype=\"https:\/\/schema.org\/BlogPosting\" itemprop=\"blogPost\" ><div class='avia_textblock  '   itemprop=\"text\" ><p style=\"text-align: center;\"><strong><span style=\"font-size: 18pt;\">Carabineros detuvo a dos imputados por robo con violencia en Puerto Chacabuco<\/span><\/strong><\/p>\n<div id=\"gtx-trans\" style=\"position: absolute; left: -50px; top: 4.31534px;\">\n<div class=\"gtx-trans-icon\"><\/div>\n<\/div>\n<\/div><\/section><\/div><div class=\"flex_column av_one_full  flex_column_div av-zero-column-padding first  avia-builder-el-4  el_after_av_one_full  el_before_av_hr  column-top-margin\" style='border-radius:0px; '><section class=\"av_textblock_section \"  itemscope=\"itemscope\" itemtype=\"https:\/\/schema.org\/BlogPosting\" itemprop=\"blogPost\" ><div class='avia_textblock  '   itemprop=\"text\" ><p class=\"v1MsoNormal\" style=\"text-align: justify;\">Tras exhaustivas diligencias, Carabineros de la 2da Comisar\u00eda de Puerto Ays\u00e9n, a trav\u00e9s de la Secci\u00f3n de Investigaci\u00f3n Policial (S.I.P) puso t\u00e9rmino -durante esta jornada- a una ardua investigaci\u00f3n, la cual culmin\u00f3 con la detenci\u00f3n de dos personas por el delito de robo con violencia, quienes eran intensamente buscados.<\/p>\n<p class=\"v1MsoNormal\" style=\"text-align: justify;\">Seg\u00fan los antecedentes del caso, el hecho se remonta a la madrugada del domingo 30 de abril del presente a\u00f1o, donde tras un llamado por parte de la Central de Comunicaciones (Cenco) Carabineros del Ret\u00e9n Puerto Chacabuco constat\u00f3 que en calle Juan Jos\u00e9 Latorre -a un costado de la localidad- la presencia de una persona de sexo masculino tendida en la v\u00eda p\u00fablica el cual evidenciaba diversas lesiones cortantes en su cuerpo.<\/p>\n<p class=\"v1MsoNormal\" style=\"text-align: justify;\">Tras brindar los primeros auxilios en el lugar, dicha persona fue derivada por personal de salud hasta el hospital regional de Coyhaique, atendida la gravedad de las lesiones.<\/p>\n<p class=\"v1MsoNormal\" style=\"text-align: justify;\">En forma paralela, Carabineros se aboc\u00f3 al trabajo del sitio del suceso y desarrollo de las primeras diligencias, obteniendo la declaraci\u00f3n de un testigo, quien se\u00f1al\u00f3 que momentos antes, sujetos que se desplazaban a bordo de un veh\u00edculo -por causas que son materia de investigaci\u00f3n- lo habr\u00edan agredido y lesionado en el lugar.<\/p>\n<p class=\"v1MsoNormal\" style=\"text-align: justify;\"><b>Detenci\u00f3n<\/b><\/p>\n<p class=\"v1MsoNormal\" style=\"text-align: justify;\">Los antecedentes del procedimiento fueron informados a la Fiscal\u00eda Local de Puerto Ays\u00e9n, siendo las diligencias investigativas encomendadas a personal especializado de la S.I.P de la 2da. Comisar\u00eda de Puerto Ays\u00e9n.<\/p>\n<p class=\"v1MsoNormal\" style=\"text-align: justify;\">El silencioso trabajo de esta Secci\u00f3n culmin\u00f3 en horas de esta madrugada con el allan\u00f3 a dos domicilios, logrado la detenci\u00f3n de ambos imputados por su presunta responsabilidad en este hecho, en virtud de una orden de detenci\u00f3n verbal por el delito de robo con violencia otorgada por el Juez de Garant\u00eda de Puerto Ays\u00e9n, diligencia que se materializ\u00f3 con apoyo de personal territorial, as\u00ed como del Grupo de Operaciones Policiales Especiales (GOPE), 5\u00b0 Comisar\u00eda de Control del Orden P\u00fablico (COP) y peritos de Labocar.<\/p>\n<p class=\"v1MsoNormal\" style=\"text-align: justify;\">Los antecedentes del procedimiento fueron puestos en conocimiento de la Fiscal\u00eda, en tanto que los imputados fueron derivados a la audiencia de control de detenci\u00f3n, siendo formalizados por el delito antes se\u00f1alado, decretando para ambos la medida cautelar de prisi\u00f3n preventiva por un plazo de 75 d\u00edas para el t\u00e9rmino de la investigaci\u00f3n.<\/p>\n<p class=\"v1MsoNormal\" style=\"text-align: justify;\"><b>Detenciones previas<\/b><\/p>\n<p class=\"v1MsoNormal\" style=\"text-align: justify;\">Cabe hacer presente -de conformidad al Registro Unificado de Datos- que el primero de los aprehendidos registra detenciones por delitos contra la propiedad, lesiones menos graves y violencia intrafamiliar.<\/p>\n<p class=\"v1MsoNormal\" style=\"text-align: justify;\">Respecto al segundo imputado, \u00e9ste posee 8 detenciones previas, de las cuales tres son por robo, cuatro por porte de arma (en la V Regi\u00f3n) y una por infringir normas sanitarias.<\/p>\n<p style=\"text-align: justify;\">Asimismo, la identidad de este \u00faltimo sujeto ha sido controlada en 16 ocasiones por parte de Carabineros, de las cuales dos se han concretado durante el presente a\u00f1o, siendo la \u00faltima de ellas tan solo cuatro d\u00edas antes del delito por el cual fue detenido durante esta jornada.<\/p>\n<\/div><\/section><\/div><div  style='height:50px' class='hr hr-invisible   avia-builder-el-6  el_after_av_one_full  el_before_av_social_share '><span class='hr-inner ' ><span class='hr-inner-style'><\/span><\/span><\/div><\/p>\n<div  class='av-social-sharing-box  avia-builder-el-7  el_after_av_hr  el_before_av_hr  '><div class='av-share-box'><h5 class='av-share-link-description av-no-toc '>Compartir esta noticia<\/h5><ul class='av-share-box-list noLightbox'><li class='av-share-link av-social-link-facebook' ><a target=\"_blank\" aria-label=\"Compartir en Facebook\" href='https:\/\/www.facebook.com\/sharer.php?u=https:\/\/radiorevelacionfm.cl\/?p=30842&#038;t=Carabineros%20detuvo%20a%20dos%20imputados%20por%20robo%20con%20violencia%20en%20Puerto%20Chacabuco' aria-hidden='false' data-av_icon='\ue8f3' data-av_iconfont='entypo-fontello' title='' data-avia-related-tooltip='Compartir en Facebook' rel=\"noopener\"><span class='avia_hidden_link_text'>Compartir en Facebook<\/span><\/a><\/li><li class='av-share-link av-social-link-twitter' ><a target=\"_blank\" aria-label=\"Compartir en Twitter\" href='https:\/\/twitter.com\/share?text=Carabineros%20detuvo%20a%20dos%20imputados%20por%20robo%20con%20violencia%20en%20Puerto%20Chacabuco&#038;url=https:\/\/radiorevelacionfm.cl\/?p=30842' aria-hidden='false' data-av_icon='\ue8f1' data-av_iconfont='entypo-fontello' title='' data-avia-related-tooltip='Compartir en Twitter' rel=\"noopener\"><span class='avia_hidden_link_text'>Compartir en Twitter<\/span><\/a><\/li><li class='av-share-link av-social-link-whatsapp' ><a target=\"_blank\" aria-label=\"Compartir en Whatsapp\" href='https:\/\/api.whatsapp.com\/send?text=https:\/\/radiorevelacionfm.cl\/?p=30842' aria-hidden='false' data-av_icon='\uf232' data-av_iconfont='entypo-fontello' title='' data-avia-related-tooltip='Compartir en Whatsapp' rel=\"noopener\"><span class='avia_hidden_link_text'>Compartir en Whatsapp<\/span><\/a><\/li><li class='av-share-link av-social-link-linkedin' ><a target=\"_blank\" aria-label=\"Compartir en LinkedIn\" href='https:\/\/linkedin.com\/shareArticle?mini=true&#038;title=Carabineros%20detuvo%20a%20dos%20imputados%20por%20robo%20con%20violencia%20en%20Puerto%20Chacabuco&#038;url=https:\/\/radiorevelacionfm.cl\/?p=30842' aria-hidden='false' data-av_icon='\ue8fc' data-av_iconfont='entypo-fontello' title='' data-avia-related-tooltip='Compartir en LinkedIn' rel=\"noopener\"><span class='avia_hidden_link_text'>Compartir en LinkedIn<\/span><\/a><\/li><li class='av-share-link av-social-link-mail' ><a  aria-label=\"Compartir por correo\" href='mailto:?subject=Carabineros%20detuvo%20a%20dos%20imputados%20por%20robo%20con%20violencia%20en%20Puerto%20Chacabuco&#038;body=https:\/\/radiorevelacionfm.cl\/?p=30842' aria-hidden='false' data-av_icon='\ue805' data-av_iconfont='entypo-fontello' title='' data-avia-related-tooltip='Compartir por correo'><span class='avia_hidden_link_text'>Compartir por correo<\/span><\/a><\/li><\/ul><\/div><\/div>\n<div  style='height:50px' class='hr hr-invisible   avia-builder-el-8  el_after_av_social_share  el_before_av_comments_list '><span class='hr-inner ' ><span class='hr-inner-style'><\/span><\/span><\/div>\n<div  class='av-buildercomment  av-blog-meta-html-info-disabled av-blog-meta-tag-disabled  '><\/div>\n","protected":false},"excerpt":{"rendered":"","protected":false},"author":1,"featured_media":30843,"comment_status":"open","ping_status":"open","sticky":false,"template":"","format":"standard","meta":{"footnotes":""},"categories":[36],"tags":[],"class_list":["post-30842","post","type-post","status-publish","format-standard","has-post-thumbnail","hentry","category-policial"],"jetpack_featured_media_url":"https:\/\/radiorevelacionfm.cl\/wp-content\/uploads\/2023\/05\/5befd998-7237-4eed-a3f4-37a11a6fdbbc-1-1.jpg","_links":{"self":[{"href":"https:\/\/radiorevelacionfm.cl\/index.php?rest_route=\/wp\/v2\/posts\/30842","targetHints":{"allow":["GET"]}}],"collection":[{"href":"https:\/\/radiorevelacionfm.cl\/index.php?rest_route=\/wp\/v2\/posts"}],"about":[{"href":"https:\/\/radiorevelacionfm.cl\/index.php?rest_route=\/wp\/v2\/types\/post"}],"author":[{"embeddable":true,"href":"https:\/\/radiorevelacionfm.cl\/index.php?rest_route=\/wp\/v2\/users\/1"}],"replies":[{"embeddable":true,"href":"https:\/\/radiorevelacionfm.cl\/index.php?rest_route=%2Fwp%2Fv2%2Fcomments&post=30842"}],"version-history":[{"count":1,"href":"https:\/\/radiorevelacionfm.cl\/index.php?rest_route=\/wp\/v2\/posts\/30842\/revisions"}],"predecessor-version":[{"id":30844,"href":"https:\/\/radiorevelacionfm.cl\/index.php?rest_route=\/wp\/v2\/posts\/30842\/revisions\/30844"}],"wp:featuredmedia":[{"embeddable":true,"href":"https:\/\/radiorevelacionfm.cl\/index.php?rest_route=\/wp\/v2\/media\/30843"}],"wp:attachment":[{"href":"https:\/\/radiorevelacionfm.cl\/index.php?rest_route=%2Fwp%2Fv2%2Fmedia&parent=30842"}],"wp:term":[{"taxonomy":"category","embeddable":true,"href":"https:\/\/radiorevelacionfm.cl\/index.php?rest_route=%2Fwp%2Fv2%2Fcategories&post=30842"},{"taxonomy":"post_tag","embeddable":true,"href":"https:\/\/radiorevelacionfm.cl\/index.php?rest_route=%2Fwp%2Fv2%2Ftags&post=30842"}],"curies":[{"name":"wp","href":"https:\/\/api.w.org\/{rel}","templated":true}]}}