{"id":30839,"date":"2023-05-09T19:52:05","date_gmt":"2023-05-09T22:52:05","guid":{"rendered":"https:\/\/radiorevelacionfm.cl\/?p=30839"},"modified":"2023-05-09T19:52:05","modified_gmt":"2023-05-09T22:52:05","slug":"detallan-conjunto-de-medidas-del-programa-invernal-2023-para-la-region-de-aysen","status":"publish","type":"post","link":"https:\/\/radiorevelacionfm.cl\/?p=30839","title":{"rendered":"Detallan conjunto de medidas del programa invernal 2023 para la regi\u00f3n de Ays\u00e9n"},"content":{"rendered":"<div class=\"flex_column av_one_full  flex_column_div av-zero-column-padding first  avia-builder-el-0  el_before_av_one_full  avia-builder-el-first  \" style='border-radius:0px; '><div  class='avia-image-container  av-styling-    avia-builder-el-1  avia-builder-el-no-sibling  avia-align-center '  itemprop=\"image\" itemscope=\"itemscope\" itemtype=\"https:\/\/schema.org\/ImageObject\"  ><div class='avia-image-container-inner'><div class='avia-image-overlay-wrap'><img decoding=\"async\" class='wp-image-30840 avia-img-lazy-loading-not-30840 avia_image' src=\"https:\/\/radiorevelacionfm.cl\/wp-content\/uploads\/2023\/05\/uno-programa-1_optimized.jpg\" alt='' title='uno-programa-(1)_optimized' height=\"600\" width=\"1268\"  itemprop=\"thumbnailUrl\" srcset=\"https:\/\/radiorevelacionfm.cl\/wp-content\/uploads\/2023\/05\/uno-programa-1_optimized.jpg 1268w, https:\/\/radiorevelacionfm.cl\/wp-content\/uploads\/2023\/05\/uno-programa-1_optimized-300x142.jpg 300w, https:\/\/radiorevelacionfm.cl\/wp-content\/uploads\/2023\/05\/uno-programa-1_optimized-1030x487.jpg 1030w, https:\/\/radiorevelacionfm.cl\/wp-content\/uploads\/2023\/05\/uno-programa-1_optimized-768x363.jpg 768w, https:\/\/radiorevelacionfm.cl\/wp-content\/uploads\/2023\/05\/uno-programa-1_optimized-705x334.jpg 705w, https:\/\/radiorevelacionfm.cl\/wp-content\/uploads\/2023\/05\/uno-programa-1_optimized-450x213.jpg 450w, https:\/\/radiorevelacionfm.cl\/wp-content\/uploads\/2023\/05\/uno-programa-1_optimized-600x284.jpg 600w\" sizes=\"(max-width: 1268px) 100vw, 1268px\" \/><\/div><\/div><\/div><\/div><div class=\"flex_column av_one_full  flex_column_div av-zero-column-padding first  avia-builder-el-2  el_after_av_one_full  el_before_av_one_full  column-top-margin\" style='border-radius:0px; '><section class=\"av_textblock_section \"  itemscope=\"itemscope\" itemtype=\"https:\/\/schema.org\/BlogPosting\" itemprop=\"blogPost\" ><div class='avia_textblock  '   itemprop=\"text\" ><p style=\"text-align: center;\"><strong><span style=\"font-size: 18pt;\">Detallan conjunto de medidas del programa invernal 2023 para la regi\u00f3n de Ays\u00e9n<\/span><\/strong><\/p>\n<div id=\"gtx-trans\" style=\"position: absolute; left: -50px; top: 4.31534px;\">\n<div class=\"gtx-trans-icon\"><\/div>\n<\/div>\n<\/div><\/section><\/div><div class=\"flex_column av_one_full  flex_column_div av-zero-column-padding first  avia-builder-el-4  el_after_av_one_full  el_before_av_hr  column-top-margin\" style='border-radius:0px; '><section class=\"av_textblock_section \"  itemscope=\"itemscope\" itemtype=\"https:\/\/schema.org\/BlogPosting\" itemprop=\"blogPost\" ><div class='avia_textblock  '   itemprop=\"text\" ><p style=\"text-align: justify;\">El Ministerio de Obras P\u00fablicas y el Servicio Nacional de Prevenci\u00f3n y Respuesta ante Desastres (SENAPRED), esta ma\u00f1ana presentaron en detalle el Programa Invernal a\u00f1o 2023, el que involucra un conjunto de iniciativas provenientes de las Direcciones Regionales de Vialidad, Obras Hidr\u00e1ulicas y Aguas con el objeto de anticiparse y enfrentar mejor preparados este invierno 2023.<\/p>\n<p style=\"text-align: justify;\">As\u00ed lo se\u00f1alaron esta ma\u00f1ana el Secretario Regional Ministerial de Obras P\u00fablicas, Patricio Sanhueza, los Directores Regionales MOP de Vialidad Renzo Sanders, de Aguas H\u00e9ctor Cort\u00e9s y de Obras Hidr\u00e1ulicas Francisco Real, quienes junto al Director Regional del Servicio Nacional de Prevenci\u00f3n y Respuesta ante Desastres (SENAPRED), Sidi Bravo, entregaron un detallado avance de las iniciativas que se abordaran para enfrentar este invierno.<\/p>\n<p style=\"text-align: justify;\">En la ocasi\u00f3n, el Secretario Regional Ministerial de Obras P\u00fablicas, Patricio Sanhueza Ulloa, destac\u00f3 la importancia de un trabajo conjunto con la comunidad. \u201cNosotros en las diversas reuniones que hemos sostenido hemos escuchado a la comunidad y ellos nos han indicado las problem\u00e1ticas que viven en invierno en sus territorios, as\u00ed que este programa a\u00fana las sugerencias del sector privado, diversos gremios, Alcaldes y Delegados, porque son ellos quienes conocen sus necesidades en esta \u00e9poca del a\u00f1o, as\u00ed que este Programa Invernal incluye diversas iniciativas, obras y medidas para abordar este invierno m\u00e1s preparados, y en la medida que se vaya desarrollando, continuaremos abriendo espacios para ir trabajando mancomunadamente con la comunidad. Es as\u00ed como hoy, este Programa se vincula directamente con el Plan Excepcional de Conservaci\u00f3n de Caminos. Este a\u00f1o esperamos que las condiciones invernales no sean tan adversas como el a\u00f1o pasado, pero tendremos una mayor cantidad de equipos en operaciones. Hoy d\u00eda disponemos de 28 motoniveladoras que van a ser distribuidas en la red vial. Vamos agregar 8 equipos de esparcido de sal y 4 equipos Barrenieve, uno m\u00e1s que el a\u00f1o pasado, con el objetivo de poder dar una respuesta m\u00e1s temprana, m\u00e1s r\u00e1pidamente y con mayor cobertura en diversos puntos estrat\u00e9gicos en la regi\u00f3n. Dentro de este Programa y Plan Excepcional de Conservaci\u00f3n de Caminos, v\u00eda Decreto de Emergencia, esperamos en el mes de junio contar con estos contratos en ejecuci\u00f3n, los que este a\u00f1o incluir\u00e1n vigilancia vial, para poder tener una alerta m\u00e1s temprana frente a cortes de caminos y poder disponer de recursos para dejar en operaciones las v\u00edas\u201d.<\/p>\n<p style=\"text-align: justify;\">Por su parte, el Director Regional de Vialidad MOP Renzo Sanders agreg\u00f3 \u201choy se est\u00e1 ejecutando la primera etapa del Plan Excepcional de Conservaci\u00f3n de Caminos en donde se ha recuperado el buen servicio de las Rutas y paralelamente, vinculado con el Programa Invernal vamos a desarrollar la segunda etapa del Plan Excepcional de Conservaci\u00f3n de Caminos, para actuar en \u00e9poca invernal. En esta segunda fase, se considera la ejecuci\u00f3n de ocho contratos con empresas constructoras para cubrir en cada uno una red de entre 100 kil\u00f3metros a 140 kil\u00f3metros de caminos, considerando una inversi\u00f3n cercana a los $4500 millones. Hoy nos encontramos en la toma de raz\u00f3n de la documentaci\u00f3n en Contralor\u00eda y una vez finalizado ese proceso vamos a dar inicio a estos contratos. En forma paralela, ya nos hemos reunido con empresas regionales y locales para informarles la modalidad de trato directo, caracter\u00edsticas y alcances y vamos a continuar invitando a m\u00e1s empresas constructoras a que se sumen a este proceso. A esto se agrega, maquinaria y personal de nuestra Direcci\u00f3n de Vialidad con quienes v\u00eda Administraci\u00f3n Directa, vamos a abarcar la totalidad de la red vial\u201d.<\/p>\n<p style=\"text-align: justify;\">Hoy con la nueva Ley de Sistema Nacional de Respuesta ante Desastres, lo que estamos haciendo en la regi\u00f3n de Ays\u00e9n a trav\u00e9s del Ministerio de Obras P\u00fablicas es justamente un programa en prevenci\u00f3n, preparaci\u00f3n y mitigaci\u00f3n para la \u00e9poca invernal, se\u00f1al\u00f3 el Director Regional del Servicio Nacional de Prevenci\u00f3n y Respuesta ante Desastres (SENAPRED), Sidi Bravo, quien adem\u00e1s indic\u00f3 que \u201cse est\u00e1 trabajando mancomunadamente con todas las Direcciones del MOP, y con el nuevo Director Regional de Vialidad \u00a0en la atenci\u00f3n de todas las Rutas tanto primarias, secundarias y terciarias para velar por la vida y la seguridad de las personas, pero es importante destacar el autocuidado y la preparaci\u00f3n que debemos tener las personas que vivimos en la regi\u00f3n de Ays\u00e9n y de quienes nos visitan, como por ejemplo en el desplazamiento por la regi\u00f3n, en hacerlo con luz d\u00eda y no de noche, el uso de cadenas, el respeto a los cierres de las Rutas y hacia los paleteros. Hoy estamos todos preocupados y ocupados en entregar seguridad a las personas y a los visitantes, por lo tanto este trabajo que se est\u00e1 desarrollando dice relaci\u00f3n con las medidas de mitigaci\u00f3n\u201d.<\/p>\n<p style=\"text-align: justify;\">La autoridad de SENAPRED a\u00f1adi\u00f3 con relaci\u00f3n a las condiciones clim\u00e1ticas que \u201ces probable que tengamos un invierno un poco m\u00e1s extenso de lo que vivimos el a\u00f1o pasado, de acuerdo a lo que indica la comunidad cient\u00edfica y la Academia, \u00a0producto de que en este per\u00edodo de transici\u00f3n de la Ni\u00f1a al Ni\u00f1o podr\u00edamos tener inestabilidad que podr\u00eda producir m\u00e1s bajas temperaturas en un tiempo m\u00e1s largo, por lo tanto es probable que tengamos la sensaci\u00f3n de un invierno m\u00e1s extenso con precipitaciones similares a las del a\u00f1o pasado, as\u00ed que esperamos que estas condiciones no sean tan adversas y poder estar preparados para enfrentar estas condiciones de invierno que es lo que nos ha pedido el Delegado Presidencial Regional Rodrigo Araya, que nos preocupemos y ocupemos de dar una atenci\u00f3n efectiva y r\u00e1pida a todos los habitantes de la regi\u00f3n, para as\u00ed evitar tener dificultades y lo que se ha desarrollado por parte del Ministerio de Obras P\u00fablicas este a\u00f1o, es justamente cambiar la mirada y tener un programa que involucre a todos los servicios para atender las situaciones de emergencia que podamos tener\u201d.<\/p>\n<p style=\"text-align: justify;\">Por su parte, el Director Regional de Obras Hidr\u00e1ulicas Francisco Real se\u00f1al\u00f3 \u201ca trav\u00e9s de nuestra Subdirecci\u00f3n de Servicios Sanitarios (SSR), que cuenta con 47 APR en funcionamiento en la regi\u00f3n, estamos monitoreando en forma permanente su situaci\u00f3n porque en periodos de invierno pueden disminuir los caudales, bajar las bajas temperaturas y que la captaci\u00f3n se congele o la red de distribuci\u00f3n sufra fracturas, por lo tanto, nuestros equipos se mantendr\u00e1n desplazados en el territorio con personal y veh\u00edculos equipados para atender emergencias y en contacto continuo con los operadores de los Servicios Sanitarios Rurales \u00a0y en coordinaci\u00f3n directa con SENAPRED, Municipalidad y Delegaciones y Alcaldes respectivos. As\u00ed tambi\u00e9n, estamos generando un trabajo preventivo con nuestros Comit\u00e9s de Agua Potable entreg\u00e1ndoles informaci\u00f3n respecto al cuidado de los sistemas de agua potable durante el periodo invernal, as\u00ed que hacemos una invitaci\u00f3n a trabajar conjuntamente ellos en sus hogares, nosotros con obras para prevenir emergencias, desde acciones peque\u00f1as como \u00a0limpiar canaletas, sumideros y no botar basuras en los colectores de aguas lluvias, hacen una gran diferencia, que no s\u00f3lo aporta a su bienestar general, sino tambi\u00e9n para el buen vivir de la comunidad que lo rodea. Necesitamos de todos y que cada uno y una ponga un granito de arena para poder pasar un invierno con las menores dificultades posibles\u201d.<\/p>\n<p style=\"text-align: justify;\">En tanto, el Director Regional de Aguas (DGA) del MOP H\u00e9ctor Cort\u00e9s Gaete indic\u00f3 que \u201creiteramos el autocuidado, precauci\u00f3n y prevenci\u00f3n que se debe tener en invierno frente a eventuales emergencias. Nuestra Direcci\u00f3n cuenta en su p\u00e1gina web (www.dga.cl) con informaci\u00f3n de la operaci\u00f3n de todas las estaciones que tienen instaladas en la regi\u00f3n de Ays\u00e9n, las que alcanzan un total de 113, considerando que entre ellas existen estaciones fluviom\u00e9tricas que tienen sistema de alerta de crecidas y con transmisi\u00f3n de la informaci\u00f3n en forma satelital, por lo tanto la comunidad puede acceder a estos datos siempre y realizar consultas respecto al estado de los r\u00edos y el nivel de precipitaciones, entre otros en Link: <a href=\"https:\/\/snia.mop.gob.cl\/sat\/site\/informes\/mapas\/mapas.xhtml\">https:\/\/snia.mop.gob.cl\/sat\/site\/informes\/mapas\/mapas.xhtml<\/a> .<\/p>\n<\/div><\/section><\/div><div  style='height:50px' class='hr hr-invisible   avia-builder-el-6  el_after_av_one_full  el_before_av_social_share '><span class='hr-inner ' ><span class='hr-inner-style'><\/span><\/span><\/div><\/p>\n<div  class='av-social-sharing-box  avia-builder-el-7  el_after_av_hr  el_before_av_hr  '><div class='av-share-box'><h5 class='av-share-link-description av-no-toc '>Compartir esta noticia<\/h5><ul class='av-share-box-list noLightbox'><li class='av-share-link av-social-link-facebook' ><a target=\"_blank\" aria-label=\"Compartir en Facebook\" href='https:\/\/www.facebook.com\/sharer.php?u=https:\/\/radiorevelacionfm.cl\/?p=30839&#038;t=Detallan%20conjunto%20de%20medidas%20del%20programa%20invernal%202023%20para%20la%20regi%C3%B3n%20de%20Ays%C3%A9n' aria-hidden='false' data-av_icon='\ue8f3' data-av_iconfont='entypo-fontello' title='' data-avia-related-tooltip='Compartir en Facebook' rel=\"noopener\"><span class='avia_hidden_link_text'>Compartir en Facebook<\/span><\/a><\/li><li class='av-share-link av-social-link-twitter' ><a target=\"_blank\" aria-label=\"Compartir en Twitter\" href='https:\/\/twitter.com\/share?text=Detallan%20conjunto%20de%20medidas%20del%20programa%20invernal%202023%20para%20la%20regi%C3%B3n%20de%20Ays%C3%A9n&#038;url=https:\/\/radiorevelacionfm.cl\/?p=30839' aria-hidden='false' data-av_icon='\ue8f1' data-av_iconfont='entypo-fontello' title='' data-avia-related-tooltip='Compartir en Twitter' rel=\"noopener\"><span class='avia_hidden_link_text'>Compartir en Twitter<\/span><\/a><\/li><li class='av-share-link av-social-link-whatsapp' ><a target=\"_blank\" aria-label=\"Compartir en Whatsapp\" href='https:\/\/api.whatsapp.com\/send?text=https:\/\/radiorevelacionfm.cl\/?p=30839' aria-hidden='false' data-av_icon='\uf232' data-av_iconfont='entypo-fontello' title='' data-avia-related-tooltip='Compartir en Whatsapp' rel=\"noopener\"><span class='avia_hidden_link_text'>Compartir en Whatsapp<\/span><\/a><\/li><li class='av-share-link av-social-link-linkedin' ><a target=\"_blank\" aria-label=\"Compartir en LinkedIn\" href='https:\/\/linkedin.com\/shareArticle?mini=true&#038;title=Detallan%20conjunto%20de%20medidas%20del%20programa%20invernal%202023%20para%20la%20regi%C3%B3n%20de%20Ays%C3%A9n&#038;url=https:\/\/radiorevelacionfm.cl\/?p=30839' aria-hidden='false' data-av_icon='\ue8fc' data-av_iconfont='entypo-fontello' title='' data-avia-related-tooltip='Compartir en LinkedIn' rel=\"noopener\"><span class='avia_hidden_link_text'>Compartir en LinkedIn<\/span><\/a><\/li><li class='av-share-link av-social-link-mail' ><a  aria-label=\"Compartir por correo\" href='mailto:?subject=Detallan%20conjunto%20de%20medidas%20del%20programa%20invernal%202023%20para%20la%20regi%C3%B3n%20de%20Ays%C3%A9n&#038;body=https:\/\/radiorevelacionfm.cl\/?p=30839' aria-hidden='false' data-av_icon='\ue805' data-av_iconfont='entypo-fontello' title='' data-avia-related-tooltip='Compartir por correo'><span class='avia_hidden_link_text'>Compartir por correo<\/span><\/a><\/li><\/ul><\/div><\/div>\n<div  style='height:50px' class='hr hr-invisible   avia-builder-el-8  el_after_av_social_share  el_before_av_comments_list '><span class='hr-inner ' ><span class='hr-inner-style'><\/span><\/span><\/div>\n<div  class='av-buildercomment  av-blog-meta-html-info-disabled av-blog-meta-tag-disabled  '><\/div>\n","protected":false},"excerpt":{"rendered":"","protected":false},"author":1,"featured_media":30840,"comment_status":"open","ping_status":"open","sticky":false,"template":"","format":"standard","meta":{"footnotes":""},"categories":[38],"tags":[],"class_list":["post-30839","post","type-post","status-publish","format-standard","has-post-thumbnail","hentry","category-regional"],"jetpack_featured_media_url":"https:\/\/radiorevelacionfm.cl\/wp-content\/uploads\/2023\/05\/uno-programa-1_optimized.jpg","_links":{"self":[{"href":"https:\/\/radiorevelacionfm.cl\/index.php?rest_route=\/wp\/v2\/posts\/30839","targetHints":{"allow":["GET"]}}],"collection":[{"href":"https:\/\/radiorevelacionfm.cl\/index.php?rest_route=\/wp\/v2\/posts"}],"about":[{"href":"https:\/\/radiorevelacionfm.cl\/index.php?rest_route=\/wp\/v2\/types\/post"}],"author":[{"embeddable":true,"href":"https:\/\/radiorevelacionfm.cl\/index.php?rest_route=\/wp\/v2\/users\/1"}],"replies":[{"embeddable":true,"href":"https:\/\/radiorevelacionfm.cl\/index.php?rest_route=%2Fwp%2Fv2%2Fcomments&post=30839"}],"version-history":[{"count":1,"href":"https:\/\/radiorevelacionfm.cl\/index.php?rest_route=\/wp\/v2\/posts\/30839\/revisions"}],"predecessor-version":[{"id":30841,"href":"https:\/\/radiorevelacionfm.cl\/index.php?rest_route=\/wp\/v2\/posts\/30839\/revisions\/30841"}],"wp:featuredmedia":[{"embeddable":true,"href":"https:\/\/radiorevelacionfm.cl\/index.php?rest_route=\/wp\/v2\/media\/30840"}],"wp:attachment":[{"href":"https:\/\/radiorevelacionfm.cl\/index.php?rest_route=%2Fwp%2Fv2%2Fmedia&parent=30839"}],"wp:term":[{"taxonomy":"category","embeddable":true,"href":"https:\/\/radiorevelacionfm.cl\/index.php?rest_route=%2Fwp%2Fv2%2Fcategories&post=30839"},{"taxonomy":"post_tag","embeddable":true,"href":"https:\/\/radiorevelacionfm.cl\/index.php?rest_route=%2Fwp%2Fv2%2Ftags&post=30839"}],"curies":[{"name":"wp","href":"https:\/\/api.w.org\/{rel}","templated":true}]}}