{"id":30836,"date":"2023-05-09T13:47:26","date_gmt":"2023-05-09T16:47:26","guid":{"rendered":"https:\/\/radiorevelacionfm.cl\/?p=30836"},"modified":"2023-05-09T13:47:26","modified_gmt":"2023-05-09T16:47:26","slug":"32-nuevas-familias-del-sector-el-richard-ya-cuentan-con-conexion-electrica-en-sus-hogares","status":"publish","type":"post","link":"https:\/\/radiorevelacionfm.cl\/?p=30836","title":{"rendered":"32 nuevas familias del sector El Richard ya cuentan con conexi\u00f3n el\u00e9ctrica en sus hogares"},"content":{"rendered":"<div class=\"flex_column av_one_full  flex_column_div av-zero-column-padding first  avia-builder-el-0  el_before_av_one_full  avia-builder-el-first  \" style='border-radius:0px; '><div  class='avia-image-container  av-styling-    avia-builder-el-1  avia-builder-el-no-sibling  avia-align-center '  itemprop=\"image\" itemscope=\"itemscope\" itemtype=\"https:\/\/schema.org\/ImageObject\"  ><div class='avia-image-container-inner'><div class='avia-image-overlay-wrap'><img decoding=\"async\" class='wp-image-30837 avia-img-lazy-loading-not-30837 avia_image' src=\"https:\/\/radiorevelacionfm.cl\/wp-content\/uploads\/2023\/05\/Conexion-viviendas3-1-1.jpg\" alt='' title='Conex\u00edon viviendas3 (1) (1)' height=\"600\" width=\"799\"  itemprop=\"thumbnailUrl\" srcset=\"https:\/\/radiorevelacionfm.cl\/wp-content\/uploads\/2023\/05\/Conexion-viviendas3-1-1.jpg 799w, https:\/\/radiorevelacionfm.cl\/wp-content\/uploads\/2023\/05\/Conexion-viviendas3-1-1-300x225.jpg 300w, https:\/\/radiorevelacionfm.cl\/wp-content\/uploads\/2023\/05\/Conexion-viviendas3-1-1-768x577.jpg 768w, https:\/\/radiorevelacionfm.cl\/wp-content\/uploads\/2023\/05\/Conexion-viviendas3-1-1-705x529.jpg 705w, https:\/\/radiorevelacionfm.cl\/wp-content\/uploads\/2023\/05\/Conexion-viviendas3-1-1-450x338.jpg 450w, https:\/\/radiorevelacionfm.cl\/wp-content\/uploads\/2023\/05\/Conexion-viviendas3-1-1-600x451.jpg 600w\" sizes=\"(max-width: 799px) 100vw, 799px\" \/><\/div><\/div><\/div><\/div><div class=\"flex_column av_one_full  flex_column_div av-zero-column-padding first  avia-builder-el-2  el_after_av_one_full  el_before_av_one_full  column-top-margin\" style='border-radius:0px; '><section class=\"av_textblock_section \"  itemscope=\"itemscope\" itemtype=\"https:\/\/schema.org\/BlogPosting\" itemprop=\"blogPost\" ><div class='avia_textblock  '   itemprop=\"text\" ><p style=\"text-align: center;\"><strong><span style=\"font-size: 18pt;\">32 nuevas familias del sector El Richard ya cuentan con conexi\u00f3n el\u00e9ctrica en sus hogares<\/span><\/strong><\/p>\n<div id=\"gtx-trans\" style=\"position: absolute; left: -50px; top: 4.31534px;\">\n<div class=\"gtx-trans-icon\"><\/div>\n<\/div>\n<\/div><\/section><\/div><div class=\"flex_column av_one_full  flex_column_div av-zero-column-padding first  avia-builder-el-4  el_after_av_one_full  el_before_av_hr  column-top-margin\" style='border-radius:0px; '><section class=\"av_textblock_section \"  itemscope=\"itemscope\" itemtype=\"https:\/\/schema.org\/BlogPosting\" itemprop=\"blogPost\" ><div class='avia_textblock  '   itemprop=\"text\" ><p style=\"text-align: justify;\">De manera exitosa se llevaron a cabo los trabajos de conexi\u00f3n para 32 nuevas viviendas en sector El Richard de la comuna de Coyhaique. La iniciativa fue posible gracias al proyecto de Electrificaci\u00f3n Rural, que cont\u00f3 con el financiamiento del Fondo Nacional de Desarrollo Regional del Gobierno Regional de Ays\u00e9n, as\u00ed como con los aportes de los beneficiarios y de la empresa el\u00e9ctrica Edelaysen.<\/p>\n<p style=\"text-align: justify;\">Patricio Raimilla, jefe de Servicio al Cliente de la empresa el\u00e9ctrica, destac\u00f3 la importancia de este proyecto: \u201cEn Edelaysen, estamos comprometidos en mejorar la calidad de vida de la comunidad a trav\u00e9s de la energ\u00eda el\u00e9ctrica. La conexi\u00f3n de estas 32 viviendas es un gran paso en esa direcci\u00f3n. Estamos muy agradecidos por la confianza depositada en nosotros por parte de los beneficiarios y del Gobierno Regional\u201d.<\/p>\n<p style=\"text-align: justify;\">Por su parte, la Gobernadora Regional Andrea Mac\u00edas Palma valor\u00f3 la colaboraci\u00f3n entre el sector p\u00fablico y privado indicando qu\u00e9 \u201ccomo\u00a0Gobierno Regional y su consejo, (estamos) muy contentos de ver c\u00f3mo se van concretando estos compromisos que se van asumiendo en conjunto con la empresa Edelaysen y este convenio de colaboraci\u00f3n que tenemos con el Gobierno Regional, donde de manera conjunta en los \u00faltimos a\u00f1os hemos logrado llegar a muchos lugares, a muchas familias con extensi\u00f3n de red. Relevar el trabajo que se viene haciendo con Edelaysen y esperar que este se pueda potenciar porque sin duda cuando la empresa privada y el sector p\u00fablico trabajamos en conjunto, logramos llegar de mejor manera a resolver problemas reales de las personas que habitan nuestro territorio\u201d.<\/p>\n<p style=\"text-align: justify;\">La conexi\u00f3n el\u00e9ctrica de estas viviendas es un gran avance en la mejora de la calidad de vida de sus habitantes, puesto que tendr\u00e1n acceso a servicios b\u00e1sicos como la iluminaci\u00f3n, refrigeraci\u00f3n, carga de dispositivos electr\u00f3nicos, entre otros, lo que mejorar\u00e1 su capacidad de desarrollo personal para quienes componen estas viviendas.<\/p>\n<p style=\"text-align: justify;\">De acuerdo con ello, Luzmira Cadag\u00e1n, una de las pobladoras que m\u00e1s a\u00f1os ha vivido en este sector indic\u00f3 que: \u201cEstamos felices, estuvimos por m\u00e1s de 20 a\u00f1os esperando que llegara la luz. Tengo una maquinita el\u00e9ctrica para coser e hilar y solo ten\u00eda un generador, donde el gasto en combustible era excesivo, as\u00ed que muy feliz de contar con luz ahora, le dec\u00eda a los chicos de Edelaysen si estar\u00eda viva para cuando llegase ese momento y as\u00ed fue. Muy agradecida tanto de la empresa como del Gobierno Regional\u201d.<\/p>\n<p style=\"text-align: justify;\">Este proyecto fue posible gracias al trabajo mancomunado entre Gobierno Regional y Edelaysen.<\/p>\n<\/div><\/section><\/div><div  style='height:50px' class='hr hr-invisible   avia-builder-el-6  el_after_av_one_full  el_before_av_social_share '><span class='hr-inner ' ><span class='hr-inner-style'><\/span><\/span><\/div><\/p>\n<div  class='av-social-sharing-box  avia-builder-el-7  el_after_av_hr  el_before_av_hr  '><div class='av-share-box'><h5 class='av-share-link-description av-no-toc '>Compartir esta noticia<\/h5><ul class='av-share-box-list noLightbox'><li class='av-share-link av-social-link-facebook' ><a target=\"_blank\" aria-label=\"Compartir en Facebook\" href='https:\/\/www.facebook.com\/sharer.php?u=https:\/\/radiorevelacionfm.cl\/?p=30836&#038;t=32%20nuevas%20familias%20del%20sector%20El%20Richard%20ya%20cuentan%20con%20conexi%C3%B3n%20el%C3%A9ctrica%20en%20sus%20hogares' aria-hidden='false' data-av_icon='\ue8f3' data-av_iconfont='entypo-fontello' title='' data-avia-related-tooltip='Compartir en Facebook' rel=\"noopener\"><span class='avia_hidden_link_text'>Compartir en Facebook<\/span><\/a><\/li><li class='av-share-link av-social-link-twitter' ><a target=\"_blank\" aria-label=\"Compartir en Twitter\" href='https:\/\/twitter.com\/share?text=32%20nuevas%20familias%20del%20sector%20El%20Richard%20ya%20cuentan%20con%20conexi%C3%B3n%20el%C3%A9ctrica%20en%20sus%20hogares&#038;url=https:\/\/radiorevelacionfm.cl\/?p=30836' aria-hidden='false' data-av_icon='\ue8f1' data-av_iconfont='entypo-fontello' title='' data-avia-related-tooltip='Compartir en Twitter' rel=\"noopener\"><span class='avia_hidden_link_text'>Compartir en Twitter<\/span><\/a><\/li><li class='av-share-link av-social-link-whatsapp' ><a target=\"_blank\" aria-label=\"Compartir en Whatsapp\" href='https:\/\/api.whatsapp.com\/send?text=https:\/\/radiorevelacionfm.cl\/?p=30836' aria-hidden='false' data-av_icon='\uf232' data-av_iconfont='entypo-fontello' title='' data-avia-related-tooltip='Compartir en Whatsapp' rel=\"noopener\"><span class='avia_hidden_link_text'>Compartir en Whatsapp<\/span><\/a><\/li><li class='av-share-link av-social-link-linkedin' ><a target=\"_blank\" aria-label=\"Compartir en LinkedIn\" href='https:\/\/linkedin.com\/shareArticle?mini=true&#038;title=32%20nuevas%20familias%20del%20sector%20El%20Richard%20ya%20cuentan%20con%20conexi%C3%B3n%20el%C3%A9ctrica%20en%20sus%20hogares&#038;url=https:\/\/radiorevelacionfm.cl\/?p=30836' aria-hidden='false' data-av_icon='\ue8fc' data-av_iconfont='entypo-fontello' title='' data-avia-related-tooltip='Compartir en LinkedIn' rel=\"noopener\"><span class='avia_hidden_link_text'>Compartir en LinkedIn<\/span><\/a><\/li><li class='av-share-link av-social-link-mail' ><a  aria-label=\"Compartir por correo\" href='mailto:?subject=32%20nuevas%20familias%20del%20sector%20El%20Richard%20ya%20cuentan%20con%20conexi%C3%B3n%20el%C3%A9ctrica%20en%20sus%20hogares&#038;body=https:\/\/radiorevelacionfm.cl\/?p=30836' aria-hidden='false' data-av_icon='\ue805' data-av_iconfont='entypo-fontello' title='' data-avia-related-tooltip='Compartir por correo'><span class='avia_hidden_link_text'>Compartir por correo<\/span><\/a><\/li><\/ul><\/div><\/div>\n<div  style='height:50px' class='hr hr-invisible   avia-builder-el-8  el_after_av_social_share  el_before_av_comments_list '><span class='hr-inner ' ><span class='hr-inner-style'><\/span><\/span><\/div>\n<div  class='av-buildercomment  av-blog-meta-html-info-disabled av-blog-meta-tag-disabled  '><\/div>\n","protected":false},"excerpt":{"rendered":"","protected":false},"author":1,"featured_media":30837,"comment_status":"open","ping_status":"open","sticky":false,"template":"","format":"standard","meta":{"footnotes":""},"categories":[38],"tags":[],"class_list":["post-30836","post","type-post","status-publish","format-standard","has-post-thumbnail","hentry","category-regional"],"jetpack_featured_media_url":"https:\/\/radiorevelacionfm.cl\/wp-content\/uploads\/2023\/05\/Conexion-viviendas3-1-1.jpg","_links":{"self":[{"href":"https:\/\/radiorevelacionfm.cl\/index.php?rest_route=\/wp\/v2\/posts\/30836","targetHints":{"allow":["GET"]}}],"collection":[{"href":"https:\/\/radiorevelacionfm.cl\/index.php?rest_route=\/wp\/v2\/posts"}],"about":[{"href":"https:\/\/radiorevelacionfm.cl\/index.php?rest_route=\/wp\/v2\/types\/post"}],"author":[{"embeddable":true,"href":"https:\/\/radiorevelacionfm.cl\/index.php?rest_route=\/wp\/v2\/users\/1"}],"replies":[{"embeddable":true,"href":"https:\/\/radiorevelacionfm.cl\/index.php?rest_route=%2Fwp%2Fv2%2Fcomments&post=30836"}],"version-history":[{"count":1,"href":"https:\/\/radiorevelacionfm.cl\/index.php?rest_route=\/wp\/v2\/posts\/30836\/revisions"}],"predecessor-version":[{"id":30838,"href":"https:\/\/radiorevelacionfm.cl\/index.php?rest_route=\/wp\/v2\/posts\/30836\/revisions\/30838"}],"wp:featuredmedia":[{"embeddable":true,"href":"https:\/\/radiorevelacionfm.cl\/index.php?rest_route=\/wp\/v2\/media\/30837"}],"wp:attachment":[{"href":"https:\/\/radiorevelacionfm.cl\/index.php?rest_route=%2Fwp%2Fv2%2Fmedia&parent=30836"}],"wp:term":[{"taxonomy":"category","embeddable":true,"href":"https:\/\/radiorevelacionfm.cl\/index.php?rest_route=%2Fwp%2Fv2%2Fcategories&post=30836"},{"taxonomy":"post_tag","embeddable":true,"href":"https:\/\/radiorevelacionfm.cl\/index.php?rest_route=%2Fwp%2Fv2%2Ftags&post=30836"}],"curies":[{"name":"wp","href":"https:\/\/api.w.org\/{rel}","templated":true}]}}