{"id":30833,"date":"2023-05-09T17:11:58","date_gmt":"2023-05-09T20:11:58","guid":{"rendered":"https:\/\/radiorevelacionfm.cl\/?p=30833"},"modified":"2023-05-09T17:11:58","modified_gmt":"2023-05-09T20:11:58","slug":"anuncian-nueva-convocatoria-para-el-programa-de-liceos-bicentenario","status":"publish","type":"post","link":"https:\/\/radiorevelacionfm.cl\/?p=30833","title":{"rendered":"Anuncian nueva convocatoria para el programa de Liceos Bicentenario"},"content":{"rendered":"<div class=\"flex_column av_one_full  flex_column_div av-zero-column-padding first  avia-builder-el-0  el_before_av_one_full  avia-builder-el-first  \" style='border-radius:0px; '><div  class='avia-image-container  av-styling-    avia-builder-el-1  avia-builder-el-no-sibling  avia-align-center '  itemprop=\"image\" itemscope=\"itemscope\" itemtype=\"https:\/\/schema.org\/ImageObject\"  ><div class='avia-image-container-inner'><div class='avia-image-overlay-wrap'><img decoding=\"async\" class='wp-image-30834 avia-img-lazy-loading-not-30834 avia_image' src=\"https:\/\/radiorevelacionfm.cl\/wp-content\/uploads\/2023\/05\/Bicentenario-2-1-1.jpeg\" alt='' title='Bicentenario 2 (1) (1)' height=\"600\" width=\"900\"  itemprop=\"thumbnailUrl\" srcset=\"https:\/\/radiorevelacionfm.cl\/wp-content\/uploads\/2023\/05\/Bicentenario-2-1-1.jpeg 900w, https:\/\/radiorevelacionfm.cl\/wp-content\/uploads\/2023\/05\/Bicentenario-2-1-1-300x200.jpeg 300w, https:\/\/radiorevelacionfm.cl\/wp-content\/uploads\/2023\/05\/Bicentenario-2-1-1-768x512.jpeg 768w, https:\/\/radiorevelacionfm.cl\/wp-content\/uploads\/2023\/05\/Bicentenario-2-1-1-705x470.jpeg 705w, https:\/\/radiorevelacionfm.cl\/wp-content\/uploads\/2023\/05\/Bicentenario-2-1-1-450x300.jpeg 450w, https:\/\/radiorevelacionfm.cl\/wp-content\/uploads\/2023\/05\/Bicentenario-2-1-1-600x400.jpeg 600w\" sizes=\"(max-width: 900px) 100vw, 900px\" \/><\/div><\/div><\/div><\/div><div class=\"flex_column av_one_full  flex_column_div av-zero-column-padding first  avia-builder-el-2  el_after_av_one_full  el_before_av_one_full  column-top-margin\" style='border-radius:0px; '><section class=\"av_textblock_section \"  itemscope=\"itemscope\" itemtype=\"https:\/\/schema.org\/BlogPosting\" itemprop=\"blogPost\" ><div class='avia_textblock  '   itemprop=\"text\" ><p style=\"text-align: center;\"><strong><span style=\"font-size: 18pt;\">Anuncian nueva convocatoria para el programa de Liceos Bicentenario <\/span><\/strong><\/p>\n<div id=\"gtx-trans\" style=\"position: absolute; left: -50px; top: 4.31534px;\">\n<div class=\"gtx-trans-icon\"><\/div>\n<\/div>\n<\/div><\/section><\/div><div class=\"flex_column av_one_full  flex_column_div av-zero-column-padding first  avia-builder-el-4  el_after_av_one_full  el_before_av_hr  column-top-margin\" style='border-radius:0px; '><section class=\"av_textblock_section \"  itemscope=\"itemscope\" itemtype=\"https:\/\/schema.org\/BlogPosting\" itemprop=\"blogPost\" ><div class='avia_textblock  '   itemprop=\"text\" ><p style=\"text-align: justify;\"><span class=\"v1contentpasted1\">Esta nueva versi\u00f3n ir\u00e1 en l\u00ednea con los desaf\u00edos de la reactivaci\u00f3n educativa y buscar\u00e1 fortalecer las distintas formaciones (t\u00e9cnico-profesional, art\u00edstica y cient\u00edfico-humanista) con foco en innovaci\u00f3n, colaboraci\u00f3n, integralidad e inclusi\u00f3n.\u00a0\u00a0El llamado permitir\u00e1 que 80 establecimientos se sumen a esta iniciativa. Adem\u00e1s, se han encargado dos estudios, a la U. de Chile y U. Cat\u00f3lica, para conocer el impacto del programa y evaluar ajustes en base a la evidencia recabada.\u00a0<\/span><\/p>\n<p class=\"v1MsoNormal\" style=\"text-align: justify;\"><span class=\"v1contentpasted1\">El ministro de Educaci\u00f3n, Marco Antonio \u00c1vila, y la subsecretaria de Educaci\u00f3n, Alejandra Arratia Mart\u00ednez, anunciaron una nueva convocatoria para que establecimientos educacionales formen parte del programa de Liceos Bicentenario de Excelencia.\u00a0<\/span><\/p>\n<p class=\"v1MsoNormal\" style=\"text-align: justify;\"><span class=\"v1contentpasted1\">El detalle fue entregado en la Sesi\u00f3n Especial Conjunta de las Comisiones de Educaci\u00f3n del Senado y de la C\u00e1mara de Diputadas y Diputados, donde las autoridades explicaron que esta nueva convocatoria permitir\u00e1 que 80 establecimientos se integren al programa, sum\u00e1ndose a los 320 ya existentes. Las bases ser\u00e1n publicadas en mayo, se recibir\u00e1n postulaciones durante junio y la implementaci\u00f3n comenzar\u00e1 a partir de octubre.\u00a0<\/span><\/p>\n<p class=\"v1MsoNormal\" style=\"text-align: justify;\"><span class=\"v1contentpasted1\">El\u00a0ministro Marco Antonio \u00c1vila\u00a0destac\u00f3 que esta nueva convocatoria busca vincular las oportunidades que ofrece el programa con las necesidades del sistema educativo. Asimismo, explic\u00f3 que \u201cesta propuesta busca ampliar la mirada de este programa, valorando la diversidad de las trayectorias que existen en nuestro sistema educacional, potenciando la educaci\u00f3n art\u00edstica, la educaci\u00f3n t\u00e9cnico-profesional y la educaci\u00f3n cient\u00edfico-humanista\u201d. De esta forma, la nueva convocatoria tendr\u00e1 tres l\u00edneas diferenciadas para establecimientos de estas tres modalidades.\u00a0<\/span><\/p>\n<p class=\"v1MsoNormal\" style=\"text-align: justify;\"><span class=\"v1contentpasted1\">Los establecimientos que sean seleccionados recibir\u00e1n, en promedio, $100 millones para fortalecer sus proyectos educativos, su equipamiento y su mobiliario y con ello mejorar sus procesos y la experiencia formativa de todos y todas las estudiantes. Como siempre, estos recursos ser\u00e1n transferidos en dos cuotas que se entregan previa rendici\u00f3n de recursos.\u00a0<\/span><\/p>\n<p class=\"v1MsoNormal\" style=\"text-align: justify;\"><span class=\"v1contentpasted1\">\u201cCon voluntad pol\u00edtica, el apoyo de todos y una adecuada priorizaci\u00f3n de los recursos, podemos proyectar que, al fin de esta administraci\u00f3n, la mayor\u00eda de los liceos con sello art\u00edstico de Chile podr\u00edan pertenecer al programa de Liceos Bicentenarios\u201d, destac\u00f3 el ministro \u00c1vila, quien se\u00f1al\u00f3 que esta nueva convocatoria \u201crepresenta tanto una l\u00ednea de innovaci\u00f3n como de continuidad\u201d.\u00a0\u00a0<\/span><\/p>\n<p class=\"v1MsoNormal\" style=\"text-align: justify;\"><span class=\"v1contentpasted1\">Por su parte, la\u00a0subsecretaria Alejandra Arratia\u00a0se\u00f1al\u00f3 que \u201cel gran desaf\u00edo que estamos abordando es vincular de forma m\u00e1s expl\u00edcita el programa de los Liceos Bicentenario con la reactivaci\u00f3n educativa\u201d, para ofrecer experiencias educativas integrales y aprendizaje de habilidades socioemocionales durante el proceso pedag\u00f3gico.\u00a0<\/span><\/p>\n<p class=\"v1MsoNormal\" style=\"text-align: justify;\"><span class=\"v1contentpasted1\">\u201cEl objetivo de esta nueva convocatoria es fortalecer la innovaci\u00f3n, la inclusi\u00f3n y la colaboraci\u00f3n, a partir de la reflexi\u00f3n en torno a c\u00f3mo fortalecemos las capacidades de los establecimientos para el aprendizaje. Aqu\u00ed no se trata de reactivar para volver a lo que ten\u00edamos antes de la pandemia. Buscamos reactivar el sistema educacional para alcanzar una experiencia m\u00e1s motivante y significativa, que permita as\u00ed fortalecer el aprendizaje\u201d, a\u00f1adi\u00f3 la subsecretaria.\u00a0<\/span><\/p>\n<p class=\"v1MsoNormal\" style=\"text-align: justify;\"><span class=\"v1contentpasted1\"><b>Estudios de evaluaci\u00f3n\u00a0<\/b><\/span><\/p>\n<p class=\"v1MsoNormal\" style=\"text-align: justify;\"><span class=\"v1contentpasted1\">Junto con abrir la nueva convocatoria, y tal como se anunci\u00f3 el a\u00f1o pasado, el Mineduc encarg\u00f3 la realizaci\u00f3n de dos estudios de evaluaci\u00f3n al programa de Liceos Bicentenario, que permitan financiar esta iniciativa en base a la evidencia. Ambos estudios est\u00e1n en desarrollo.\u00a0<\/span><\/p>\n<p class=\"v1MsoNormal\" style=\"text-align: justify;\"><span class=\"v1contentpasted1\">El primero es una evaluaci\u00f3n que desarrollar\u00e1 el Centro de Sistemas P\u00fablicos de la Universidad de Chile, que estudiar\u00e1 el impacto que ha tenido este programa. Y el segundo es una evaluaci\u00f3n desarrollada por la Universidad Cat\u00f3lica para conocer las experiencias de estudiantes y apoderados.\u00a0<\/span><\/p>\n<\/div><\/section><\/div><div  style='height:50px' class='hr hr-invisible   avia-builder-el-6  el_after_av_one_full  el_before_av_social_share '><span class='hr-inner ' ><span class='hr-inner-style'><\/span><\/span><\/div><\/p>\n<div  class='av-social-sharing-box  avia-builder-el-7  el_after_av_hr  el_before_av_hr  '><div class='av-share-box'><h5 class='av-share-link-description av-no-toc '>Compartir esta noticia<\/h5><ul class='av-share-box-list noLightbox'><li class='av-share-link av-social-link-facebook' ><a target=\"_blank\" aria-label=\"Compartir en Facebook\" href='https:\/\/www.facebook.com\/sharer.php?u=https:\/\/radiorevelacionfm.cl\/?p=30833&#038;t=Anuncian%20nueva%20convocatoria%20para%20el%20programa%20de%20Liceos%20Bicentenario' aria-hidden='false' data-av_icon='\ue8f3' data-av_iconfont='entypo-fontello' title='' data-avia-related-tooltip='Compartir en Facebook' rel=\"noopener\"><span class='avia_hidden_link_text'>Compartir en Facebook<\/span><\/a><\/li><li class='av-share-link av-social-link-twitter' ><a target=\"_blank\" aria-label=\"Compartir en Twitter\" href='https:\/\/twitter.com\/share?text=Anuncian%20nueva%20convocatoria%20para%20el%20programa%20de%20Liceos%20Bicentenario&#038;url=https:\/\/radiorevelacionfm.cl\/?p=30833' aria-hidden='false' data-av_icon='\ue8f1' data-av_iconfont='entypo-fontello' title='' data-avia-related-tooltip='Compartir en Twitter' rel=\"noopener\"><span class='avia_hidden_link_text'>Compartir en Twitter<\/span><\/a><\/li><li class='av-share-link av-social-link-whatsapp' ><a target=\"_blank\" aria-label=\"Compartir en Whatsapp\" href='https:\/\/api.whatsapp.com\/send?text=https:\/\/radiorevelacionfm.cl\/?p=30833' aria-hidden='false' data-av_icon='\uf232' data-av_iconfont='entypo-fontello' title='' data-avia-related-tooltip='Compartir en Whatsapp' rel=\"noopener\"><span class='avia_hidden_link_text'>Compartir en Whatsapp<\/span><\/a><\/li><li class='av-share-link av-social-link-linkedin' ><a target=\"_blank\" aria-label=\"Compartir en LinkedIn\" href='https:\/\/linkedin.com\/shareArticle?mini=true&#038;title=Anuncian%20nueva%20convocatoria%20para%20el%20programa%20de%20Liceos%20Bicentenario&#038;url=https:\/\/radiorevelacionfm.cl\/?p=30833' aria-hidden='false' data-av_icon='\ue8fc' data-av_iconfont='entypo-fontello' title='' data-avia-related-tooltip='Compartir en LinkedIn' rel=\"noopener\"><span class='avia_hidden_link_text'>Compartir en LinkedIn<\/span><\/a><\/li><li class='av-share-link av-social-link-mail' ><a  aria-label=\"Compartir por correo\" href='mailto:?subject=Anuncian%20nueva%20convocatoria%20para%20el%20programa%20de%20Liceos%20Bicentenario&#038;body=https:\/\/radiorevelacionfm.cl\/?p=30833' aria-hidden='false' data-av_icon='\ue805' data-av_iconfont='entypo-fontello' title='' data-avia-related-tooltip='Compartir por correo'><span class='avia_hidden_link_text'>Compartir por correo<\/span><\/a><\/li><\/ul><\/div><\/div>\n<div  style='height:50px' class='hr hr-invisible   avia-builder-el-8  el_after_av_social_share  el_before_av_comments_list '><span class='hr-inner ' ><span class='hr-inner-style'><\/span><\/span><\/div>\n<div  class='av-buildercomment  av-blog-meta-html-info-disabled av-blog-meta-tag-disabled  '><\/div>\n","protected":false},"excerpt":{"rendered":"","protected":false},"author":1,"featured_media":30834,"comment_status":"open","ping_status":"open","sticky":false,"template":"","format":"standard","meta":{"footnotes":""},"categories":[49],"tags":[],"class_list":["post-30833","post","type-post","status-publish","format-standard","has-post-thumbnail","hentry","category-educacion"],"jetpack_featured_media_url":"https:\/\/radiorevelacionfm.cl\/wp-content\/uploads\/2023\/05\/Bicentenario-2-1-1.jpeg","_links":{"self":[{"href":"https:\/\/radiorevelacionfm.cl\/index.php?rest_route=\/wp\/v2\/posts\/30833","targetHints":{"allow":["GET"]}}],"collection":[{"href":"https:\/\/radiorevelacionfm.cl\/index.php?rest_route=\/wp\/v2\/posts"}],"about":[{"href":"https:\/\/radiorevelacionfm.cl\/index.php?rest_route=\/wp\/v2\/types\/post"}],"author":[{"embeddable":true,"href":"https:\/\/radiorevelacionfm.cl\/index.php?rest_route=\/wp\/v2\/users\/1"}],"replies":[{"embeddable":true,"href":"https:\/\/radiorevelacionfm.cl\/index.php?rest_route=%2Fwp%2Fv2%2Fcomments&post=30833"}],"version-history":[{"count":1,"href":"https:\/\/radiorevelacionfm.cl\/index.php?rest_route=\/wp\/v2\/posts\/30833\/revisions"}],"predecessor-version":[{"id":30835,"href":"https:\/\/radiorevelacionfm.cl\/index.php?rest_route=\/wp\/v2\/posts\/30833\/revisions\/30835"}],"wp:featuredmedia":[{"embeddable":true,"href":"https:\/\/radiorevelacionfm.cl\/index.php?rest_route=\/wp\/v2\/media\/30834"}],"wp:attachment":[{"href":"https:\/\/radiorevelacionfm.cl\/index.php?rest_route=%2Fwp%2Fv2%2Fmedia&parent=30833"}],"wp:term":[{"taxonomy":"category","embeddable":true,"href":"https:\/\/radiorevelacionfm.cl\/index.php?rest_route=%2Fwp%2Fv2%2Fcategories&post=30833"},{"taxonomy":"post_tag","embeddable":true,"href":"https:\/\/radiorevelacionfm.cl\/index.php?rest_route=%2Fwp%2Fv2%2Ftags&post=30833"}],"curies":[{"name":"wp","href":"https:\/\/api.w.org\/{rel}","templated":true}]}}