{"id":30830,"date":"2023-05-09T12:17:32","date_gmt":"2023-05-09T15:17:32","guid":{"rendered":"https:\/\/radiorevelacionfm.cl\/?p=30830"},"modified":"2023-05-09T12:17:32","modified_gmt":"2023-05-09T15:17:32","slug":"sag-y-seremi-de-agricultura-resaltan-trabajo-para-controlar-la-hidatidosis-en-la-region","status":"publish","type":"post","link":"https:\/\/radiorevelacionfm.cl\/?p=30830","title":{"rendered":"SAG y Seremi de Agricultura resaltan trabajo para controlar la hidatidosis en la regi\u00f3n"},"content":{"rendered":"<div class=\"flex_column av_one_full  flex_column_div av-zero-column-padding first  avia-builder-el-0  el_before_av_one_full  avia-builder-el-first  \" style='border-radius:0px; '><div  class='avia-image-container  av-styling-    avia-builder-el-1  avia-builder-el-no-sibling  avia-align-center '  itemprop=\"image\" itemscope=\"itemscope\" itemtype=\"https:\/\/schema.org\/ImageObject\"  ><div class='avia-image-container-inner'><div class='avia-image-overlay-wrap'><img decoding=\"async\" class='wp-image-30831 avia-img-lazy-loading-not-30831 avia_image' src=\"https:\/\/radiorevelacionfm.cl\/wp-content\/uploads\/2023\/05\/img-20230411-wa0030-1_optimized-1.jpg\" alt='' title='img-20230411-wa0030-(1)_optimized (1)' height=\"600\" width=\"800\"  itemprop=\"thumbnailUrl\" srcset=\"https:\/\/radiorevelacionfm.cl\/wp-content\/uploads\/2023\/05\/img-20230411-wa0030-1_optimized-1.jpg 800w, https:\/\/radiorevelacionfm.cl\/wp-content\/uploads\/2023\/05\/img-20230411-wa0030-1_optimized-1-300x225.jpg 300w, https:\/\/radiorevelacionfm.cl\/wp-content\/uploads\/2023\/05\/img-20230411-wa0030-1_optimized-1-768x576.jpg 768w, https:\/\/radiorevelacionfm.cl\/wp-content\/uploads\/2023\/05\/img-20230411-wa0030-1_optimized-1-705x529.jpg 705w, https:\/\/radiorevelacionfm.cl\/wp-content\/uploads\/2023\/05\/img-20230411-wa0030-1_optimized-1-450x338.jpg 450w, https:\/\/radiorevelacionfm.cl\/wp-content\/uploads\/2023\/05\/img-20230411-wa0030-1_optimized-1-600x450.jpg 600w\" sizes=\"(max-width: 800px) 100vw, 800px\" \/><\/div><\/div><\/div><\/div><div class=\"flex_column av_one_full  flex_column_div av-zero-column-padding first  avia-builder-el-2  el_after_av_one_full  el_before_av_one_full  column-top-margin\" style='border-radius:0px; '><section class=\"av_textblock_section \"  itemscope=\"itemscope\" itemtype=\"https:\/\/schema.org\/BlogPosting\" itemprop=\"blogPost\" ><div class='avia_textblock  '   itemprop=\"text\" ><p style=\"text-align: center;\"><strong><span style=\"font-size: 18pt;\">SAG y Seremi de Agricultura resaltan trabajo para controlar la hidatidosis en la regi\u00f3n<\/span><\/strong><\/p>\n<div id=\"gtx-trans\" style=\"position: absolute; left: -50px; top: 4.31534px;\">\n<div class=\"gtx-trans-icon\"><\/div>\n<\/div>\n<\/div><\/section><\/div><div class=\"flex_column av_one_full  flex_column_div av-zero-column-padding first  avia-builder-el-4  el_after_av_one_full  el_before_av_hr  column-top-margin\" style='border-radius:0px; '><section class=\"av_textblock_section \"  itemscope=\"itemscope\" itemtype=\"https:\/\/schema.org\/BlogPosting\" itemprop=\"blogPost\" ><div class='avia_textblock  '   itemprop=\"text\" ><p class=\"v1MsoNormal v1ContentPasted0\" style=\"text-align: justify;\">Una estrategia que busca evitar la transmisi\u00f3n de la hidatidosis en planteles ovinos y su posible impacto hacia la poblaci\u00f3n, es la que implementa el Servicio Agr\u00edcola y Ganadero a trav\u00e9s del Programa Ovino que lidera la Seremi de Agricultura de la regi\u00f3n de Ays\u00e9n.<\/p>\n<p class=\"v1MsoNormal v1ContentPasted0\" style=\"text-align: justify;\">El programa, ejecutado gracias a fondos del Gobierno Regional, desarrolla un componente de control de esta enfermedad parasitaria, a trav\u00e9s de la inmunizaci\u00f3n masiva de lanares en la Provincia de Capit\u00e1n Prat y parte de la Provincia General Carrera, buscando mejorar el rendimiento productivo de las ovejas vacunadas y reducir el riesgo de enfermar de las personas.<\/p>\n<p class=\"v1MsoNormal v1ContentPasted0\" style=\"text-align: justify;\">\u00abA trav\u00e9s del Programa Ovino que se ejecuta en la zona sur de la regi\u00f3n se han realizado intervenciones en reba\u00f1os, aplicando cerca de 60 mil dosis de vacunas contra la hidatidosis en ovejas, carneros y capones. La idea es que con esta inmunizaci\u00f3n podamos apoyar la estrategia de salud p\u00fablica que busca controlar y erradicar esta enfermedad, a trav\u00e9s de un apoyo concreto a nuestros productores y productoras\u00bb, sostuvo Alan Espinoza Ortiz, Seremi de Agricultura de la regi\u00f3n.<\/p>\n<p class=\"v1MsoNormal v1ContentPasted0\" style=\"text-align: justify;\">A trav\u00e9s del trabajo de brigadas el Programa \u00abTransferencia Modernizaci\u00f3n y Fortalecimiento del Negocio Ovejero en la Regi\u00f3n de Ays\u00e9n\u00bb, ha realizado m\u00e1s de mil intervenciones en predios de peque\u00f1os productores\/a, generando un trabajo integral en la zona sur<\/p>\n<p class=\"v1MsoNormal v1ContentPasted0\" style=\"text-align: justify;\">\u00abEn diciembre de este a\u00f1o finaliza el Programa Ovino, y durante estos tres a\u00f1os se han realizado vacunaciones en animales contra la hidatidosis, adem\u00e1s se han realizado manejos complementarios, aplicaci\u00f3n de antiparasitario oral en ovejas y en un trabajo coordinado con los municipios se han administrado un total de 7680 desparasitaciones en caninos\u00bb, indic\u00f3 Coordinador del Programa Ovino SAG en Ays\u00e9n, Tom\u00e1s Chac\u00f3n Saravia.<\/p>\n<p class=\"v1MsoNormal v1ContentPasted0\" style=\"text-align: justify;\">Con las dos dosis de vacuna antihidat\u00eddica, los corderos vacunados se reduce la aparici\u00f3n de quistes hidat\u00eddicos en los animales, adem\u00e1s mejora su productividad (m\u00e1s leche, lana, carne y fertilidad), y existe una menor posibilidad de contagio del par\u00e1sito a perros y por extensi\u00f3n a las personas.<\/p>\n<p class=\"v1MsoNormal v1ContentPasted0\" style=\"text-align: justify;\">En este sentido, la semana reci\u00e9n pasada, se realiz\u00f3 una capacitaci\u00f3n para funcionarios y funcionarias de las oficinas de Cochrane, Chile Chico y Coyhaique, que busc\u00f3 profundizar los conocimientos sobre esta enfermedad.<\/p>\n<p class=\"v1MsoNormal v1ContentPasted0\" style=\"text-align: justify;\">\u00abLa idea era profundizar en el conocimiento para hacer un acertado diagn\u00f3stico de un quiste hidat\u00eddicos tanto en el campo como en el laboratorio. Se realizaron ex\u00e1menes detallados que consistieron en hacer mediciones a los quistes para ver su tama\u00f1o, forma, color y determinar su grado de viabilidad y fertilidad examinando su contenido a trav\u00e9s de microscop\u00eda. Est\u00e1 capacitaci\u00f3n permitir\u00e1 a los profesionales y t\u00e9cnicos aplicar un mismo criterio en distintos escenarios de tales como; plantas faenadoras, trabajo en terreno y laboratorios\u00bb, detall\u00f3 el Encargado Laboratorio Regional SAG, Sergio Robles, en torno a esta capacitaci\u00f3n realizada por profesionales de la Universidad Austral de Chile.<\/p>\n<\/div><\/section><\/div><div  style='height:50px' class='hr hr-invisible   avia-builder-el-6  el_after_av_one_full  el_before_av_social_share '><span class='hr-inner ' ><span class='hr-inner-style'><\/span><\/span><\/div><\/p>\n<div  class='av-social-sharing-box  avia-builder-el-7  el_after_av_hr  el_before_av_hr  '><div class='av-share-box'><h5 class='av-share-link-description av-no-toc '>Compartir esta noticia<\/h5><ul class='av-share-box-list noLightbox'><li class='av-share-link av-social-link-facebook' ><a target=\"_blank\" aria-label=\"Compartir en Facebook\" href='https:\/\/www.facebook.com\/sharer.php?u=https:\/\/radiorevelacionfm.cl\/?p=30830&#038;t=SAG%20y%20Seremi%20de%20Agricultura%20resaltan%20trabajo%20para%20controlar%20la%20hidatidosis%20en%20la%20regi%C3%B3n' aria-hidden='false' data-av_icon='\ue8f3' data-av_iconfont='entypo-fontello' title='' data-avia-related-tooltip='Compartir en Facebook' rel=\"noopener\"><span class='avia_hidden_link_text'>Compartir en Facebook<\/span><\/a><\/li><li class='av-share-link av-social-link-twitter' ><a target=\"_blank\" aria-label=\"Compartir en Twitter\" href='https:\/\/twitter.com\/share?text=SAG%20y%20Seremi%20de%20Agricultura%20resaltan%20trabajo%20para%20controlar%20la%20hidatidosis%20en%20la%20regi%C3%B3n&#038;url=https:\/\/radiorevelacionfm.cl\/?p=30830' aria-hidden='false' data-av_icon='\ue8f1' data-av_iconfont='entypo-fontello' title='' data-avia-related-tooltip='Compartir en Twitter' rel=\"noopener\"><span class='avia_hidden_link_text'>Compartir en Twitter<\/span><\/a><\/li><li class='av-share-link av-social-link-whatsapp' ><a target=\"_blank\" aria-label=\"Compartir en Whatsapp\" href='https:\/\/api.whatsapp.com\/send?text=https:\/\/radiorevelacionfm.cl\/?p=30830' aria-hidden='false' data-av_icon='\uf232' data-av_iconfont='entypo-fontello' title='' data-avia-related-tooltip='Compartir en Whatsapp' rel=\"noopener\"><span class='avia_hidden_link_text'>Compartir en Whatsapp<\/span><\/a><\/li><li class='av-share-link av-social-link-linkedin' ><a target=\"_blank\" aria-label=\"Compartir en LinkedIn\" href='https:\/\/linkedin.com\/shareArticle?mini=true&#038;title=SAG%20y%20Seremi%20de%20Agricultura%20resaltan%20trabajo%20para%20controlar%20la%20hidatidosis%20en%20la%20regi%C3%B3n&#038;url=https:\/\/radiorevelacionfm.cl\/?p=30830' aria-hidden='false' data-av_icon='\ue8fc' data-av_iconfont='entypo-fontello' title='' data-avia-related-tooltip='Compartir en LinkedIn' rel=\"noopener\"><span class='avia_hidden_link_text'>Compartir en LinkedIn<\/span><\/a><\/li><li class='av-share-link av-social-link-mail' ><a  aria-label=\"Compartir por correo\" href='mailto:?subject=SAG%20y%20Seremi%20de%20Agricultura%20resaltan%20trabajo%20para%20controlar%20la%20hidatidosis%20en%20la%20regi%C3%B3n&#038;body=https:\/\/radiorevelacionfm.cl\/?p=30830' aria-hidden='false' data-av_icon='\ue805' data-av_iconfont='entypo-fontello' title='' data-avia-related-tooltip='Compartir por correo'><span class='avia_hidden_link_text'>Compartir por correo<\/span><\/a><\/li><\/ul><\/div><\/div>\n<div  style='height:50px' class='hr hr-invisible   avia-builder-el-8  el_after_av_social_share  el_before_av_comments_list '><span class='hr-inner ' ><span class='hr-inner-style'><\/span><\/span><\/div>\n<div  class='av-buildercomment  av-blog-meta-html-info-disabled av-blog-meta-tag-disabled  '><\/div>\n","protected":false},"excerpt":{"rendered":"","protected":false},"author":1,"featured_media":30831,"comment_status":"open","ping_status":"open","sticky":false,"template":"","format":"standard","meta":{"footnotes":""},"categories":[58],"tags":[],"class_list":["post-30830","post","type-post","status-publish","format-standard","has-post-thumbnail","hentry","category-agricultura"],"jetpack_featured_media_url":"https:\/\/radiorevelacionfm.cl\/wp-content\/uploads\/2023\/05\/img-20230411-wa0030-1_optimized-1.jpg","_links":{"self":[{"href":"https:\/\/radiorevelacionfm.cl\/index.php?rest_route=\/wp\/v2\/posts\/30830","targetHints":{"allow":["GET"]}}],"collection":[{"href":"https:\/\/radiorevelacionfm.cl\/index.php?rest_route=\/wp\/v2\/posts"}],"about":[{"href":"https:\/\/radiorevelacionfm.cl\/index.php?rest_route=\/wp\/v2\/types\/post"}],"author":[{"embeddable":true,"href":"https:\/\/radiorevelacionfm.cl\/index.php?rest_route=\/wp\/v2\/users\/1"}],"replies":[{"embeddable":true,"href":"https:\/\/radiorevelacionfm.cl\/index.php?rest_route=%2Fwp%2Fv2%2Fcomments&post=30830"}],"version-history":[{"count":1,"href":"https:\/\/radiorevelacionfm.cl\/index.php?rest_route=\/wp\/v2\/posts\/30830\/revisions"}],"predecessor-version":[{"id":30832,"href":"https:\/\/radiorevelacionfm.cl\/index.php?rest_route=\/wp\/v2\/posts\/30830\/revisions\/30832"}],"wp:featuredmedia":[{"embeddable":true,"href":"https:\/\/radiorevelacionfm.cl\/index.php?rest_route=\/wp\/v2\/media\/30831"}],"wp:attachment":[{"href":"https:\/\/radiorevelacionfm.cl\/index.php?rest_route=%2Fwp%2Fv2%2Fmedia&parent=30830"}],"wp:term":[{"taxonomy":"category","embeddable":true,"href":"https:\/\/radiorevelacionfm.cl\/index.php?rest_route=%2Fwp%2Fv2%2Fcategories&post=30830"},{"taxonomy":"post_tag","embeddable":true,"href":"https:\/\/radiorevelacionfm.cl\/index.php?rest_route=%2Fwp%2Fv2%2Ftags&post=30830"}],"curies":[{"name":"wp","href":"https:\/\/api.w.org\/{rel}","templated":true}]}}