{"id":30827,"date":"2023-05-09T16:01:28","date_gmt":"2023-05-09T19:01:28","guid":{"rendered":"https:\/\/radiorevelacionfm.cl\/?p=30827"},"modified":"2023-05-09T21:30:58","modified_gmt":"2023-05-10T00:30:58","slug":"investigador-de-la-uaysen-lanza-documental-de-ciencia-ciudadana","status":"publish","type":"post","link":"https:\/\/radiorevelacionfm.cl\/?p=30827","title":{"rendered":"Investigador de la UAys\u00e9n lanza documental de Ciencia Ciudadana"},"content":{"rendered":"<div class=\"flex_column av_one_full  flex_column_div av-zero-column-padding first  avia-builder-el-0  el_before_av_one_full  avia-builder-el-first  \" style='border-radius:0px; '><div  class='avia-image-container  av-styling-    avia-builder-el-1  avia-builder-el-no-sibling  avia-align-center '  itemprop=\"image\" itemscope=\"itemscope\" itemtype=\"https:\/\/schema.org\/ImageObject\"  ><div class='avia-image-container-inner'><div class='avia-image-overlay-wrap'><img decoding=\"async\" class='wp-image-30828 avia-img-lazy-loading-not-30828 avia_image' src=\"https:\/\/radiorevelacionfm.cl\/wp-content\/uploads\/2023\/05\/aclaratorias-002-1-1_optimized-1_optimized.jpg\" alt='' title='aclaratorias-002-(1)-(1)_optimized-(1)_optimized' height=\"600\" width=\"1067\"  itemprop=\"thumbnailUrl\" srcset=\"https:\/\/radiorevelacionfm.cl\/wp-content\/uploads\/2023\/05\/aclaratorias-002-1-1_optimized-1_optimized.jpg 1067w, https:\/\/radiorevelacionfm.cl\/wp-content\/uploads\/2023\/05\/aclaratorias-002-1-1_optimized-1_optimized-300x169.jpg 300w, https:\/\/radiorevelacionfm.cl\/wp-content\/uploads\/2023\/05\/aclaratorias-002-1-1_optimized-1_optimized-1030x579.jpg 1030w, https:\/\/radiorevelacionfm.cl\/wp-content\/uploads\/2023\/05\/aclaratorias-002-1-1_optimized-1_optimized-768x432.jpg 768w, https:\/\/radiorevelacionfm.cl\/wp-content\/uploads\/2023\/05\/aclaratorias-002-1-1_optimized-1_optimized-705x396.jpg 705w, https:\/\/radiorevelacionfm.cl\/wp-content\/uploads\/2023\/05\/aclaratorias-002-1-1_optimized-1_optimized-450x253.jpg 450w, https:\/\/radiorevelacionfm.cl\/wp-content\/uploads\/2023\/05\/aclaratorias-002-1-1_optimized-1_optimized-600x337.jpg 600w\" sizes=\"(max-width: 1067px) 100vw, 1067px\" \/><\/div><\/div><\/div><\/div>\n<div class=\"flex_column av_one_full  flex_column_div av-zero-column-padding first  avia-builder-el-2  el_after_av_one_full  el_before_av_one_full  column-top-margin\" style='border-radius:0px; '><section class=\"av_textblock_section \"  itemscope=\"itemscope\" itemtype=\"https:\/\/schema.org\/BlogPosting\" itemprop=\"blogPost\" ><div class='avia_textblock  '   itemprop=\"text\" ><p style=\"text-align: center;\"><strong><span style=\"font-size: 18pt;\">Investigador de la UAys\u00e9n lanza documental de Ciencia Ciudadana<\/span><\/strong><\/p>\n<div id=\"gtx-trans\" style=\"position: absolute; left: -50px; top: 4.31534px;\">\n<div class=\"gtx-trans-icon\"><\/div>\n<\/div>\n<\/div><\/section><\/div>\n<div class=\"flex_column av_one_full  flex_column_div av-zero-column-padding first  avia-builder-el-4  el_after_av_one_full  el_before_av_hr  column-top-margin\" style='border-radius:0px; '><section class=\"av_textblock_section \"  itemscope=\"itemscope\" itemtype=\"https:\/\/schema.org\/BlogPosting\" itemprop=\"blogPost\" ><div class='avia_textblock  '   itemprop=\"text\" ><p style=\"text-align: justify;\">\u201cAclaratorias\u201d es el nombre la iniciativa audiovisual incorporada en el proyecto \u201cAys\u00e9n: fuente de nuevos medicamentos para el c\u00e1ncer\u201d\u00a0ejecutado por el acad\u00e9mico de la UAys\u00e9n Dr. Fabi\u00e1n Ja\u00f1a Prado durante los a\u00f1os 2019 y 2023, en el laboratorio de Fisiolog\u00eda celular y Metabolismo que dirige en la casa de estudios estatal.<\/p>\n<p style=\"text-align: justify;\">El documental da cuenta del trabajo desarrollado por el investigador junto a la agrupaci\u00f3n de recolectoras de hierbas <em>\u201cLas Collalas\u201d<\/em> de Puerto Ib\u00e1\u00f1ez,\u00a0 quienes compartieron con el acad\u00e9mico sus conocimientos sobre diversas hierbas cultivadas por la agrupaci\u00f3n, para el an\u00e1lisis y b\u00fasqueda de posibles compuestos que pudieran combatir a la formaci\u00f3n de tumores.<\/p>\n<p style=\"text-align: justify;\">En la ocasi\u00f3n, el investigador destac\u00f3 la importancia de reconocer\u00a0 y poner en valor el conocimiento que se encuentra en las distintas localidades de la regi\u00f3n. \u201cCreo que el fruto de este trabajo interdisciplinario, entre la gente que habita a los territorios, el personal de la universidad, los profesores, profesoras, cient\u00edficos, cient\u00edficas, alcanz\u00f3 el punto culmine con esta exposici\u00f3n, porque el documental representa de manera muy emotiva el fruto de esta interacci\u00f3n\u201d.<\/p>\n<p style=\"text-align: justify;\">La exhibici\u00f3n del documental, que se realiz\u00f3 el pasado 21 de abril en la sala de microcine del Centro Cultural Coyhaique, cont\u00f3 con la participaci\u00f3n de las integrantes de la agrupaci\u00f3n, como las principales espectadoras del documental, quienes adem\u00e1s fueron reconocidas por el equipo realizador del proyecto, por su contribuci\u00f3n al proceso de investigaci\u00f3n.<\/p>\n<p style=\"text-align: justify;\">Uberlinda Figueroa integrante de la agrupaci\u00f3n las \u201cCollalas\u201d agradeci\u00f3 a la universidad por la incorporaci\u00f3n de su agrupaci\u00f3n en el proceso de investigaci\u00f3n. \u201cEs gratificante, porque al inicio uno no midi\u00f3 las consecuencias de lo que se estaba trabajando, fue un trabajo largo de tres a\u00f1os, muy minucioso, donde tuvimos much\u00edsimos encuentros, en el documental se ven solamente pinceladas de todo el proceso, pero hay mucho m\u00e1s que eso, se trabaj\u00f3 en conjunto, se visitaron la mayor\u00eda de las propiedades de las recolectoras,\u00a0 agradecer a la universidad por haberse fijado en nosotros como mujeres del mundo rural\u201d.<\/p>\n<p style=\"text-align: justify;\">Respecto de los resultados de la investigaci\u00f3n, el acad\u00e9mico se\u00f1al\u00f3 que se encuentran trabajando en la publicaci\u00f3n de los resultados de la investigaci\u00f3n en revistas cient\u00edficas internacionales, sin embargo adelant\u00f3 que lograron resultados positivos en los distintos an\u00e1lisis realizados.\u00a0 \u201cCreo que m\u00e1s que el cierre de una etapa para m\u00ed es el comienzo de una nueva,\u00a0 porque nos qued\u00f3 harto pendiente por investigar y tal como se se\u00f1ala al final del documental, los datos indican que al parecer tenemos algunas plantas que tienen potencialidad para actuar como antitumorales\u201d, se\u00f1al\u00f3 Fabian Ja\u00f1a.<\/p>\n<p style=\"text-align: justify;\">Finalmente, el Rector (s) de la UAys\u00e9n, Carlos Zamorano destac\u00f3 la importancia del trabajo desarrollado por el investigador para integrar los saberes locales\u00a0 en la generaci\u00f3n de nuevo conocimiento. \u201cCreo que lo que hemos visto hoy en el documental refleja el rol que debe tener cualquier universidad en el territorio en el cual se encuentra. Esta es una peque\u00f1a\u00a0 muestra de lo que la universidad puede hacer para ir aportando a la regi\u00f3n. La integraci\u00f3n entre los conocimientos, la experiencia de las recolectoras, este puente entre los conocimientos cient\u00edficos y los conocimientos tradicionales, nuestro deber como universidad es poder mostr\u00e1rselo a nuestros estudiantes, como parte del proceso formativo y tambi\u00e9n a la\u00a0 comunidad en general\u201d.<\/p>\n<p style=\"text-align: justify;\">Cabe se\u00f1alar que el proyecto de investigaci\u00f3n, fue financiado a trav\u00e9s del Fondo de Innovaci\u00f3n para la Competitividad (FIC) del Gobierno Regional de Ays\u00e9n y buscaba implementar una plataforma tecnol\u00f3gica productiva de car\u00e1cter sostenible que permitiera impulsar el descubrimiento y desarrollo de nuevos medicamentos de origen natural en la Regi\u00f3n de Ays\u00e9n.<\/p>\n<p style=\"text-align: justify;\">El documental estar\u00e1 disponible para ser visualizado en la plataforma Vimeo de la UAys\u00e9n y pr\u00f3ximamente comenzar\u00e1 una itinerancia para ser exhibido por distintas localidades de la regi\u00f3n.<\/p>\n<p style=\"text-align: justify;\">Acceso al Documental en <a href=\"http:\/\/www.uaysen.cl\">www.uaysen.cl<\/a><\/p>\n<p><em>\u00a0<\/em><\/p>\n<\/div><\/section><\/div><div  style='height:50px' class='hr hr-invisible   avia-builder-el-6  el_after_av_one_full  el_before_av_social_share '><span class='hr-inner ' ><span class='hr-inner-style'><\/span><\/span><\/div><\/p>\n<div  class='av-social-sharing-box  avia-builder-el-7  el_after_av_hr  el_before_av_hr  '><div class='av-share-box'><h5 class='av-share-link-description av-no-toc '>Compartir esta noticia<\/h5><ul class='av-share-box-list noLightbox'><li class='av-share-link av-social-link-facebook' ><a target=\"_blank\" aria-label=\"Compartir en Facebook\" href='https:\/\/www.facebook.com\/sharer.php?u=https:\/\/radiorevelacionfm.cl\/?p=30827&#038;t=Investigador%20de%20la%20UAys%C3%A9n%20lanza%20documental%20de%20Ciencia%20Ciudadana' aria-hidden='false' data-av_icon='\ue8f3' data-av_iconfont='entypo-fontello' title='' data-avia-related-tooltip='Compartir en Facebook' rel=\"noopener\"><span class='avia_hidden_link_text'>Compartir en Facebook<\/span><\/a><\/li><li class='av-share-link av-social-link-twitter' ><a target=\"_blank\" aria-label=\"Compartir en Twitter\" href='https:\/\/twitter.com\/share?text=Investigador%20de%20la%20UAys%C3%A9n%20lanza%20documental%20de%20Ciencia%20Ciudadana&#038;url=https:\/\/radiorevelacionfm.cl\/?p=30827' aria-hidden='false' data-av_icon='\ue8f1' data-av_iconfont='entypo-fontello' title='' data-avia-related-tooltip='Compartir en Twitter' rel=\"noopener\"><span class='avia_hidden_link_text'>Compartir en Twitter<\/span><\/a><\/li><li class='av-share-link av-social-link-whatsapp' ><a target=\"_blank\" aria-label=\"Compartir en Whatsapp\" href='https:\/\/api.whatsapp.com\/send?text=https:\/\/radiorevelacionfm.cl\/?p=30827' aria-hidden='false' data-av_icon='\uf232' data-av_iconfont='entypo-fontello' title='' data-avia-related-tooltip='Compartir en Whatsapp' rel=\"noopener\"><span class='avia_hidden_link_text'>Compartir en Whatsapp<\/span><\/a><\/li><li class='av-share-link av-social-link-linkedin' ><a target=\"_blank\" aria-label=\"Compartir en LinkedIn\" href='https:\/\/linkedin.com\/shareArticle?mini=true&#038;title=Investigador%20de%20la%20UAys%C3%A9n%20lanza%20documental%20de%20Ciencia%20Ciudadana&#038;url=https:\/\/radiorevelacionfm.cl\/?p=30827' aria-hidden='false' data-av_icon='\ue8fc' data-av_iconfont='entypo-fontello' title='' data-avia-related-tooltip='Compartir en LinkedIn' rel=\"noopener\"><span class='avia_hidden_link_text'>Compartir en LinkedIn<\/span><\/a><\/li><li class='av-share-link av-social-link-mail' ><a  aria-label=\"Compartir por correo\" href='mailto:?subject=Investigador%20de%20la%20UAys%C3%A9n%20lanza%20documental%20de%20Ciencia%20Ciudadana&#038;body=https:\/\/radiorevelacionfm.cl\/?p=30827' aria-hidden='false' data-av_icon='\ue805' data-av_iconfont='entypo-fontello' title='' data-avia-related-tooltip='Compartir por correo'><span class='avia_hidden_link_text'>Compartir por correo<\/span><\/a><\/li><\/ul><\/div><\/div>\n<div  style='height:50px' class='hr hr-invisible   avia-builder-el-8  el_after_av_social_share  el_before_av_comments_list '><span class='hr-inner ' ><span class='hr-inner-style'><\/span><\/span><\/div>\n<div  class='av-buildercomment  av-blog-meta-html-info-disabled av-blog-meta-tag-disabled  '><\/div>\n","protected":false},"excerpt":{"rendered":"","protected":false},"author":1,"featured_media":30828,"comment_status":"open","ping_status":"open","sticky":false,"template":"","format":"standard","meta":{"footnotes":""},"categories":[49],"tags":[],"class_list":["post-30827","post","type-post","status-publish","format-standard","has-post-thumbnail","hentry","category-educacion"],"jetpack_featured_media_url":"https:\/\/radiorevelacionfm.cl\/wp-content\/uploads\/2023\/05\/aclaratorias-002-1-1_optimized-1_optimized.jpg","_links":{"self":[{"href":"https:\/\/radiorevelacionfm.cl\/index.php?rest_route=\/wp\/v2\/posts\/30827","targetHints":{"allow":["GET"]}}],"collection":[{"href":"https:\/\/radiorevelacionfm.cl\/index.php?rest_route=\/wp\/v2\/posts"}],"about":[{"href":"https:\/\/radiorevelacionfm.cl\/index.php?rest_route=\/wp\/v2\/types\/post"}],"author":[{"embeddable":true,"href":"https:\/\/radiorevelacionfm.cl\/index.php?rest_route=\/wp\/v2\/users\/1"}],"replies":[{"embeddable":true,"href":"https:\/\/radiorevelacionfm.cl\/index.php?rest_route=%2Fwp%2Fv2%2Fcomments&post=30827"}],"version-history":[{"count":2,"href":"https:\/\/radiorevelacionfm.cl\/index.php?rest_route=\/wp\/v2\/posts\/30827\/revisions"}],"predecessor-version":[{"id":30851,"href":"https:\/\/radiorevelacionfm.cl\/index.php?rest_route=\/wp\/v2\/posts\/30827\/revisions\/30851"}],"wp:featuredmedia":[{"embeddable":true,"href":"https:\/\/radiorevelacionfm.cl\/index.php?rest_route=\/wp\/v2\/media\/30828"}],"wp:attachment":[{"href":"https:\/\/radiorevelacionfm.cl\/index.php?rest_route=%2Fwp%2Fv2%2Fmedia&parent=30827"}],"wp:term":[{"taxonomy":"category","embeddable":true,"href":"https:\/\/radiorevelacionfm.cl\/index.php?rest_route=%2Fwp%2Fv2%2Fcategories&post=30827"},{"taxonomy":"post_tag","embeddable":true,"href":"https:\/\/radiorevelacionfm.cl\/index.php?rest_route=%2Fwp%2Fv2%2Ftags&post=30827"}],"curies":[{"name":"wp","href":"https:\/\/api.w.org\/{rel}","templated":true}]}}