{"id":30813,"date":"2023-05-09T12:27:28","date_gmt":"2023-05-09T15:27:28","guid":{"rendered":"https:\/\/radiorevelacionfm.cl\/?p=30813"},"modified":"2023-05-09T12:27:28","modified_gmt":"2023-05-09T15:27:28","slug":"cerca-de-800-estudiantes-y-egresados-asistieron-a-jornada-puertas-abiertas-admision-uaysen","status":"publish","type":"post","link":"https:\/\/radiorevelacionfm.cl\/?p=30813","title":{"rendered":"Cerca de 800 estudiantes y egresados asistieron a Jornada Puertas Abiertas Admisi\u00f3n UAys\u00e9n"},"content":{"rendered":"<div class=\"flex_column av_one_full  flex_column_div av-zero-column-padding first  avia-builder-el-0  el_before_av_one_full  avia-builder-el-first  \" style='border-radius:0px; '><div  class='avia-image-container  av-styling-    avia-builder-el-1  avia-builder-el-no-sibling  avia-align-center '  itemprop=\"image\" itemscope=\"itemscope\" itemtype=\"https:\/\/schema.org\/ImageObject\"  ><div class='avia-image-container-inner'><div class='avia-image-overlay-wrap'><img decoding=\"async\" class='wp-image-30814 avia-img-lazy-loading-not-30814 avia_image' src=\"https:\/\/radiorevelacionfm.cl\/wp-content\/uploads\/2023\/05\/img_1204-1_optimized-1.jpeg\" alt='' title='img_1204-(1)_optimized (1)' height=\"600\" width=\"1067\"  itemprop=\"thumbnailUrl\" srcset=\"https:\/\/radiorevelacionfm.cl\/wp-content\/uploads\/2023\/05\/img_1204-1_optimized-1.jpeg 1067w, https:\/\/radiorevelacionfm.cl\/wp-content\/uploads\/2023\/05\/img_1204-1_optimized-1-300x169.jpeg 300w, https:\/\/radiorevelacionfm.cl\/wp-content\/uploads\/2023\/05\/img_1204-1_optimized-1-1030x579.jpeg 1030w, https:\/\/radiorevelacionfm.cl\/wp-content\/uploads\/2023\/05\/img_1204-1_optimized-1-768x432.jpeg 768w, https:\/\/radiorevelacionfm.cl\/wp-content\/uploads\/2023\/05\/img_1204-1_optimized-1-705x396.jpeg 705w, https:\/\/radiorevelacionfm.cl\/wp-content\/uploads\/2023\/05\/img_1204-1_optimized-1-450x253.jpeg 450w, https:\/\/radiorevelacionfm.cl\/wp-content\/uploads\/2023\/05\/img_1204-1_optimized-1-600x337.jpeg 600w\" sizes=\"(max-width: 1067px) 100vw, 1067px\" \/><\/div><\/div><\/div><\/div><div class=\"flex_column av_one_full  flex_column_div av-zero-column-padding first  avia-builder-el-2  el_after_av_one_full  el_before_av_one_full  column-top-margin\" style='border-radius:0px; '><section class=\"av_textblock_section \"  itemscope=\"itemscope\" itemtype=\"https:\/\/schema.org\/BlogPosting\" itemprop=\"blogPost\" ><div class='avia_textblock  '   itemprop=\"text\" ><p style=\"text-align: center;\"><span style=\"font-size: 18pt;\"><b>Cerca de 800 estudiantes y egresados asistieron a\u00a0Jornada\u00a0Puertas\u00a0Abiertas\u00a0Admisi\u00f3n UAys\u00e9n<\/b><\/span><\/p>\n<div id=\"gtx-trans\" style=\"position: absolute; left: -50px; top: 4.31534px;\">\n<div class=\"gtx-trans-icon\"><\/div>\n<\/div>\n<\/div><\/section><\/div><div class=\"flex_column av_one_full  flex_column_div av-zero-column-padding first  avia-builder-el-4  el_after_av_one_full  el_before_av_hr  column-top-margin\" style='border-radius:0px; '><section class=\"av_textblock_section \"  itemscope=\"itemscope\" itemtype=\"https:\/\/schema.org\/BlogPosting\" itemprop=\"blogPost\" ><div class='avia_textblock  '   itemprop=\"text\" ><p class=\"v1MsoNormal\" style=\"text-align: justify;\">Con la finalidad de difundir la oferta de pregrado, v\u00edas de acceso y las becas y beneficios que brinda la Universidad de Ays\u00e9n, el mi\u00e9rcoles 3 de mayo en las dependencias del Campus Lillo de la casa de estudios regional \u00a0se realiz\u00f3 la primera Jornada\u00a0Puertas\u00a0Abiertas\u00a0Admisi\u00f3n UAys\u00e9n.<\/p>\n<p class=\"v1MsoNormal\" style=\"text-align: justify;\">A la mencionada actividad asistieron aproximadamente 800 personas, mayoritariamente estudiantes de ense\u00f1anza media pertenecientes \u00a0a 13 liceos, no obstante tambi\u00e9n la casa de estudios recibi\u00f3 la visita de egresados\/as, padres, apoderados y docentes.<\/p>\n<p class=\"v1MsoNormal\" style=\"text-align: justify;\">Seg\u00fan lo informado por Y\u00e9sica Olivero, profesional de Admisi\u00f3n de la Universidad de Ays\u00e9n, asistieron delegaciones de Liceo Bicentenario Agr\u00edcola e Industrial de la Patagonia, Liceo Josefina Aguirre, Colegio Antoine de Saint Exupery, Centro de Estudios Patagonia, Colegio Diego Portales, Colegio Alianza Austral, Liceo Bicentenario Altos del Mackay, Liceo Juan Pablo II, Colegio Alborada, Liceo T\u00e9cnico Profesional Profesor Ricardo Navarrete Barr\u00eda y el Colegio Mater Dei de Coyhaique; y el Centro de Estudios Patagonia de Puerto Ays\u00e9n<span lang=\"ES\">.<\/span><\/p>\n<p class=\"v1MsoNormal\" style=\"text-align: justify;\"><span lang=\"ES\">\u00abTuvimos una jornada realmente exitosa con alrededor de 800 estudiantes que participaron en esta primera jornada puertas abiertas del a\u00f1o que realizamos este primer semestre. Contamos con establecimientos tanto de Coyhaique como de Puerto Ays\u00e9n, cuyos estudiantes participaron en esta jornada que dur\u00f3 todo el d\u00eda. Estuvimos recibiendo estudiantes y realizando recorridos por nuestro Campus Lillo, tuvimos stands por carreras, y stands con nuestro encargado de becas y beneficios, unidad de g\u00e9nero y tambi\u00e9n con acompa\u00f1amiento acad\u00e9mico, entregando toda la informaci\u00f3n del proceso de admisi\u00f3n 2024. Tambi\u00e9n realizamos recorridos por nuestros laboratorios y salas de simulaci\u00f3n de salud, finalizando con una actividad de cierre para poder darle significancia respecto a la Universidad como tambi\u00e9n al sello regional que tenemos\u00bb, especific\u00f3 la profesional de Admisi\u00f3n.<\/span><\/p>\n<p class=\"v1MsoNormal\" style=\"text-align: justify;\">Cabe se\u00f1alar que la actividad, realizada por la Universidad de Ays\u00e9n desde el a\u00f1o 2017, cont\u00f3 con stands por cada una de las ocho carreras que impartir\u00e1 la casa de estudios estatal el pr\u00f3ximo a\u00f1o, los que fueron atendidos por los propios estudiantes de la Universidad Ays\u00e9n en los cuales se entreg\u00f3 informaci\u00f3n sobre becas, beneficios, acompa\u00f1amiento acad\u00e9mico, talleres extraprogram\u00e1ticos y\u00a0 respecto a las posibilidades de movilidad estudiantil con las que cuenta la Universidad de Ays\u00e9n, as\u00ed como tambi\u00e9n informaci\u00f3n sobre las v\u00edas de acceso para ingresar a formarse en la UAys\u00e9n.<\/p>\n<p class=\"v1MsoNormal\" style=\"text-align: justify;\">En la oportunidad, Andrea Leighton, profesora del Liceo Bicentenario Agr\u00edcola e Industrial de la Patagonia, relev\u00f3 la actividad ejecutada por la UAys\u00e9n. \u00abHoy d\u00eda vinimos con dos cursos medios de nuestro establecimiento porque creemos qu\u00e9 es una tremenda oportunidad para ellos poder tener la posibilidad de conocer la universidad ellos pasaban por fuera donde estoy y todav\u00eda no ten\u00edan la maravillosa oportunidad de conocer las dependencias de la Universidad Ays\u00e9n y que la universidad haga esta este tipo de actividades significa para los ni\u00f1os un apoyo en el sentido de tomar decisiones est\u00e1n en una etapa en la que ellos est\u00e1n con muchas dudas y que existan personas que le les ayuden a aclarar esas dudas claramente es una oportunidad de crecimiento a las decisiones que toman y mientras m\u00e1s gente se pueda sumar edad para nuestros estudiantes agradece much\u00edsimo as\u00ed que les agradezco la oportunidad en redes de contacto entre los liceos y las universidades \u00ab, enfatiz\u00f3 la docente.<\/p>\n<p class=\"v1MsoNormal\" style=\"text-align: justify;\">Por su parte, Franco Soto, estudiante del Liceo Josefina Aguirre Montenegro valor\u00f3 la actividad. \u00abMe parece excelente la verdad, sobre todo para los chicos que ya est\u00e1n en cuarto medio o tercero \u00a0para que puedan encontrar su \u00e1rea y se puedan informar bien y sobre todo que tengan universidad aqu\u00ed en la regi\u00f3n es s\u00faper bueno porque \u00a0que es muy complicado salir de la regi\u00f3n y sobre todo encontrar una Universidad, o salir de su zona de confort\u00bb, se\u00f1al\u00f3 el estudiante.<\/p>\n<p class=\"v1MsoNormal\" style=\"text-align: justify;\">A su vez, Pola Andrea Garrido Villarroel tambi\u00e9n del Liceo Josefina Aguirre Montenegro expres\u00f3 que \u00bb en lo personal me parece s\u00faper buena esta actividad porque ayuda a nosotros, las nuevas generaciones, a tomar una decisi\u00f3n ya que estamos tan cerquita, terminando cuarto medio, entonces que nos ayuden a ver cu\u00e1les son nuestras mejores opciones y que nos depara para el futuro lo encuentro s\u00faper bueno. Tengo pensado estudiar ac\u00e1 en la UAys\u00e9n porque est\u00e1 la carrera que quiero y me gusta, obstetricia. Me han dado muy buenas recomendaciones de esta Universidad y quiero estudiar Obstetricia porque siento que en esa \u00e1rea se necesita mejor atenci\u00f3n\u00bb enfatiz\u00f3 la joven.<\/p>\n<p class=\"v1MsoNormal\" style=\"text-align: justify;\">Finalmente, Valentina Ancalao, estudiante de la carrera de Ingenier\u00eda Forestal de la Universidad de Ays\u00e9n, explic\u00f3 su rol en esta instancia. \u00abFue una actividad bastante gratificante para m\u00ed, mostrarle a otras personas, otros chicos que lo yo s\u00e9 si es que tienen duda, sobre todo de qu\u00e9 es mi carrera, qu\u00e9 significa, es s\u00faper motivador para m\u00ed, ense\u00f1arles lo que a m\u00ed me apasiona, mi carrera que es ingenier\u00eda forestal y mostrarles todas las herramientas, las que nosotros utilizamos, las materias que pasamos. Me parece s\u00faper bueno que la Universidad haga estas jornadas de puertas abiertas, ya que demuestra que lo que hace es para para la regi\u00f3n, para las personas de ac\u00e1 y les demuestra d\u00eda a d\u00eda lo que hacen y c\u00f3mo se sienten sus alumnos, lo que sienten al estar estudiando una carrera en su regi\u00f3n y no tener que moverse ya que aqu\u00ed hay universidad\u00bb, manifest\u00f3.<\/p>\n<\/div><\/section><\/div><div  style='height:50px' class='hr hr-invisible   avia-builder-el-6  el_after_av_one_full  el_before_av_social_share '><span class='hr-inner ' ><span class='hr-inner-style'><\/span><\/span><\/div><\/p>\n<div  class='av-social-sharing-box  avia-builder-el-7  el_after_av_hr  el_before_av_hr  '><div class='av-share-box'><h5 class='av-share-link-description av-no-toc '>Compartir esta noticia<\/h5><ul class='av-share-box-list noLightbox'><li class='av-share-link av-social-link-facebook' ><a target=\"_blank\" aria-label=\"Compartir en Facebook\" href='https:\/\/www.facebook.com\/sharer.php?u=https:\/\/radiorevelacionfm.cl\/?p=30813&#038;t=Cerca%20de%20800%20estudiantes%20y%20egresados%20asistieron%20a%20Jornada%20Puertas%20Abiertas%20Admisi%C3%B3n%20UAys%C3%A9n' aria-hidden='false' data-av_icon='\ue8f3' data-av_iconfont='entypo-fontello' title='' data-avia-related-tooltip='Compartir en Facebook' rel=\"noopener\"><span class='avia_hidden_link_text'>Compartir en Facebook<\/span><\/a><\/li><li class='av-share-link av-social-link-twitter' ><a target=\"_blank\" aria-label=\"Compartir en Twitter\" href='https:\/\/twitter.com\/share?text=Cerca%20de%20800%20estudiantes%20y%20egresados%20asistieron%20a%20Jornada%20Puertas%20Abiertas%20Admisi%C3%B3n%20UAys%C3%A9n&#038;url=https:\/\/radiorevelacionfm.cl\/?p=30813' aria-hidden='false' data-av_icon='\ue8f1' data-av_iconfont='entypo-fontello' title='' data-avia-related-tooltip='Compartir en Twitter' rel=\"noopener\"><span class='avia_hidden_link_text'>Compartir en Twitter<\/span><\/a><\/li><li class='av-share-link av-social-link-whatsapp' ><a target=\"_blank\" aria-label=\"Compartir en Whatsapp\" href='https:\/\/api.whatsapp.com\/send?text=https:\/\/radiorevelacionfm.cl\/?p=30813' aria-hidden='false' data-av_icon='\uf232' data-av_iconfont='entypo-fontello' title='' data-avia-related-tooltip='Compartir en Whatsapp' rel=\"noopener\"><span class='avia_hidden_link_text'>Compartir en Whatsapp<\/span><\/a><\/li><li class='av-share-link av-social-link-linkedin' ><a target=\"_blank\" aria-label=\"Compartir en LinkedIn\" href='https:\/\/linkedin.com\/shareArticle?mini=true&#038;title=Cerca%20de%20800%20estudiantes%20y%20egresados%20asistieron%20a%20Jornada%20Puertas%20Abiertas%20Admisi%C3%B3n%20UAys%C3%A9n&#038;url=https:\/\/radiorevelacionfm.cl\/?p=30813' aria-hidden='false' data-av_icon='\ue8fc' data-av_iconfont='entypo-fontello' title='' data-avia-related-tooltip='Compartir en LinkedIn' rel=\"noopener\"><span class='avia_hidden_link_text'>Compartir en LinkedIn<\/span><\/a><\/li><li class='av-share-link av-social-link-mail' ><a  aria-label=\"Compartir por correo\" href='mailto:?subject=Cerca%20de%20800%20estudiantes%20y%20egresados%20asistieron%20a%20Jornada%20Puertas%20Abiertas%20Admisi%C3%B3n%20UAys%C3%A9n&#038;body=https:\/\/radiorevelacionfm.cl\/?p=30813' aria-hidden='false' data-av_icon='\ue805' data-av_iconfont='entypo-fontello' title='' data-avia-related-tooltip='Compartir por correo'><span class='avia_hidden_link_text'>Compartir por correo<\/span><\/a><\/li><\/ul><\/div><\/div>\n<div  style='height:50px' class='hr hr-invisible   avia-builder-el-8  el_after_av_social_share  el_before_av_comments_list '><span class='hr-inner ' ><span class='hr-inner-style'><\/span><\/span><\/div>\n<div  class='av-buildercomment  av-blog-meta-html-info-disabled av-blog-meta-tag-disabled  '><\/div>\n","protected":false},"excerpt":{"rendered":"","protected":false},"author":1,"featured_media":30814,"comment_status":"open","ping_status":"open","sticky":false,"template":"","format":"standard","meta":{"footnotes":""},"categories":[49],"tags":[],"class_list":["post-30813","post","type-post","status-publish","format-standard","has-post-thumbnail","hentry","category-educacion"],"jetpack_featured_media_url":"https:\/\/radiorevelacionfm.cl\/wp-content\/uploads\/2023\/05\/img_1204-1_optimized-1.jpeg","_links":{"self":[{"href":"https:\/\/radiorevelacionfm.cl\/index.php?rest_route=\/wp\/v2\/posts\/30813","targetHints":{"allow":["GET"]}}],"collection":[{"href":"https:\/\/radiorevelacionfm.cl\/index.php?rest_route=\/wp\/v2\/posts"}],"about":[{"href":"https:\/\/radiorevelacionfm.cl\/index.php?rest_route=\/wp\/v2\/types\/post"}],"author":[{"embeddable":true,"href":"https:\/\/radiorevelacionfm.cl\/index.php?rest_route=\/wp\/v2\/users\/1"}],"replies":[{"embeddable":true,"href":"https:\/\/radiorevelacionfm.cl\/index.php?rest_route=%2Fwp%2Fv2%2Fcomments&post=30813"}],"version-history":[{"count":1,"href":"https:\/\/radiorevelacionfm.cl\/index.php?rest_route=\/wp\/v2\/posts\/30813\/revisions"}],"predecessor-version":[{"id":30815,"href":"https:\/\/radiorevelacionfm.cl\/index.php?rest_route=\/wp\/v2\/posts\/30813\/revisions\/30815"}],"wp:featuredmedia":[{"embeddable":true,"href":"https:\/\/radiorevelacionfm.cl\/index.php?rest_route=\/wp\/v2\/media\/30814"}],"wp:attachment":[{"href":"https:\/\/radiorevelacionfm.cl\/index.php?rest_route=%2Fwp%2Fv2%2Fmedia&parent=30813"}],"wp:term":[{"taxonomy":"category","embeddable":true,"href":"https:\/\/radiorevelacionfm.cl\/index.php?rest_route=%2Fwp%2Fv2%2Fcategories&post=30813"},{"taxonomy":"post_tag","embeddable":true,"href":"https:\/\/radiorevelacionfm.cl\/index.php?rest_route=%2Fwp%2Fv2%2Ftags&post=30813"}],"curies":[{"name":"wp","href":"https:\/\/api.w.org\/{rel}","templated":true}]}}