{"id":30807,"date":"2023-05-08T17:58:02","date_gmt":"2023-05-08T20:58:02","guid":{"rendered":"https:\/\/radiorevelacionfm.cl\/?p=30807"},"modified":"2023-05-08T17:58:02","modified_gmt":"2023-05-08T20:58:02","slug":"destacada-participacion-de-deportistas-aiseninos-en-juegos-binacionales-para-araucania","status":"publish","type":"post","link":"https:\/\/radiorevelacionfm.cl\/?p=30807","title":{"rendered":"Destacada participaci\u00f3n de deportistas aiseninos en Juegos Binacionales Para Araucan\u00eda"},"content":{"rendered":"<div class=\"flex_column av_one_full  flex_column_div av-zero-column-padding first  avia-builder-el-0  el_before_av_one_full  avia-builder-el-first  \" style='border-radius:0px; '><div  class='avia-image-container  av-styling-    avia-builder-el-1  avia-builder-el-no-sibling  avia-align-center '  itemprop=\"image\" itemscope=\"itemscope\" itemtype=\"https:\/\/schema.org\/ImageObject\"  ><div class='avia-image-container-inner'><div class='avia-image-overlay-wrap'><img decoding=\"async\" class='wp-image-30808 avia-img-lazy-loading-not-30808 avia_image' src=\"https:\/\/radiorevelacionfm.cl\/wp-content\/uploads\/2023\/05\/4-15-1-2.jpeg\" alt='' title='4 (15) (1) (2)' height=\"600\" width=\"1287\"  itemprop=\"thumbnailUrl\" srcset=\"https:\/\/radiorevelacionfm.cl\/wp-content\/uploads\/2023\/05\/4-15-1-2.jpeg 1287w, https:\/\/radiorevelacionfm.cl\/wp-content\/uploads\/2023\/05\/4-15-1-2-300x140.jpeg 300w, https:\/\/radiorevelacionfm.cl\/wp-content\/uploads\/2023\/05\/4-15-1-2-1030x480.jpeg 1030w, https:\/\/radiorevelacionfm.cl\/wp-content\/uploads\/2023\/05\/4-15-1-2-768x358.jpeg 768w, https:\/\/radiorevelacionfm.cl\/wp-content\/uploads\/2023\/05\/4-15-1-2-705x329.jpeg 705w, https:\/\/radiorevelacionfm.cl\/wp-content\/uploads\/2023\/05\/4-15-1-2-450x210.jpeg 450w, https:\/\/radiorevelacionfm.cl\/wp-content\/uploads\/2023\/05\/4-15-1-2-600x280.jpeg 600w\" sizes=\"(max-width: 1287px) 100vw, 1287px\" \/><\/div><\/div><\/div><\/div><div class=\"flex_column av_one_full  flex_column_div av-zero-column-padding first  avia-builder-el-2  el_after_av_one_full  el_before_av_one_full  column-top-margin\" style='border-radius:0px; '><section class=\"av_textblock_section \"  itemscope=\"itemscope\" itemtype=\"https:\/\/schema.org\/BlogPosting\" itemprop=\"blogPost\" ><div class='avia_textblock  '   itemprop=\"text\" ><p style=\"text-align: center;\"><span style=\"font-size: 18pt;\"><b>Destacada participaci\u00f3n de deportistas aiseninos en Juegos Binacionales Para Araucan\u00eda<\/b><\/span><\/p>\n<div id=\"gtx-trans\" style=\"position: absolute; left: -50px; top: 4.31534px;\">\n<div class=\"gtx-trans-icon\"><\/div>\n<\/div>\n<\/div><\/section><\/div><div class=\"flex_column av_one_full  flex_column_div av-zero-column-padding first  avia-builder-el-4  el_after_av_one_full  el_before_av_hr  column-top-margin\" style='border-radius:0px; '><section class=\"av_textblock_section \"  itemscope=\"itemscope\" itemtype=\"https:\/\/schema.org\/BlogPosting\" itemprop=\"blogPost\" ><div class='avia_textblock  '   itemprop=\"text\" ><p class=\"v1MsoNormal\" style=\"text-align: justify;\">Cerca de \u00a0500 personas entre deportistas y sus equipos t\u00e9cnicos se dieron cita en los\u00a0Campos de Deportes \u00d1ielol entre el 2 y 6 de mayo en la II versi\u00f3n de los\u00a0Juegos Para Araucan\u00eda 2023, certamen chileno-argentino que forma parte de los Juegos Binacionales,\u00a0con una inversi\u00f3n una p\u00fablica de $270 millones, a trav\u00e9s del Instituto Nacional de Deportes.<\/p>\n<p class=\"v1MsoNormal\" style=\"text-align: justify;\">Nuestra delegaci\u00f3n integrada por 10 deportistas y cuerpo t\u00e9cnico obtuvo importantes resultados en las disciplinas de Para atletismo y Para nataci\u00f3n respectivamente.<\/p>\n<p class=\"v1MsoNormal\" style=\"text-align: justify;\">\u00abEstamos tremendamente orgullosos de nuestras y nuestros j\u00f3venes deportistas que participaron en la segunda edici\u00f3n de estos juegos entre pa\u00edses hermanos, no s\u00f3lo por los resultados obtenidos sino tambi\u00e9n por lo ganado como experiencia de vida, por entregarnos tanta alegr\u00eda y darnos c\u00e1tedra de actitud positiva, de la capacidad de superaci\u00f3n que cada cual demostr\u00f3 en este evento deportivo tan importante con rivales de gran nivel. Esto no hace m\u00e1s que \u00a0reafirmar nuestro compromiso como Gobierno del Presidente Gabriel Boric Font de seguir avanzando en deporte paral\u00edmpico e inclusi\u00f3n, de seguir brindando nuevas oportunidades, de seguir demostrando que la inversi\u00f3n m\u00e1s importante es la\u00a0inversi\u00f3n que se hace en las personas sin distinci\u00f3n. Hemos demostrado que tenemos una selecci\u00f3n potente y de ahora en m\u00e1s nos queda prepararnos tambi\u00e9n como regi\u00f3n para ser anfitriones de \u00a0los Juegos Para Araucan\u00eda el a\u00f1o 2027, lo que requiere necesariamente avances en materia de inclusi\u00f3n, desde infraestructura y equipamiento deportivo c\u00f3mo hotelero, pues hablamos de 500 personas que requerir\u00e1n de condiciones id\u00f3neas para hacer de este evento una experiencia positiva, \u00fanica e inolvidable\u00bb, se\u00f1al\u00f3 Mar\u00eda Eugenia Dur\u00e1n Jara, Seremi del Deporte Regi\u00f3n de Ays\u00e9n.<\/p>\n<p class=\"v1MsoNormal\" style=\"text-align: justify;\">Asimismo, Javier Medina Mella director regional (s) del Instituto Nacional de Deportes, quien acompa\u00f1\u00f3 a la delegaci\u00f3n hasta a la regi\u00f3n de la Araucan\u00eda precis\u00f3 \u00abestuvimos presentes como Direcci\u00f3n Regional con nuestros deportistas de Para Nataci\u00f3n y Para Atletismo, quienes obtuvieron 10 medallas, 5 de oro, 4 preseas de plata y un bronce; estamos muy contentos con los resultados que reflejan el trabajo mancomunado que hay detr\u00e1s no s\u00f3lo en la preparaci\u00f3n de los deportistas, tambi\u00e9n en la motivaci\u00f3n y el apoyo de sus familias que es fundamental\u00bb.<\/p>\n<p class=\"v1MsoNormal\" style=\"text-align: justify;\"><b><u>Integrantes y Resultados<\/u><\/b><\/p>\n<p class=\"v1MsoNormal\" style=\"text-align: justify;\"><b>Para Atletismo<\/b><\/p>\n<p class=\"v1MsoNormal\" style=\"text-align: justify;\">Javiera Avil\u00e9z Andrade, Deysi Elgueta Garrido (2\u00b0lugar 200 mts planos categor\u00eda T20), Constanza Godoy Aguilar, Iv\u00e1n Catal\u00e1n Arias (3er lugar 1.500 mts planos categor\u00eda T20), Alan Saldivia Ojeda, Rodrigo S\u00e1nchez Coliboro, Marco Tenorio P\u00e9rez, profesor\u00a0 Marcelo Rosas Mancilla y delegada Cecilia Gam\u00edn Chiguay.<\/p>\n<p class=\"v1MsoNormal\" style=\"text-align: justify;\"><b>Para Nataci\u00f3n<\/b><\/p>\n<p class=\"v1MsoNormal\" style=\"text-align: justify;\">Valentina Carre\u00f1o Cornejo (1\u00b0 lugar 25 mts. libre clase S5, 2\u00b0 lugar 50 mts. libre clase S5), Catalina Pozas Saldivia (1\u00b0 lugar 25 mts. libre clase S4, 1\u00b0 lugar 25 mts. espalda clase S4 y 1\u00b0 lugar 50 mts. libre clase S4), Nicol\u00e1s Jaque Bravo (2\u00b0 lugar 25 mts. libre clase S8, 1\u00b0 lugar 25 mts. Pecho clase s8, 2\u00b0 lugar 50 mts. Libre clase s8), profesor Rodrigo Reitter Valenzuela, delegada Cristina Saldivia Colim\u00e1n, funcionarios IND: Javier Medina Mella, Roberto Mu\u00f1oz Piut\u00edn, Mario Soto C\u00e1rdenas).<\/p>\n<\/div><\/section><\/div><div  style='height:50px' class='hr hr-invisible   avia-builder-el-6  el_after_av_one_full  el_before_av_social_share '><span class='hr-inner ' ><span class='hr-inner-style'><\/span><\/span><\/div><\/p>\n<div  class='av-social-sharing-box  avia-builder-el-7  el_after_av_hr  el_before_av_hr  '><div class='av-share-box'><h5 class='av-share-link-description av-no-toc '>Compartir esta noticia<\/h5><ul class='av-share-box-list noLightbox'><li class='av-share-link av-social-link-facebook' ><a target=\"_blank\" aria-label=\"Compartir en Facebook\" href='https:\/\/www.facebook.com\/sharer.php?u=https:\/\/radiorevelacionfm.cl\/?p=30807&#038;t=Destacada%20participaci%C3%B3n%20de%20deportistas%20aiseninos%20en%20Juegos%20Binacionales%20Para%20Araucan%C3%ADa' aria-hidden='false' data-av_icon='\ue8f3' data-av_iconfont='entypo-fontello' title='' data-avia-related-tooltip='Compartir en Facebook' rel=\"noopener\"><span class='avia_hidden_link_text'>Compartir en Facebook<\/span><\/a><\/li><li class='av-share-link av-social-link-twitter' ><a target=\"_blank\" aria-label=\"Compartir en Twitter\" href='https:\/\/twitter.com\/share?text=Destacada%20participaci%C3%B3n%20de%20deportistas%20aiseninos%20en%20Juegos%20Binacionales%20Para%20Araucan%C3%ADa&#038;url=https:\/\/radiorevelacionfm.cl\/?p=30807' aria-hidden='false' data-av_icon='\ue8f1' data-av_iconfont='entypo-fontello' title='' data-avia-related-tooltip='Compartir en Twitter' rel=\"noopener\"><span class='avia_hidden_link_text'>Compartir en Twitter<\/span><\/a><\/li><li class='av-share-link av-social-link-whatsapp' ><a target=\"_blank\" aria-label=\"Compartir en Whatsapp\" href='https:\/\/api.whatsapp.com\/send?text=https:\/\/radiorevelacionfm.cl\/?p=30807' aria-hidden='false' data-av_icon='\uf232' data-av_iconfont='entypo-fontello' title='' data-avia-related-tooltip='Compartir en Whatsapp' rel=\"noopener\"><span class='avia_hidden_link_text'>Compartir en Whatsapp<\/span><\/a><\/li><li class='av-share-link av-social-link-linkedin' ><a target=\"_blank\" aria-label=\"Compartir en LinkedIn\" href='https:\/\/linkedin.com\/shareArticle?mini=true&#038;title=Destacada%20participaci%C3%B3n%20de%20deportistas%20aiseninos%20en%20Juegos%20Binacionales%20Para%20Araucan%C3%ADa&#038;url=https:\/\/radiorevelacionfm.cl\/?p=30807' aria-hidden='false' data-av_icon='\ue8fc' data-av_iconfont='entypo-fontello' title='' data-avia-related-tooltip='Compartir en LinkedIn' rel=\"noopener\"><span class='avia_hidden_link_text'>Compartir en LinkedIn<\/span><\/a><\/li><li class='av-share-link av-social-link-mail' ><a  aria-label=\"Compartir por correo\" href='mailto:?subject=Destacada%20participaci%C3%B3n%20de%20deportistas%20aiseninos%20en%20Juegos%20Binacionales%20Para%20Araucan%C3%ADa&#038;body=https:\/\/radiorevelacionfm.cl\/?p=30807' aria-hidden='false' data-av_icon='\ue805' data-av_iconfont='entypo-fontello' title='' data-avia-related-tooltip='Compartir por correo'><span class='avia_hidden_link_text'>Compartir por correo<\/span><\/a><\/li><\/ul><\/div><\/div>\n<div  style='height:50px' class='hr hr-invisible   avia-builder-el-8  el_after_av_social_share  el_before_av_comments_list '><span class='hr-inner ' ><span class='hr-inner-style'><\/span><\/span><\/div>\n<div  class='av-buildercomment  av-blog-meta-html-info-disabled av-blog-meta-tag-disabled  '><\/div>\n","protected":false},"excerpt":{"rendered":"","protected":false},"author":1,"featured_media":30808,"comment_status":"open","ping_status":"open","sticky":false,"template":"","format":"standard","meta":{"footnotes":""},"categories":[40],"tags":[],"class_list":["post-30807","post","type-post","status-publish","format-standard","has-post-thumbnail","hentry","category-deportes"],"jetpack_featured_media_url":"https:\/\/radiorevelacionfm.cl\/wp-content\/uploads\/2023\/05\/4-15-1-2.jpeg","_links":{"self":[{"href":"https:\/\/radiorevelacionfm.cl\/index.php?rest_route=\/wp\/v2\/posts\/30807","targetHints":{"allow":["GET"]}}],"collection":[{"href":"https:\/\/radiorevelacionfm.cl\/index.php?rest_route=\/wp\/v2\/posts"}],"about":[{"href":"https:\/\/radiorevelacionfm.cl\/index.php?rest_route=\/wp\/v2\/types\/post"}],"author":[{"embeddable":true,"href":"https:\/\/radiorevelacionfm.cl\/index.php?rest_route=\/wp\/v2\/users\/1"}],"replies":[{"embeddable":true,"href":"https:\/\/radiorevelacionfm.cl\/index.php?rest_route=%2Fwp%2Fv2%2Fcomments&post=30807"}],"version-history":[{"count":1,"href":"https:\/\/radiorevelacionfm.cl\/index.php?rest_route=\/wp\/v2\/posts\/30807\/revisions"}],"predecessor-version":[{"id":30809,"href":"https:\/\/radiorevelacionfm.cl\/index.php?rest_route=\/wp\/v2\/posts\/30807\/revisions\/30809"}],"wp:featuredmedia":[{"embeddable":true,"href":"https:\/\/radiorevelacionfm.cl\/index.php?rest_route=\/wp\/v2\/media\/30808"}],"wp:attachment":[{"href":"https:\/\/radiorevelacionfm.cl\/index.php?rest_route=%2Fwp%2Fv2%2Fmedia&parent=30807"}],"wp:term":[{"taxonomy":"category","embeddable":true,"href":"https:\/\/radiorevelacionfm.cl\/index.php?rest_route=%2Fwp%2Fv2%2Fcategories&post=30807"},{"taxonomy":"post_tag","embeddable":true,"href":"https:\/\/radiorevelacionfm.cl\/index.php?rest_route=%2Fwp%2Fv2%2Ftags&post=30807"}],"curies":[{"name":"wp","href":"https:\/\/api.w.org\/{rel}","templated":true}]}}