{"id":30800,"date":"2023-05-08T17:59:50","date_gmt":"2023-05-08T20:59:50","guid":{"rendered":"https:\/\/radiorevelacionfm.cl\/?p=30800"},"modified":"2023-05-08T18:18:19","modified_gmt":"2023-05-08T21:18:19","slug":"juzgado-de-familia-de-coyhaique-capacita-a-funcionarios-del-sector-salud-respecto-de-tematicas-de-infancia","status":"publish","type":"post","link":"https:\/\/radiorevelacionfm.cl\/?p=30800","title":{"rendered":"Juzgado de Familia de Coyhaique capacita a funcionarios del sector salud respecto de tem\u00e1ticas de infancia"},"content":{"rendered":"<div class=\"flex_column av_one_full  flex_column_div av-zero-column-padding first  avia-builder-el-0  el_before_av_one_full  avia-builder-el-first  \" style='border-radius:0px; '><div  class='avia-image-container  av-styling-    avia-builder-el-1  avia-builder-el-no-sibling  avia-align-center '  itemprop=\"image\" itemscope=\"itemscope\" itemtype=\"https:\/\/schema.org\/ImageObject\"  ><div class='avia-image-container-inner'><div class='avia-image-overlay-wrap'><img decoding=\"async\" class='wp-image-30802 avia-img-lazy-loading-not-30802 avia_image' src=\"https:\/\/radiorevelacionfm.cl\/wp-content\/uploads\/2023\/05\/foto-02-2-1-3_optimized-1.jpg\" alt='' title='foto-02-(2)-(1)-(3)_optimized (1)' height=\"600\" width=\"1398\"  itemprop=\"thumbnailUrl\" srcset=\"https:\/\/radiorevelacionfm.cl\/wp-content\/uploads\/2023\/05\/foto-02-2-1-3_optimized-1.jpg 1398w, https:\/\/radiorevelacionfm.cl\/wp-content\/uploads\/2023\/05\/foto-02-2-1-3_optimized-1-300x129.jpg 300w, https:\/\/radiorevelacionfm.cl\/wp-content\/uploads\/2023\/05\/foto-02-2-1-3_optimized-1-1030x442.jpg 1030w, https:\/\/radiorevelacionfm.cl\/wp-content\/uploads\/2023\/05\/foto-02-2-1-3_optimized-1-768x330.jpg 768w, https:\/\/radiorevelacionfm.cl\/wp-content\/uploads\/2023\/05\/foto-02-2-1-3_optimized-1-705x303.jpg 705w, https:\/\/radiorevelacionfm.cl\/wp-content\/uploads\/2023\/05\/foto-02-2-1-3_optimized-1-450x193.jpg 450w, https:\/\/radiorevelacionfm.cl\/wp-content\/uploads\/2023\/05\/foto-02-2-1-3_optimized-1-600x258.jpg 600w\" sizes=\"(max-width: 1398px) 100vw, 1398px\" \/><\/div><\/div><\/div><\/div><div class=\"flex_column av_one_full  flex_column_div av-zero-column-padding first  avia-builder-el-2  el_after_av_one_full  el_before_av_one_full  column-top-margin\" style='border-radius:0px; '><section class=\"av_textblock_section \"  itemscope=\"itemscope\" itemtype=\"https:\/\/schema.org\/BlogPosting\" itemprop=\"blogPost\" ><div class='avia_textblock  '   itemprop=\"text\" ><p class=\"v1MsoNormal\" style=\"text-align: center;\"><span style=\"font-size: 18pt;\"><b>Juzgado de Familia de Coyhaique capacita a funcionarios del sector salud respecto de tem\u00e1ticas de infancia<\/b><\/span><\/p>\n<p class=\"v1MsoNormal\" style=\"text-align: center;\"><span style=\"font-size: 18pt;\"><b>\u00a0<\/b><\/span><\/p>\n<div id=\"gtx-trans\" style=\"position: absolute; left: -50px; top: 4.31534px;\">\n<div class=\"gtx-trans-icon\"><\/div>\n<\/div>\n<\/div><\/section><\/div><div class=\"flex_column av_one_full  flex_column_div av-zero-column-padding first  avia-builder-el-4  el_after_av_one_full  el_before_av_hr  column-top-margin\" style='border-radius:0px; '><section class=\"av_textblock_section \"  itemscope=\"itemscope\" itemtype=\"https:\/\/schema.org\/BlogPosting\" itemprop=\"blogPost\" ><div class='avia_textblock  '   itemprop=\"text\" ><p class=\"v1MsoNormal\" style=\"text-align: justify;\">En el contexto del acuerdo operativo existente entre el Poder Judicial y el Servicio de Salud Ays\u00e9n, la semana reci\u00e9n pasada se efectu\u00f3 una capacitaci\u00f3n para funcionarios de los Centros de Salud Familiar Alejandro Guti\u00e9rrez y V\u00edctor Domingo Silva de Coyhaique, instancia que tuvo como objetivo informar sobre las nuevas normativas en materia de familia, que inciden con el trabajo diario de estos profesionales.<\/p>\n<p class=\"v1MsoNormal\" style=\"text-align: justify;\">La actividad fue realizada en dependencias de la Corte de Apelaciones de Coyhaique y fue encabezada por el juez de familia Rudy Hald Ramirez, quien orient\u00f3 respecto a qu\u00e9 hacer en casos de vulneraci\u00f3n de derechos de ni\u00f1os, ni\u00f1as y adolescentes.<\/p>\n<p class=\"v1MsoNormal\" style=\"text-align: justify;\">\u00abEs important\u00edsimo mantener la coordinaci\u00f3n con la red como garante de derechos en materia de infancia. Estas instancias precisamente permiten conversar sobre los nudos cr\u00edticos que se van presentando en el d\u00eda a d\u00eda y as\u00ed podemos ir mejorando los canales de comunicaci\u00f3n, que son todas las acciones que estamos permanentemente tratando de desplegar para mejorar los est\u00e1ndares de protecci\u00f3n de los ni\u00f1os y adolescentes\u00bb, sostuvo el magistrado Hald.<\/p>\n<p class=\"v1MsoNormal\" style=\"text-align: justify;\">Sobre estos nudos cr\u00edticos indic\u00f3 que: \u00abEstos problemas radican principalmente con c\u00f3mo hacer llegar o en qu\u00e9 minuto hacer llegar los requerimientos al tribunal respecto de situaciones de vulneraci\u00f3n de los ni\u00f1os, ni\u00f1as y adolescentes y la emisi\u00f3n de informes cuando hay incumplimiento de las derivaciones. Y precisamente yo dir\u00eda que esas son las dos principales materias que se trataron de mejorar en esta reuni\u00f3n\u00bb.<\/p>\n<p class=\"v1MsoNormal\" style=\"text-align: justify;\">Por su parte, Antonella Trivi\u00f1o, directora del Consultorio V\u00edctor Domingo Silva, expres\u00f3 que \u00abnosotros como equipo de salud nos vemos en la necesidad de ser capacitados en esta \u00e1rea, ya que en formaci\u00f3n la verdad es que no se toca mucho, sin embargo, es un tema muy recurrente, existen muchas dudas en los equipos de salud o a veces temor e incertidumbre de qu\u00e9 es lo correcto o qu\u00e9 no es lo correcto. Entonces, desde esa necesidad surgi\u00f3 esta instancia,\u00a0 la cual ha sido de verdad muy provechosa y en general las coordinaciones que tenemos con con el equipo de ac\u00e1 de tribunales es muy facilitadora la verdad\u00bb.<\/p>\n<\/div><\/section><\/div><div  style='height:50px' class='hr hr-invisible   avia-builder-el-6  el_after_av_one_full  el_before_av_social_share '><span class='hr-inner ' ><span class='hr-inner-style'><\/span><\/span><\/div><\/p>\n<div  class='av-social-sharing-box  avia-builder-el-7  el_after_av_hr  el_before_av_hr  '><div class='av-share-box'><h5 class='av-share-link-description av-no-toc '>Compartir esta noticia<\/h5><ul class='av-share-box-list noLightbox'><li class='av-share-link av-social-link-facebook' ><a target=\"_blank\" aria-label=\"Compartir en Facebook\" href='https:\/\/www.facebook.com\/sharer.php?u=https:\/\/radiorevelacionfm.cl\/?p=30800&#038;t=Juzgado%20de%20Familia%20de%20Coyhaique%20capacita%20a%20funcionarios%20del%20sector%20salud%20respecto%20de%20tem%C3%A1ticas%20de%20infancia' aria-hidden='false' data-av_icon='\ue8f3' data-av_iconfont='entypo-fontello' title='' data-avia-related-tooltip='Compartir en Facebook' rel=\"noopener\"><span class='avia_hidden_link_text'>Compartir en Facebook<\/span><\/a><\/li><li class='av-share-link av-social-link-twitter' ><a target=\"_blank\" aria-label=\"Compartir en Twitter\" href='https:\/\/twitter.com\/share?text=Juzgado%20de%20Familia%20de%20Coyhaique%20capacita%20a%20funcionarios%20del%20sector%20salud%20respecto%20de%20tem%C3%A1ticas%20de%20infancia&#038;url=https:\/\/radiorevelacionfm.cl\/?p=30800' aria-hidden='false' data-av_icon='\ue8f1' data-av_iconfont='entypo-fontello' title='' data-avia-related-tooltip='Compartir en Twitter' rel=\"noopener\"><span class='avia_hidden_link_text'>Compartir en Twitter<\/span><\/a><\/li><li class='av-share-link av-social-link-whatsapp' ><a target=\"_blank\" aria-label=\"Compartir en Whatsapp\" href='https:\/\/api.whatsapp.com\/send?text=https:\/\/radiorevelacionfm.cl\/?p=30800' aria-hidden='false' data-av_icon='\uf232' data-av_iconfont='entypo-fontello' title='' data-avia-related-tooltip='Compartir en Whatsapp' rel=\"noopener\"><span class='avia_hidden_link_text'>Compartir en Whatsapp<\/span><\/a><\/li><li class='av-share-link av-social-link-linkedin' ><a target=\"_blank\" aria-label=\"Compartir en LinkedIn\" href='https:\/\/linkedin.com\/shareArticle?mini=true&#038;title=Juzgado%20de%20Familia%20de%20Coyhaique%20capacita%20a%20funcionarios%20del%20sector%20salud%20respecto%20de%20tem%C3%A1ticas%20de%20infancia&#038;url=https:\/\/radiorevelacionfm.cl\/?p=30800' aria-hidden='false' data-av_icon='\ue8fc' data-av_iconfont='entypo-fontello' title='' data-avia-related-tooltip='Compartir en LinkedIn' rel=\"noopener\"><span class='avia_hidden_link_text'>Compartir en LinkedIn<\/span><\/a><\/li><li class='av-share-link av-social-link-mail' ><a  aria-label=\"Compartir por correo\" href='mailto:?subject=Juzgado%20de%20Familia%20de%20Coyhaique%20capacita%20a%20funcionarios%20del%20sector%20salud%20respecto%20de%20tem%C3%A1ticas%20de%20infancia&#038;body=https:\/\/radiorevelacionfm.cl\/?p=30800' aria-hidden='false' data-av_icon='\ue805' data-av_iconfont='entypo-fontello' title='' data-avia-related-tooltip='Compartir por correo'><span class='avia_hidden_link_text'>Compartir por correo<\/span><\/a><\/li><\/ul><\/div><\/div>\n<div  style='height:50px' class='hr hr-invisible   avia-builder-el-8  el_after_av_social_share  el_before_av_comments_list '><span class='hr-inner ' ><span class='hr-inner-style'><\/span><\/span><\/div>\n<div  class='av-buildercomment  av-blog-meta-html-info-disabled av-blog-meta-tag-disabled  '><\/div>\n","protected":false},"excerpt":{"rendered":"","protected":false},"author":1,"featured_media":30802,"comment_status":"open","ping_status":"open","sticky":false,"template":"","format":"standard","meta":{"footnotes":""},"categories":[55],"tags":[],"class_list":["post-30800","post","type-post","status-publish","format-standard","has-post-thumbnail","hentry","category-justicia"],"jetpack_featured_media_url":"https:\/\/radiorevelacionfm.cl\/wp-content\/uploads\/2023\/05\/foto-02-2-1-3_optimized-1.jpg","_links":{"self":[{"href":"https:\/\/radiorevelacionfm.cl\/index.php?rest_route=\/wp\/v2\/posts\/30800","targetHints":{"allow":["GET"]}}],"collection":[{"href":"https:\/\/radiorevelacionfm.cl\/index.php?rest_route=\/wp\/v2\/posts"}],"about":[{"href":"https:\/\/radiorevelacionfm.cl\/index.php?rest_route=\/wp\/v2\/types\/post"}],"author":[{"embeddable":true,"href":"https:\/\/radiorevelacionfm.cl\/index.php?rest_route=\/wp\/v2\/users\/1"}],"replies":[{"embeddable":true,"href":"https:\/\/radiorevelacionfm.cl\/index.php?rest_route=%2Fwp%2Fv2%2Fcomments&post=30800"}],"version-history":[{"count":1,"href":"https:\/\/radiorevelacionfm.cl\/index.php?rest_route=\/wp\/v2\/posts\/30800\/revisions"}],"predecessor-version":[{"id":30803,"href":"https:\/\/radiorevelacionfm.cl\/index.php?rest_route=\/wp\/v2\/posts\/30800\/revisions\/30803"}],"wp:featuredmedia":[{"embeddable":true,"href":"https:\/\/radiorevelacionfm.cl\/index.php?rest_route=\/wp\/v2\/media\/30802"}],"wp:attachment":[{"href":"https:\/\/radiorevelacionfm.cl\/index.php?rest_route=%2Fwp%2Fv2%2Fmedia&parent=30800"}],"wp:term":[{"taxonomy":"category","embeddable":true,"href":"https:\/\/radiorevelacionfm.cl\/index.php?rest_route=%2Fwp%2Fv2%2Fcategories&post=30800"},{"taxonomy":"post_tag","embeddable":true,"href":"https:\/\/radiorevelacionfm.cl\/index.php?rest_route=%2Fwp%2Fv2%2Ftags&post=30800"}],"curies":[{"name":"wp","href":"https:\/\/api.w.org\/{rel}","templated":true}]}}