{"id":30797,"date":"2023-05-08T16:50:15","date_gmt":"2023-05-08T19:50:15","guid":{"rendered":"https:\/\/radiorevelacionfm.cl\/?p=30797"},"modified":"2023-05-08T16:50:15","modified_gmt":"2023-05-08T19:50:15","slug":"dirigentes-de-aysen-rechazan-nombramiento-de-jorge-diaz-como-delegado-presidencial","status":"publish","type":"post","link":"https:\/\/radiorevelacionfm.cl\/?p=30797","title":{"rendered":"Dirigentes de Ays\u00e9n rechazan nombramiento de Jorge D\u00edaz como Delegado Presidencial"},"content":{"rendered":"<div class=\"flex_column av_one_full  flex_column_div av-zero-column-padding first  avia-builder-el-0  el_before_av_one_full  avia-builder-el-first  \" style='border-radius:0px; '><div  class='avia-image-container  av-styling-    avia-builder-el-1  avia-builder-el-no-sibling  avia-align-center '  itemprop=\"image\" itemscope=\"itemscope\" itemtype=\"https:\/\/schema.org\/ImageObject\"  ><div class='avia-image-container-inner'><div class='avia-image-overlay-wrap'><img decoding=\"async\" class='wp-image-30798 avia-img-lazy-loading-not-30798 avia_image' src=\"https:\/\/radiorevelacionfm.cl\/wp-content\/uploads\/2023\/05\/foto_Jorge-Diaz-1-1.jpg\" alt='' title='foto_Jorge Diaz (1) (1)' height=\"600\" width=\"1066\"  itemprop=\"thumbnailUrl\" srcset=\"https:\/\/radiorevelacionfm.cl\/wp-content\/uploads\/2023\/05\/foto_Jorge-Diaz-1-1.jpg 1066w, https:\/\/radiorevelacionfm.cl\/wp-content\/uploads\/2023\/05\/foto_Jorge-Diaz-1-1-300x169.jpg 300w, https:\/\/radiorevelacionfm.cl\/wp-content\/uploads\/2023\/05\/foto_Jorge-Diaz-1-1-1030x580.jpg 1030w, https:\/\/radiorevelacionfm.cl\/wp-content\/uploads\/2023\/05\/foto_Jorge-Diaz-1-1-768x432.jpg 768w, https:\/\/radiorevelacionfm.cl\/wp-content\/uploads\/2023\/05\/foto_Jorge-Diaz-1-1-705x397.jpg 705w, https:\/\/radiorevelacionfm.cl\/wp-content\/uploads\/2023\/05\/foto_Jorge-Diaz-1-1-450x253.jpg 450w, https:\/\/radiorevelacionfm.cl\/wp-content\/uploads\/2023\/05\/foto_Jorge-Diaz-1-1-600x338.jpg 600w\" sizes=\"(max-width: 1066px) 100vw, 1066px\" \/><\/div><\/div><\/div><\/div><div class=\"flex_column av_one_full  flex_column_div av-zero-column-padding first  avia-builder-el-2  el_after_av_one_full  el_before_av_one_full  column-top-margin\" style='border-radius:0px; '><section class=\"av_textblock_section \"  itemscope=\"itemscope\" itemtype=\"https:\/\/schema.org\/BlogPosting\" itemprop=\"blogPost\" ><div class='avia_textblock  '   itemprop=\"text\" ><p style=\"text-align: center;\"><strong><span style=\"font-size: 18pt;\">Dirigentes de Ays\u00e9n rechazan nombramiento de Jorge D\u00edaz como Delegado Presidencial<\/span><\/strong><\/p>\n<div id=\"gtx-trans\" style=\"position: absolute; left: -50px; top: 4.31534px;\">\n<div class=\"gtx-trans-icon\"><\/div>\n<\/div>\n<\/div><\/section><\/div><div class=\"flex_column av_one_full  flex_column_div av-zero-column-padding first  avia-builder-el-4  el_after_av_one_full  el_before_av_hr  column-top-margin\" style='border-radius:0px; '><section class=\"av_textblock_section \"  itemscope=\"itemscope\" itemtype=\"https:\/\/schema.org\/BlogPosting\" itemprop=\"blogPost\" ><div class='avia_textblock  '   itemprop=\"text\" ><p style=\"text-align: justify;\">El pasado viernes se inform\u00f3 a trav\u00e9s de un comunicado la designaci\u00f3n del delegado presidencial de Ays\u00e9n, Jorge D\u00edaz Guzm\u00e1n, la cual gener\u00f3 molestia y rechazo en miembros de la comunidad aysenina.<\/p>\n<p style=\"text-align: justify;\">Juan Pablo Mayorga, presidente de la Junta de vecinos N\u00b0 14 de Villa Ma\u00f1ihuales, expres\u00f3:<\/p>\n<p style=\"text-align: justify;\">\u201cQueremos demostrar nuestra desconformidad con la elecci\u00f3n del delegado presidencial provincial, la verdad es que esper\u00e1bamos que por lo menos sea una persona de la comuna, nos sentimos muy tristes, este tipo de cosas se han ido repitiendo a lo largo de este gobierno, no deber\u00eda haber mayores errores en estas cosas, sabemos que el ex delegado Salfate dej\u00f3 la vara muy alta, creemos que una persona, que no es de Ays\u00e9n sea capaz de gestionar ya que no conoce el territorio\u201d.<\/p>\n<p style=\"text-align: justify;\">Patricio Chiguay, presidente de la agrupaci\u00f3n de Ays\u00e9n \u201cSembrando sue\u00f1os\u201d, rechaza categ\u00f3ricamente la designaci\u00f3n a dedo una vez m\u00e1s de un afuerino, \u201cNos sentimos totalmente pisoteados, despreciados, el gobierno central no mira las provincias y comunas con respeto a sus habitantes, independiente de su partido pol\u00edtico, creemos que el delegado o delegada presidencial debiera ser del territorio de Ays\u00e9n, un vecino de nuestra ciudad, no as\u00ed una persona que viajara toda los d\u00edas de la ciudad de Coyhaique. Estamos cansados que todo quede en Coyhaique, por \u00faltimo sabemos que en Ays\u00e9n existen profesionales capaces de asumir este tremendo desaf\u00edo y no fue considerado por el gobierno, somos la provincia que sostiene econ\u00f3micamente la regi\u00f3n, sacaremos la voz porque estas cosas no pueden pasar, queremos escuchar a nuestra Senadora y Gobernadora que siempre hablan de descentralizaci\u00f3n y de renovaci\u00f3n de la pol\u00edtica, esperamos que nuestro Presidente Boric escuche el territorio y cambie la designaci\u00f3n\u201d.<\/p>\n<p style=\"text-align: justify;\">Desde Puerto Chacabuco, la dirigente social Aide Almonacid indic\u00f3 \u201cNo estamos de acuerdo con este nombramiento, no representa a nuestra gente, queremos alguien de nuestro territorio, no alguien que viene de Coyhaique y desconoce nuestras necesidades y realidad, tenemos gente preparada en Ays\u00e9n, es tiempo de gente joven con ideas nuevas\u201d.<\/p>\n<p style=\"text-align: justify;\">Por \u00faltimo la presidenta de la junta de vecinos Antonio Michelato de Ays\u00e9n, Silvia Chiguay;\u00a0 \u201cQuiero expresar mi molestia, la desconformidad de muchos y muchas, al traer un delegado que es de Coyhaique, creo que el centralismo se est\u00e1 centrando en Coyhaique, lamento que sea su amistad con otras autoridades ausentes en el territorio, como la gobernadora. Sabemos que \u00e9l fue Seremi del gobierno de la presidenta Bachelet, tiempo en el cual fue un seremi nefasto. No estamos de acuerdo los ayseninos con esta persona, queremos que se venga a vivir Ays\u00e9n que se ponga cuero de chancho y las botas de goma, porque no queremos una autoridad de paseo, ya que si hay lluvias, inundaciones. La autoridad debe estar a la hora que sea, lamentamos que este cambio sea en desmedro de nosotros como ayseninos, nuestro antiguo delegado siempre estuvo presente y en terreno a la hora que sea\u00bb.<\/p>\n<\/div><\/section><\/div><div  style='height:50px' class='hr hr-invisible   avia-builder-el-6  el_after_av_one_full  el_before_av_social_share '><span class='hr-inner ' ><span class='hr-inner-style'><\/span><\/span><\/div><\/p>\n<div  class='av-social-sharing-box  avia-builder-el-7  el_after_av_hr  el_before_av_hr  '><div class='av-share-box'><h5 class='av-share-link-description av-no-toc '>Compartir esta noticia<\/h5><ul class='av-share-box-list noLightbox'><li class='av-share-link av-social-link-facebook' ><a target=\"_blank\" aria-label=\"Compartir en Facebook\" href='https:\/\/www.facebook.com\/sharer.php?u=https:\/\/radiorevelacionfm.cl\/?p=30797&#038;t=Dirigentes%20de%20Ays%C3%A9n%20rechazan%20nombramiento%20de%20Jorge%20D%C3%ADaz%20como%20Delegado%20Presidencial' aria-hidden='false' data-av_icon='\ue8f3' data-av_iconfont='entypo-fontello' title='' data-avia-related-tooltip='Compartir en Facebook' rel=\"noopener\"><span class='avia_hidden_link_text'>Compartir en Facebook<\/span><\/a><\/li><li class='av-share-link av-social-link-twitter' ><a target=\"_blank\" aria-label=\"Compartir en Twitter\" href='https:\/\/twitter.com\/share?text=Dirigentes%20de%20Ays%C3%A9n%20rechazan%20nombramiento%20de%20Jorge%20D%C3%ADaz%20como%20Delegado%20Presidencial&#038;url=https:\/\/radiorevelacionfm.cl\/?p=30797' aria-hidden='false' data-av_icon='\ue8f1' data-av_iconfont='entypo-fontello' title='' data-avia-related-tooltip='Compartir en Twitter' rel=\"noopener\"><span class='avia_hidden_link_text'>Compartir en Twitter<\/span><\/a><\/li><li class='av-share-link av-social-link-whatsapp' ><a target=\"_blank\" aria-label=\"Compartir en Whatsapp\" href='https:\/\/api.whatsapp.com\/send?text=https:\/\/radiorevelacionfm.cl\/?p=30797' aria-hidden='false' data-av_icon='\uf232' data-av_iconfont='entypo-fontello' title='' data-avia-related-tooltip='Compartir en Whatsapp' rel=\"noopener\"><span class='avia_hidden_link_text'>Compartir en Whatsapp<\/span><\/a><\/li><li class='av-share-link av-social-link-linkedin' ><a target=\"_blank\" aria-label=\"Compartir en LinkedIn\" href='https:\/\/linkedin.com\/shareArticle?mini=true&#038;title=Dirigentes%20de%20Ays%C3%A9n%20rechazan%20nombramiento%20de%20Jorge%20D%C3%ADaz%20como%20Delegado%20Presidencial&#038;url=https:\/\/radiorevelacionfm.cl\/?p=30797' aria-hidden='false' data-av_icon='\ue8fc' data-av_iconfont='entypo-fontello' title='' data-avia-related-tooltip='Compartir en LinkedIn' rel=\"noopener\"><span class='avia_hidden_link_text'>Compartir en LinkedIn<\/span><\/a><\/li><li class='av-share-link av-social-link-mail' ><a  aria-label=\"Compartir por correo\" href='mailto:?subject=Dirigentes%20de%20Ays%C3%A9n%20rechazan%20nombramiento%20de%20Jorge%20D%C3%ADaz%20como%20Delegado%20Presidencial&#038;body=https:\/\/radiorevelacionfm.cl\/?p=30797' aria-hidden='false' data-av_icon='\ue805' data-av_iconfont='entypo-fontello' title='' data-avia-related-tooltip='Compartir por correo'><span class='avia_hidden_link_text'>Compartir por correo<\/span><\/a><\/li><\/ul><\/div><\/div>\n<div  style='height:50px' class='hr hr-invisible   avia-builder-el-8  el_after_av_social_share  el_before_av_comments_list '><span class='hr-inner ' ><span class='hr-inner-style'><\/span><\/span><\/div>\n<div  class='av-buildercomment  av-blog-meta-html-info-disabled av-blog-meta-tag-disabled  '><\/div>\n","protected":false},"excerpt":{"rendered":"","protected":false},"author":1,"featured_media":30798,"comment_status":"open","ping_status":"open","sticky":false,"template":"","format":"standard","meta":{"footnotes":""},"categories":[38],"tags":[],"class_list":["post-30797","post","type-post","status-publish","format-standard","has-post-thumbnail","hentry","category-regional"],"jetpack_featured_media_url":"https:\/\/radiorevelacionfm.cl\/wp-content\/uploads\/2023\/05\/foto_Jorge-Diaz-1-1.jpg","_links":{"self":[{"href":"https:\/\/radiorevelacionfm.cl\/index.php?rest_route=\/wp\/v2\/posts\/30797","targetHints":{"allow":["GET"]}}],"collection":[{"href":"https:\/\/radiorevelacionfm.cl\/index.php?rest_route=\/wp\/v2\/posts"}],"about":[{"href":"https:\/\/radiorevelacionfm.cl\/index.php?rest_route=\/wp\/v2\/types\/post"}],"author":[{"embeddable":true,"href":"https:\/\/radiorevelacionfm.cl\/index.php?rest_route=\/wp\/v2\/users\/1"}],"replies":[{"embeddable":true,"href":"https:\/\/radiorevelacionfm.cl\/index.php?rest_route=%2Fwp%2Fv2%2Fcomments&post=30797"}],"version-history":[{"count":1,"href":"https:\/\/radiorevelacionfm.cl\/index.php?rest_route=\/wp\/v2\/posts\/30797\/revisions"}],"predecessor-version":[{"id":30799,"href":"https:\/\/radiorevelacionfm.cl\/index.php?rest_route=\/wp\/v2\/posts\/30797\/revisions\/30799"}],"wp:featuredmedia":[{"embeddable":true,"href":"https:\/\/radiorevelacionfm.cl\/index.php?rest_route=\/wp\/v2\/media\/30798"}],"wp:attachment":[{"href":"https:\/\/radiorevelacionfm.cl\/index.php?rest_route=%2Fwp%2Fv2%2Fmedia&parent=30797"}],"wp:term":[{"taxonomy":"category","embeddable":true,"href":"https:\/\/radiorevelacionfm.cl\/index.php?rest_route=%2Fwp%2Fv2%2Fcategories&post=30797"},{"taxonomy":"post_tag","embeddable":true,"href":"https:\/\/radiorevelacionfm.cl\/index.php?rest_route=%2Fwp%2Fv2%2Ftags&post=30797"}],"curies":[{"name":"wp","href":"https:\/\/api.w.org\/{rel}","templated":true}]}}