{"id":30791,"date":"2023-05-08T12:17:12","date_gmt":"2023-05-08T15:17:12","guid":{"rendered":"https:\/\/radiorevelacionfm.cl\/?p=30791"},"modified":"2023-05-08T12:17:12","modified_gmt":"2023-05-08T15:17:12","slug":"emprendedores-as-locales-participan-en-nueva-vitrina-digital-del-fosis-para-el-dia-de-la-madre","status":"publish","type":"post","link":"https:\/\/radiorevelacionfm.cl\/?p=30791","title":{"rendered":"Emprendedores\/as locales participan en nueva vitrina digital del FOSIS para el D\u00eda de la Madre"},"content":{"rendered":"<div class=\"flex_column av_one_full  flex_column_div av-zero-column-padding first  avia-builder-el-0  el_before_av_one_full  avia-builder-el-first  \" style='border-radius:0px; '><div  class='avia-image-container  av-styling-    avia-builder-el-1  avia-builder-el-no-sibling  avia-align-center '  itemprop=\"image\" itemscope=\"itemscope\" itemtype=\"https:\/\/schema.org\/ImageObject\"  ><div class='avia-image-container-inner'><div class='avia-image-overlay-wrap'><img decoding=\"async\" class='wp-image-30792 avia-img-lazy-loading-not-30792 avia_image' src=\"https:\/\/radiorevelacionfm.cl\/wp-content\/uploads\/2023\/05\/cyber-fosis-mama-1-1_optimized.jpg\" alt='' title='cyber-fosis-mam\u00e1-1-(1)_optimized' height=\"600\" width=\"1066\"  itemprop=\"thumbnailUrl\" srcset=\"https:\/\/radiorevelacionfm.cl\/wp-content\/uploads\/2023\/05\/cyber-fosis-mama-1-1_optimized.jpg 1066w, https:\/\/radiorevelacionfm.cl\/wp-content\/uploads\/2023\/05\/cyber-fosis-mama-1-1_optimized-300x169.jpg 300w, https:\/\/radiorevelacionfm.cl\/wp-content\/uploads\/2023\/05\/cyber-fosis-mama-1-1_optimized-1030x580.jpg 1030w, https:\/\/radiorevelacionfm.cl\/wp-content\/uploads\/2023\/05\/cyber-fosis-mama-1-1_optimized-768x432.jpg 768w, https:\/\/radiorevelacionfm.cl\/wp-content\/uploads\/2023\/05\/cyber-fosis-mama-1-1_optimized-705x397.jpg 705w, https:\/\/radiorevelacionfm.cl\/wp-content\/uploads\/2023\/05\/cyber-fosis-mama-1-1_optimized-450x253.jpg 450w, https:\/\/radiorevelacionfm.cl\/wp-content\/uploads\/2023\/05\/cyber-fosis-mama-1-1_optimized-600x338.jpg 600w\" sizes=\"(max-width: 1066px) 100vw, 1066px\" \/><\/div><\/div><\/div><\/div><div class=\"flex_column av_one_full  flex_column_div av-zero-column-padding first  avia-builder-el-2  el_after_av_one_full  el_before_av_one_full  column-top-margin\" style='border-radius:0px; '><section class=\"av_textblock_section \"  itemscope=\"itemscope\" itemtype=\"https:\/\/schema.org\/BlogPosting\" itemprop=\"blogPost\" ><div class='avia_textblock  '   itemprop=\"text\" ><p style=\"text-align: center;\"><span style=\"font-size: 18pt;\"><strong>Emprendedores\/as locales participan en nueva vitrina digital del FOSIS para el D\u00eda de la Madre<\/strong><\/span><\/p>\n<div id=\"gtx-trans\" style=\"position: absolute; left: -50px; top: 4.31534px;\">\n<div class=\"gtx-trans-icon\"><\/div>\n<\/div>\n<\/div><\/section><\/div><div class=\"flex_column av_one_full  flex_column_div av-zero-column-padding first  avia-builder-el-4  el_after_av_one_full  el_before_av_hr  column-top-margin\" style='border-radius:0px; '><section class=\"av_textblock_section \"  itemscope=\"itemscope\" itemtype=\"https:\/\/schema.org\/BlogPosting\" itemprop=\"blogPost\" ><div class='avia_textblock  '   itemprop=\"text\" ><p style=\"text-align: justify;\">Hasta el estudio de <em>Allis Nail<\/em> en Coyhaique, lleg\u00f3 la Directora Regional del FOSIS, Fernanda Leiva, acompa\u00f1ada de la Seremi de Desarrollo Social y Familia, Karina Acevedo, para conocer a Tamara Abarca, emprendedora que se desempe\u00f1a en el rubro de la belleza como manicurista profesional y cosmet\u00f3loga certificada.<\/p>\n<p style=\"text-align: justify;\">Para celebrar el D\u00eda de la Madre, el Fondo de Solidaridad e Inversi\u00f3n Social, FOSIS, habilit\u00f3 en su sitio web una nueva versi\u00f3n de CyberFOSIS, donde m\u00e1s de 300 emprendimientos de todo el pa\u00eds y 25 de la regi\u00f3n de Ays\u00e9n, ofrecen regalos y productos para la ocasi\u00f3n.<\/p>\n<p style=\"text-align: justify;\">Tamara Abraca, emprendedora de Coyhaique que participa de esta nueva vitrina digital del FOSIS para el D\u00eda de la Madre, destac\u00f3 positivamente su experiencia con FOSIS, junto con promocionar su servicio. \u201cLos invito a todos a seguir el Cyber FOSIS D\u00eda de la Madre, tenemos excelentes descuentos del 15% en <em>Allis Nail<\/em>, tenemos gift card para que la puedan regalar el D\u00eda de la Mam\u00e1 para celebrar a la reina de la casa, que es la que est\u00e1n con nosotros todos los d\u00edas y se merece lo mejor\u201d.<\/p>\n<p style=\"text-align: justify;\">La Directora Regional del FOSIS, Fernanda Leiva, hizo un llamado a seguir apoyando el emprendimiento local y visitar este Cyber FOSIS. \u201cQueremos invitarlos a todos y todas a entrar en la p\u00e1gina del FOSIS <a href=\"http:\/\/www.fosis.gob.cl\">www.fosis.gob.cl<\/a> o www.cyberfosis.cl, para que puedan conocer los emprendimientos de 25 exponentes de la regi\u00f3n de Ays\u00e9n, que est\u00e1n participando de esta feria virtual para ofrecer sus productos y servicios hasta el 14 de mayo. Los invitamos a vitrinear virtualmente y comprar alg\u00fan regalo para sus mam\u00e1s en esta fecha tan especial\u201d.<\/p>\n<p style=\"text-align: justify;\">Karina Acevedo, Seremi de Desarrollo Social y Familia, destac\u00f3 esta iniciativa y asegur\u00f3 que es importante para \u201cpromover a nuestros emprendedores locales y contribuir al desarrollo de la seguridad econ\u00f3mica dentro del territorio. Como Ministerio de Desarrollo Social y Familia estamos tremendamente contentos de esta idea innovadora que impulsa el FOSIS en la regi\u00f3n de Ays\u00e9n y a lo largo de todo Chile. Invitamos a sumarse a este Cyber FOSIS D\u00eda de la Madre y apoya el emprendimiento local.<\/p>\n<p style=\"text-align: justify;\">Dentro de los productos que ofrece este Cyber FOSIS se encuentran accesorios, artesan\u00eda, salud y belleza, art\u00edculos de hogar, mundo infantil, vestuario y calzado y gourmet, los que en algunos casos tienen despacho a todo Chile, mientras que otros solo a nivel regional.<\/p>\n<p style=\"text-align: justify;\">Todos los emprendimientos de Cyber FOSIS se encuentran disponibles en\u00a0<a href=\"http:\/\/www.fosis.gob.cl\/\">www.fosis.gob.cl<\/a>\u00a0o en\u00a0<a href=\"http:\/\/www.cyberfosis.cl\/\">www.cyberfosis.cl<\/a>\u00a0hasta el domingo 14 de mayo.<\/p>\n<\/div><\/section><\/div><div  style='height:50px' class='hr hr-invisible   avia-builder-el-6  el_after_av_one_full  el_before_av_social_share '><span class='hr-inner ' ><span class='hr-inner-style'><\/span><\/span><\/div><\/p>\n<div  class='av-social-sharing-box  avia-builder-el-7  el_after_av_hr  el_before_av_hr  '><div class='av-share-box'><h5 class='av-share-link-description av-no-toc '>Compartir esta noticia<\/h5><ul class='av-share-box-list noLightbox'><li class='av-share-link av-social-link-facebook' ><a target=\"_blank\" aria-label=\"Compartir en Facebook\" href='https:\/\/www.facebook.com\/sharer.php?u=https:\/\/radiorevelacionfm.cl\/?p=30791&#038;t=Emprendedores%2Fas%20locales%20participan%20en%20nueva%20vitrina%20digital%20del%20FOSIS%20para%20el%20D%C3%ADa%20de%20la%20Madre' aria-hidden='false' data-av_icon='\ue8f3' data-av_iconfont='entypo-fontello' title='' data-avia-related-tooltip='Compartir en Facebook' rel=\"noopener\"><span class='avia_hidden_link_text'>Compartir en Facebook<\/span><\/a><\/li><li class='av-share-link av-social-link-twitter' ><a target=\"_blank\" aria-label=\"Compartir en Twitter\" href='https:\/\/twitter.com\/share?text=Emprendedores%2Fas%20locales%20participan%20en%20nueva%20vitrina%20digital%20del%20FOSIS%20para%20el%20D%C3%ADa%20de%20la%20Madre&#038;url=https:\/\/radiorevelacionfm.cl\/?p=30791' aria-hidden='false' data-av_icon='\ue8f1' data-av_iconfont='entypo-fontello' title='' data-avia-related-tooltip='Compartir en Twitter' rel=\"noopener\"><span class='avia_hidden_link_text'>Compartir en Twitter<\/span><\/a><\/li><li class='av-share-link av-social-link-whatsapp' ><a target=\"_blank\" aria-label=\"Compartir en Whatsapp\" href='https:\/\/api.whatsapp.com\/send?text=https:\/\/radiorevelacionfm.cl\/?p=30791' aria-hidden='false' data-av_icon='\uf232' data-av_iconfont='entypo-fontello' title='' data-avia-related-tooltip='Compartir en Whatsapp' rel=\"noopener\"><span class='avia_hidden_link_text'>Compartir en Whatsapp<\/span><\/a><\/li><li class='av-share-link av-social-link-linkedin' ><a target=\"_blank\" aria-label=\"Compartir en LinkedIn\" href='https:\/\/linkedin.com\/shareArticle?mini=true&#038;title=Emprendedores%2Fas%20locales%20participan%20en%20nueva%20vitrina%20digital%20del%20FOSIS%20para%20el%20D%C3%ADa%20de%20la%20Madre&#038;url=https:\/\/radiorevelacionfm.cl\/?p=30791' aria-hidden='false' data-av_icon='\ue8fc' data-av_iconfont='entypo-fontello' title='' data-avia-related-tooltip='Compartir en LinkedIn' rel=\"noopener\"><span class='avia_hidden_link_text'>Compartir en LinkedIn<\/span><\/a><\/li><li class='av-share-link av-social-link-mail' ><a  aria-label=\"Compartir por correo\" href='mailto:?subject=Emprendedores%2Fas%20locales%20participan%20en%20nueva%20vitrina%20digital%20del%20FOSIS%20para%20el%20D%C3%ADa%20de%20la%20Madre&#038;body=https:\/\/radiorevelacionfm.cl\/?p=30791' aria-hidden='false' data-av_icon='\ue805' data-av_iconfont='entypo-fontello' title='' data-avia-related-tooltip='Compartir por correo'><span class='avia_hidden_link_text'>Compartir por correo<\/span><\/a><\/li><\/ul><\/div><\/div>\n<div  style='height:50px' class='hr hr-invisible   avia-builder-el-8  el_after_av_social_share  el_before_av_comments_list '><span class='hr-inner ' ><span class='hr-inner-style'><\/span><\/span><\/div>\n<div  class='av-buildercomment  av-blog-meta-html-info-disabled av-blog-meta-tag-disabled  '><\/div>\n","protected":false},"excerpt":{"rendered":"","protected":false},"author":1,"featured_media":30792,"comment_status":"open","ping_status":"open","sticky":false,"template":"","format":"standard","meta":{"footnotes":""},"categories":[38],"tags":[],"class_list":["post-30791","post","type-post","status-publish","format-standard","has-post-thumbnail","hentry","category-regional"],"jetpack_featured_media_url":"https:\/\/radiorevelacionfm.cl\/wp-content\/uploads\/2023\/05\/cyber-fosis-mama-1-1_optimized.jpg","_links":{"self":[{"href":"https:\/\/radiorevelacionfm.cl\/index.php?rest_route=\/wp\/v2\/posts\/30791","targetHints":{"allow":["GET"]}}],"collection":[{"href":"https:\/\/radiorevelacionfm.cl\/index.php?rest_route=\/wp\/v2\/posts"}],"about":[{"href":"https:\/\/radiorevelacionfm.cl\/index.php?rest_route=\/wp\/v2\/types\/post"}],"author":[{"embeddable":true,"href":"https:\/\/radiorevelacionfm.cl\/index.php?rest_route=\/wp\/v2\/users\/1"}],"replies":[{"embeddable":true,"href":"https:\/\/radiorevelacionfm.cl\/index.php?rest_route=%2Fwp%2Fv2%2Fcomments&post=30791"}],"version-history":[{"count":1,"href":"https:\/\/radiorevelacionfm.cl\/index.php?rest_route=\/wp\/v2\/posts\/30791\/revisions"}],"predecessor-version":[{"id":30793,"href":"https:\/\/radiorevelacionfm.cl\/index.php?rest_route=\/wp\/v2\/posts\/30791\/revisions\/30793"}],"wp:featuredmedia":[{"embeddable":true,"href":"https:\/\/radiorevelacionfm.cl\/index.php?rest_route=\/wp\/v2\/media\/30792"}],"wp:attachment":[{"href":"https:\/\/radiorevelacionfm.cl\/index.php?rest_route=%2Fwp%2Fv2%2Fmedia&parent=30791"}],"wp:term":[{"taxonomy":"category","embeddable":true,"href":"https:\/\/radiorevelacionfm.cl\/index.php?rest_route=%2Fwp%2Fv2%2Fcategories&post=30791"},{"taxonomy":"post_tag","embeddable":true,"href":"https:\/\/radiorevelacionfm.cl\/index.php?rest_route=%2Fwp%2Fv2%2Ftags&post=30791"}],"curies":[{"name":"wp","href":"https:\/\/api.w.org\/{rel}","templated":true}]}}